{"id":129319,"date":"2020-07-08T10:00:00","date_gmt":"2020-07-08T13:00:00","guid":{"rendered":"https:\/\/grandepremio.com\/br\/noticias\/com-fim-de-semana-irretocavel-bottas-e-candidato-ao-titulo-jornalistas-debatem\/"},"modified":"2020-07-07T19:05:41","modified_gmt":"2020-07-07T22:05:41","slug":"com-fim-de-semana-irretocavel-bottas-e-candidato-ao-titulo-jornalistas-debatem","status":"publish","type":"post","link":"https:\/\/grandepremio.com\/br\/f1\/com-fim-de-semana-irretocavel-bottas-e-candidato-ao-titulo-jornalistas-debatem\/","title":{"rendered":"Com fim de semana irretoc\u00e1vel, Bottas \u00e9 candidato ao t\u00edtulo? Jornalistas debatem"},"content":{"rendered":"\n<p class=\"wp-block-paragraph\">A vit\u00f3ria de Valtteri Bottas no GP da \u00c1ustria foi perfeita. Da \u00f3tima volta na classifica\u00e7\u00e3o at\u00e9 o dom\u00ednio no domingo, o finland\u00eas n\u00e3o cometeu grandes erros e saiu na frente do campeonato. Mas isso o coloca como favorito ao t\u00edtulo? O Paddock GP #204 discutiu o assunto.<\/p>\n\n\n\n<p class=\"wp-block-paragraph\"><strong>Assista ao trecho abaixo:<\/strong><\/p>\n\n\n\n<figure class=\"wp-block-embed-youtube wp-block-embed is-type-video is-provider-youtube wp-embed-aspect-16-9 wp-has-aspect-ratio\"><div class=\"wp-block-embed__wrapper\">\n<iframe loading=\"lazy\" title=\"A maluca F1 na \u00c1ustria e as vit\u00f3rias de Bottas, Dixon e Drugovich | Paddock GP #204\" width=\"500\" height=\"281\" src=\"https:\/\/www.youtube.com\/embed\/SCi29t7iAoM?start=5522&amp;feature=oembed\" frameborder=\"0\" allow=\"accelerometer; autoplay; clipboard-write; encrypted-media; gyroscope; picture-in-picture; web-share\" referrerpolicy=\"strict-origin-when-cross-origin\" allowfullscreen><\/iframe>\n<\/div><\/figure>\n\n\n","protected":false},"excerpt":{"rendered":"<p>Pole e vit\u00f3ria na abertura da temporada colocaram Valtteri Bottas na lideran\u00e7a do campeonato, mas o deixam na briga pelo t\u00edtulo? Ou ainda \u00e9 cedo demais? O assunto foi discutido no Paddock GP #204<\/p>\n","protected":false},"author":0,"featured_media":1000392720,"comment_status":"closed","ping_status":"closed","sticky":false,"template":"","format":"standard","meta":{"42wp_featured_image_caption":"","42wp_featured_image_credits":"","42wp_featured_video":"","42wp_featured_image_hidden":false,"42wp_authors_list":[],"footnotes":""},"categories":[2],"tags":[118,24837,24860,1537,25402,612],"42wp_author":[47109],"class_list":["post-129319","post","type-post","status-publish","format-standard","has-post-thumbnail","hentry","category-f1","tag-f1-2020","tag-formula-1-2","tag-formula-1-2020-2","tag-paddock-gp","tag-paddock-gp-204","tag-valtteri-bottas","42wp_author-redacao-gp"],"_links":{"self":[{"href":"https:\/\/grandepremio.com\/br\/wp-json\/wp\/v2\/posts\/129319","targetHints":{"allow":["GET"]}}],"collection":[{"href":"https:\/\/grandepremio.com\/br\/wp-json\/wp\/v2\/posts"}],"about":[{"href":"https:\/\/grandepremio.com\/br\/wp-json\/wp\/v2\/types\/post"}],"replies":[{"embeddable":true,"href":"https:\/\/grandepremio.com\/br\/wp-json\/wp\/v2\/comments?post=129319"}],"version-history":[{"count":0,"href":"https:\/\/grandepremio.com\/br\/wp-json\/wp\/v2\/posts\/129319\/revisions"}],"wp:featuredmedia":[{"embeddable":true,"href":"https:\/\/grandepremio.com\/br\/wp-json\/wp\/v2\/media\/1000392720"}],"wp:attachment":[{"href":"https:\/\/grandepremio.com\/br\/wp-json\/wp\/v2\/media?parent=129319"}],"wp:term":[{"taxonomy":"category","embeddable":true,"href":"https:\/\/grandepremio.com\/br\/wp-json\/wp\/v2\/categories?post=129319"},{"taxonomy":"post_tag","embeddable":true,"href":"https:\/\/grandepremio.com\/br\/wp-json\/wp\/v2\/tags?post=129319"},{"taxonomy":"42wp_author","embeddable":true,"href":"https:\/\/grandepremio.com\/br\/wp-json\/wp\/v2\/42wp_author?post=129319"}],"curies":[{"name":"wp","href":"https:\/\/api.w.org\/{rel}","templated":true}]}}