{"id":129320,"date":"2020-07-08T10:00:00","date_gmt":"2020-07-08T13:00:00","guid":{"rendered":"https:\/\/grandepremio.com\/br\/noticias\/gp-as-10-por-que-volta-de-alonso-a-formula-1-pela-renault-e-um-grande-erro\/"},"modified":"2020-07-08T14:47:19","modified_gmt":"2020-07-08T17:47:19","slug":"gp-as-10-por-que-volta-de-alonso-a-formula-1-pela-renault-e-um-grande-erro","status":"publish","type":"post","link":"https:\/\/grandepremio.com\/br\/f1\/gp-as-10-por-que-volta-de-alonso-a-formula-1-pela-renault-e-um-grande-erro\/","title":{"rendered":"GP \u00e0s 10: Por que volta de Alonso \u00e0 F\u00f3rmula 1 pela Renault \u00e9 um grande erro"},"content":{"rendered":"\n<p class=\"wp-block-paragraph\">O que parecia improv\u00e1vel aconteceu. Fernando Alonso, bicampe\u00e3o mundial de F\u00f3rmula 1, est\u00e1 de volta para a equipe que o consagrou, a Renault. A not\u00edcia, dada em primeira m\u00e3o h\u00e1 quase uma semana pelo jornalista espanhol Jos\u00e9 Ant\u00f3nio Ponseti, da r\u00e1dio Cadena SER, ganhou corpo no \u00faltimo fim de semana de GP da \u00c1ustria e, depois de ser repercutida por v\u00e1rios ve\u00edculos de imprensa ao redor do mundo, virou realidade nesta quarta-feira (8) ap\u00f3s an\u00fancio feito pelo time de Enstone pela manh\u00e3.<\/p>\n\n\n\n<p class=\"wp-block-paragraph\">Mas por que a volta de Alonso \u00e0 F\u00f3rmula 1, e \u00e0 Renault, \u00e9 um grande erro? No GP \u00e0s 10 desta manh\u00e3, Fernando Silva explica alguns pontos. O asturiano, que est\u00e1 a caminho de completar 39 anos, jamais fechou as portas para um regresso \u00e0 categoria, mas sempre fez uma ressalva. S\u00f3 voltaria em um carro capaz de lutar por vit\u00f3rias e t\u00edtulos. O que, na Renault, time que n\u00e3o tem perspectiva de mudar de patamar neste ano e meio, devendo seguir como coadjuvante at\u00e9 no pelot\u00e3o intermedi\u00e1rio, n\u00e3o vai acontecer.<\/p>\n\n\n\n<p class=\"wp-block-paragraph\">Assim, o hist\u00f3rico de personalidade forte e conflituosa vem \u00e0 tona. Afinal, Alonso vai suportar esperar at\u00e9 2022 para ter chances de contar com um carro competitivo para tentar o tricampeonato, isso tudo com 41 anos? O jornalista tamb\u00e9m questiona o inexplic\u00e1vel apego da Renault ao passado, o que mostra uma equipe perdida ao determinar os rumos do seu futuro na F1.<\/p>\n\n\n\n<p class=\"wp-block-paragraph\">Aproveite e siga o canal do <strong>GRANDE PR\u00caMIO<\/strong> no <a href=\"https:\/\/www.dailymotion.com\/GrandePremio\">DailyMotion<\/a>.<\/p>\n\n\n\n<figure class=\"wp-block-embed-dailymotion wp-block-embed is-type-video is-provider-dailymotion wp-embed-aspect-16-9 wp-has-aspect-ratio\"><div class=\"wp-block-embed__wrapper\">\n<iframe loading=\"lazy\" title=\"Por que VOLTA de ALONSO \u00e0 F1 \u00e9 um GRANDE ERRO | GP \u00e0s 10\" frameborder=\"0\" width=\"500\" height=\"281\" src=\"https:\/\/geo.dailymotion.com\/player.html?video=x7uvux9&#038;\" allowfullscreen allow=\"autoplay; fullscreen; picture-in-picture; web-share\"><\/iframe>\n<\/div><\/figure>\n\n\n","protected":false},"excerpt":{"rendered":"<p>O regresso do bicampe\u00e3o mundial \u00e0 equipe anglo-francesa \u00e9 equivocado dos dois lados, opina Fernando Silva. De Fernando Alonso, por aceitar voltar a uma escuderia que n\u00e3o tem condi\u00e7\u00f5es de lutar por grandes resultados em um futuro pr\u00f3ximo. Da Renault, ao recorrer a um piloto fora do grid desde 2018, mostra a sua falta de rumo e reflete o apego inexplic\u00e1vel ao passado<\/p>\n","protected":false},"author":0,"featured_media":1000394012,"comment_status":"closed","ping_status":"closed","sticky":false,"template":"","format":"standard","meta":{"42wp_featured_image_caption":"","42wp_featured_image_credits":"","42wp_featured_video":"","42wp_featured_image_hidden":false,"42wp_authors_list":[],"footnotes":""},"categories":[2],"tags":[2061,147,176,390,24837,24840,24912,229,24842],"42wp_author":[47110],"class_list":["post-129320","post","type-post","status-publish","format-standard","has-post-thumbnail","hentry","category-f1","tag-erro","tag-f1","tag-fernando-alonso","tag-fernando-silva","tag-formula-1-2","tag-gp-as-10-2","tag-opiniao","tag-renault","tag-video-2","42wp_author-fernando-silva"],"_links":{"self":[{"href":"https:\/\/grandepremio.com\/br\/wp-json\/wp\/v2\/posts\/129320","targetHints":{"allow":["GET"]}}],"collection":[{"href":"https:\/\/grandepremio.com\/br\/wp-json\/wp\/v2\/posts"}],"about":[{"href":"https:\/\/grandepremio.com\/br\/wp-json\/wp\/v2\/types\/post"}],"replies":[{"embeddable":true,"href":"https:\/\/grandepremio.com\/br\/wp-json\/wp\/v2\/comments?post=129320"}],"version-history":[{"count":0,"href":"https:\/\/grandepremio.com\/br\/wp-json\/wp\/v2\/posts\/129320\/revisions"}],"wp:featuredmedia":[{"embeddable":true,"href":"https:\/\/grandepremio.com\/br\/wp-json\/wp\/v2\/media\/1000394012"}],"wp:attachment":[{"href":"https:\/\/grandepremio.com\/br\/wp-json\/wp\/v2\/media?parent=129320"}],"wp:term":[{"taxonomy":"category","embeddable":true,"href":"https:\/\/grandepremio.com\/br\/wp-json\/wp\/v2\/categories?post=129320"},{"taxonomy":"post_tag","embeddable":true,"href":"https:\/\/grandepremio.com\/br\/wp-json\/wp\/v2\/tags?post=129320"},{"taxonomy":"42wp_author","embeddable":true,"href":"https:\/\/grandepremio.com\/br\/wp-json\/wp\/v2\/42wp_author?post=129320"}],"curies":[{"name":"wp","href":"https:\/\/api.w.org\/{rel}","templated":true}]}}