{"id":129342,"date":"2020-07-07T14:29:09","date_gmt":"2020-07-07T17:29:09","guid":{"rendered":"https:\/\/grandepremio.com\/br\/noticias\/alonso-abiteboul-ou-saida-anuncio-da-renault-pode-ser-tudo-ou-pode-ser-nada\/"},"modified":"2020-07-07T14:29:13","modified_gmt":"2020-07-07T17:29:13","slug":"alonso-abiteboul-ou-saida-anuncio-da-renault-pode-ser-tudo-ou-pode-ser-nada","status":"publish","type":"post","link":"https:\/\/grandepremio.com\/br\/f1\/alonso-abiteboul-ou-saida-anuncio-da-renault-pode-ser-tudo-ou-pode-ser-nada\/","title":{"rendered":"Alonso, Abiteboul ou sa\u00edda? An\u00fancio da Renault \u201cpode ser tudo ou pode ser nada\u201d"},"content":{"rendered":"\n<p class=\"wp-block-paragraph\">Afinal, o que de especial a Renault prepara para anunciar na pr\u00f3xima quarta-feira? O Paddock GP #204 debateu as possibilidades, desde o retorno de Fernando Alonso at\u00e9 uma poss\u00edvel sa\u00edda da F\u00f3rmula 1. Por\u00e9m, o comunicado pode n\u00e3o passar de um mero blefe.<\/p>\n\n\n\n<p class=\"wp-block-paragraph\"><strong>Assista ao trecho abaixo:<\/strong><\/p>\n\n\n\n<figure class=\"wp-block-embed-youtube wp-block-embed is-type-video is-provider-youtube wp-embed-aspect-16-9 wp-has-aspect-ratio\"><div class=\"wp-block-embed__wrapper\">\n<iframe loading=\"lazy\" title=\"A maluca F1 na \u00c1ustria e as vit\u00f3rias de Bottas, Dixon e Drugovich | Paddock GP #204\" width=\"500\" height=\"281\" src=\"https:\/\/www.youtube.com\/embed\/SCi29t7iAoM?feature=oembed\" frameborder=\"0\" allow=\"accelerometer; autoplay; clipboard-write; encrypted-media; gyroscope; picture-in-picture; web-share\" referrerpolicy=\"strict-origin-when-cross-origin\" allowfullscreen><\/iframe>\n<\/div><\/figure>\n\n\n","protected":false},"excerpt":{"rendered":"<p>A Renault prepara um an\u00fancio especial para a pr\u00f3xima quarta-feira. O Paddock GP discutiu como pode ser algo de impacto ou apenas um blefe<\/p>\n","protected":false},"author":0,"featured_media":1000391996,"comment_status":"closed","ping_status":"closed","sticky":false,"template":"","format":"standard","meta":{"42wp_featured_image_caption":"","42wp_featured_image_credits":"","42wp_featured_video":"","42wp_featured_image_hidden":false,"42wp_authors_list":[],"footnotes":""},"categories":[2],"tags":[779,147,176,1537,25402,229],"42wp_author":[47109],"class_list":["post-129342","post","type-post","status-publish","format-standard","has-post-thumbnail","hentry","category-f1","tag-cyril-abiteboul","tag-f1","tag-fernando-alonso","tag-paddock-gp","tag-paddock-gp-204","tag-renault","42wp_author-redacao-gp"],"_links":{"self":[{"href":"https:\/\/grandepremio.com\/br\/wp-json\/wp\/v2\/posts\/129342","targetHints":{"allow":["GET"]}}],"collection":[{"href":"https:\/\/grandepremio.com\/br\/wp-json\/wp\/v2\/posts"}],"about":[{"href":"https:\/\/grandepremio.com\/br\/wp-json\/wp\/v2\/types\/post"}],"replies":[{"embeddable":true,"href":"https:\/\/grandepremio.com\/br\/wp-json\/wp\/v2\/comments?post=129342"}],"version-history":[{"count":0,"href":"https:\/\/grandepremio.com\/br\/wp-json\/wp\/v2\/posts\/129342\/revisions"}],"wp:featuredmedia":[{"embeddable":true,"href":"https:\/\/grandepremio.com\/br\/wp-json\/wp\/v2\/media\/1000391996"}],"wp:attachment":[{"href":"https:\/\/grandepremio.com\/br\/wp-json\/wp\/v2\/media?parent=129342"}],"wp:term":[{"taxonomy":"category","embeddable":true,"href":"https:\/\/grandepremio.com\/br\/wp-json\/wp\/v2\/categories?post=129342"},{"taxonomy":"post_tag","embeddable":true,"href":"https:\/\/grandepremio.com\/br\/wp-json\/wp\/v2\/tags?post=129342"},{"taxonomy":"42wp_author","embeddable":true,"href":"https:\/\/grandepremio.com\/br\/wp-json\/wp\/v2\/42wp_author?post=129342"}],"curies":[{"name":"wp","href":"https:\/\/api.w.org\/{rel}","templated":true}]}}