{"id":129366,"date":"2020-07-06T13:00:00","date_gmt":"2020-07-06T16:00:00","guid":{"rendered":"https:\/\/grandepremio.com\/br\/noticias\/ao-nao-ajoelharem-verstappen-e-leclerc-deixam-claro-f1-de-ecclestone-ainda-esta-neles\/"},"modified":"2020-07-06T13:05:32","modified_gmt":"2020-07-06T16:05:32","slug":"ao-nao-ajoelharem-verstappen-e-leclerc-deixam-claro-f1-de-ecclestone-ainda-esta-neles","status":"publish","type":"post","link":"https:\/\/grandepremio.com\/br\/f1\/ao-nao-ajoelharem-verstappen-e-leclerc-deixam-claro-f1-de-ecclestone-ainda-esta-neles\/","title":{"rendered":"Ao n\u00e3o ajoelharem, Verstappen e Leclerc deixam claro: F1 de Ecclestone ainda est\u00e1 neles"},"content":{"rendered":"\n<figure class=\"wp-block-embed-youtube wp-block-embed is-type-video is-provider-youtube wp-embed-aspect-16-9 wp-has-aspect-ratio\"><div class=\"wp-block-embed__wrapper\">\n<iframe loading=\"lazy\" title=\"F1 2020: a an\u00e1lise e a repercuss\u00e3o do LOUCO GP da \u00c1ustria | Briefing\" width=\"500\" height=\"281\" src=\"https:\/\/www.youtube.com\/embed\/hDolmFeX3aY?feature=oembed\" frameborder=\"0\" allow=\"accelerometer; autoplay; clipboard-write; encrypted-media; gyroscope; picture-in-picture; web-share\" referrerpolicy=\"strict-origin-when-cross-origin\" allowfullscreen><\/iframe>\n<\/div><\/figure>\n\n\n\n<p class=\"wp-block-paragraph\">Todo mundo \u00e9 contra o racismo. \u00c9 a frase mais apropriada para abrir esse texto n\u00e3o porque seja verdade, quem quiser impor algo diferente precisa tomar cuidado com o impacto da queda do alto de argumentos que n\u00e3o param em p\u00e9. Ent\u00e3o, por que a frase \u00e9 aplic\u00e1vel usada aqui? Porque dizer que \u00e9 contra o racismo \u00e9 f\u00e1cil. O racismo \u00e9 daquelas unanimidades: \u00e9 ruim e voc\u00ea precisa ser contra. Assim, toda figura p\u00fablica vai se dizer contra. Na <a href=\"https:\/\/www.grandepremio.com\/br\/f1\/\">F\u00f3rmula 1<\/a>, inclusive. Mas palavras vazias voam de l\u00e1 para c\u00e1 e param em lugar nenhum. Ap\u00f3s as poucas palavras expressadas nos \u00faltimos tempos, os 20 felizardos que fazem parte do grid tiveram a chance de uma manifesta\u00e7\u00e3o concreta ao mundo antes do <a href=\"https:\/\/www.grandepremio.com\/br\/f1\/noticias\/bottas-vence-agitado-gp-da-austria-hamilton-e-albon-batem-e-norris-vai-ao-podio\/\">GP da \u00c1ustria<\/a>. Nem todos <a href=\"https:\/\/www.grandepremio.com\/br\/f1\/noticias\/seis-pilotos-ignoram-protesto-contra-racismo-e-nao-se-ajoelham-antes-da-largada-na-austria\/\">aproveitaram<\/a>. A decep\u00e7\u00e3o fica por conta sobretudo dos d\u00ednamos da nova gera\u00e7\u00e3o: <a href=\"https:\/\/www.grandepremio.com\/br\/?s=verstappen\">Max Verstappen<\/a> e <a href=\"https:\/\/www.grandepremio.com\/br\/?s=leclerc\">Charles Leclerc<\/a>.<\/p>\n\n\n\n<p class=\"wp-block-paragraph\">Antes de seguir em frente \u00e9 preciso reconhecimento e identifica\u00e7\u00e3o. Reconhecimento dos 14 nomes que ajoelharam no grid enquanto todos utilizavam camisetas pretas com a dita &#8216;<em>end racism<\/em>&#8216; &#8211; acabe com o racismo, em tradu\u00e7\u00e3o livre: <a href=\"https:\/\/www.grandepremio.com\/br\/?s=vettel\">Vettel<\/a>, <a href=\"https:\/\/www.grandepremio.com\/br\/?s=albon\">Albon<\/a>, <a href=\"https:\/\/www.grandepremio.com\/br\/?s=gasly\">Gasly<\/a>, <a href=\"https:\/\/www.grandepremio.com\/br\/?s=norris\">Norris<\/a>, <a href=\"https:\/\/www.grandepremio.com\/br\/?s=p\u00e9rez\">P\u00e9rez<\/a>, <a href=\"https:\/\/www.grandepremio.com\/br\/?s=stroll\">Stroll<\/a>, <a href=\"https:\/\/www.grandepremio.com\/br\/?s=russell\">Russell<\/a>, <a href=\"https:\/\/www.grandepremio.com\/br\/?s=latifi\">Latifi<\/a>, <a href=\"https:\/\/www.grandepremio.com\/br\/?s=ocon\">Ocon<\/a>, <a href=\"https:\/\/www.grandepremio.com\/br\/?s=ricciardo\">Ricciardo<\/a>, <a href=\"https:\/\/www.grandepremio.com\/br\/?s=grosjean\">Grosjean<\/a>, <a href=\"https:\/\/www.grandepremio.com\/br\/?s=magnussen\">Magnussen<\/a>, <a href=\"https:\/\/www.grandepremio.com\/br\/?s=bottas\">Bottas<\/a> e, claro, o l\u00edder <a href=\"https:\/\/www.grandepremio.com\/br\/?s=hamilton\">Hamilton<\/a>. A identifica\u00e7\u00e3o fica a cargo daqueles que preferiram n\u00e3o faz\u00ea-lo e l\u00e1 permaneceram de p\u00e9: Verstappen, Leclerc, <a href=\"https:\/\/www.grandepremio.com\/br\/?s=sainz\">Carlos Sainz<\/a>, <a href=\"https:\/\/www.grandepremio.com\/br\/?s=giovinazzi\">Antonio Giovinazzi<\/a>, <a href=\"https:\/\/www.grandepremio.com\/br\/?s=kvyat\">Daniil Kvyat<\/a> e o campe\u00e3o mundial <a href=\"https:\/\/www.grandepremio.com\/br\/?s=r\u00e4ikk\u00f6nen\">Kimi R\u00e4ikk\u00f6nen<\/a>.<\/p>\n\n\n\n<p class=\"wp-block-paragraph\">A conversa \u00e9 espinhosa. Quem cometeu o pecado de falar disso durante o domingo de manh\u00e3, recebeu toda a sorte de mensagens durante o dia, a grande maioria pouco educadas. Os tempos, sabemos, s\u00e3o bicudos: o \u00f3dio est\u00e1 em alta, a educa\u00e7\u00e3o est\u00e1 em falta e quem viveu a vida sendo oprimido se v\u00ea cada vez mais sufocado num mundo que tenta dizer a todo instante que nenhum lugar aqui \u00e9 deles. Sabemos quem s\u00e3o os perpetradores do horror e for\u00e7a motrizes da mais recente investida da eugenia. N\u00e3o s\u00e3o inventores, percebam, porque a eugenia sempre foi <em>cool<\/em> para alguns, uma garantia da realidade econ\u00f4mica.<\/p>\n\n\n\n<p class=\"wp-block-paragraph\">E \u00e9 claro que ningu\u00e9m vai atirar acusa\u00e7\u00f5es contra o sexteto de pilotos que se negaram a manifestar, mas o primeiro ponto \u00e9 que fica dif\u00edcil entender o motivo de ficar de fora. Quando o movimento de ajoelhar ganhou popularidade no campo do esporte, nos Estados Unidos, em 2016, havia ali um protesto durante o hino nacional. O argumento de que era desrespeitoso \u00e0 bandeira, o ex\u00e9rcito ou ao escambau era claramente muxibento, mas serviu de capitaliza\u00e7\u00e3o pol\u00edtica e criou um \u00e1libi para quem se rejeitasse.<\/p>\n\n\n\n<p class=\"wp-block-paragraph\">Os argumentos foram desbancados novamente na \u00faltima onda de protestos globais, nascidos pelo assassinato brutal de George Floyd, homem preto, por um policial branco. Uma morte baseada numa suspeita &#8211; que se comprovou falsa &#8211; de que tinha roubado um ma\u00e7o de cigarros. Pensa nisso: quase 10 minutos ajoelhado no pesco\u00e7o de Floyd por um ma\u00e7o de cigarros. As manifesta\u00e7\u00f5es dos \u00faltimos meses serviram para desenhar porque a luta antirracista \u00e9 inegoci\u00e1vel.<\/p>\n\n\n\n<figure class=\"wp-block-image size-large\"><img decoding=\"async\" src=\"https:\/\/www.grandepremio.com\/br\/wp-content\/uploads\/2020\/07\/mercedes-lewishamilton-01-1-1-1024x683.jpg\" alt=\"\" class=\"wp-image-393322\"\/><\/figure>\n\n\n\n<p class=\"wp-block-paragraph\">No caso da F\u00f3rmula 1 e outros esportes mundo afora, n\u00e3o h\u00e1 hino ou possibilidade de revolta substancial, a n\u00e3o ser que contem alguns lun\u00e1ticos roedores sa\u00eddos das valas das redes sociais. Que o ato de ajoelhar no grid n\u00e3o faria o racismo acabar no mundo, o que parece ser o argumento principal dos sacripantas do Twitter, todo mundo sabe. A quest\u00e3o \u00e9 uma demonstra\u00e7\u00e3o concreta para as dezenas de milh\u00f5es que assistem cada corrida mundo afora. Na F\u00f3rmula 1, a uni\u00e3o de figuras de diversos pa\u00edses num carrossel que visita quase todos os continentes &#8211; com a \u00c1frica sendo inc\u00f4moda aus\u00eancia &#8211; \u00e9 mostra potente.<\/p>\n\n\n\n<p class=\"wp-block-paragraph\">O mundo est\u00e1 de olho numa resposta que podia indicar: entendemos o recado e estamos aqui, juntos, porque n\u00e3o h\u00e1 alternativa ao antirracismo. Em vez disso, ligou o alerta do \u00f3dio. Queiram ou n\u00e3o, o recado passou a ser: o antirracismo \u00e9 opini\u00e3o, posso querer fazer parte dele ou ficar distante.<\/p>\n\n\n\n<p class=\"wp-block-paragraph\">O que se construiu ao longo da hist\u00f3ria \u00e9 que o racismo \u00e9 diab\u00f3lico e que ou voc\u00ea \u00e9 uma boa pessoa ou voc\u00ea \u00e9 racista. \u00c9 um erro e um desservi\u00e7o. A afirma\u00e7\u00e3o que fazemos \u00e9 categ\u00f3rica: todas as pessoas brancas do mundo ocidental s\u00e3o racistas. Dentre eles, os seis das canelas esticadas e 12 dos outros 14 &#8211; exclu\u00edmos Hamilton e Alex Albon, um asi\u00e1tico n\u00e3o-branco na Europa. Dentre eles, voc\u00ea, branco, lendo e eu, branco, escrevendo. Somos racistas porque nos beneficiamos de uma sociedade que \u00e9 m\u00e1quina de moer pessoas pretas &#8211; e todas as outras minorias. Brancos s\u00e3o racistas. A sua decis\u00e3o \u00e9 que tipo de pessoa voc\u00ea quer ser: um racista em evolu\u00e7\u00e3o ou um racista em putrefa\u00e7\u00e3o.<\/p>\n\n\n\n<p class=\"wp-block-paragraph\">Porque podemos nos dar ao luxo de ignorar as quest\u00f5es ligadas \u00e0 desigualdade racial durante a inf\u00e2ncia, a adolesc\u00eancia, a faculdade, o que quer que seja. Podemos nos dar ao luxo de aprender em momento mais oportuno da vida, adultos, letrados, estudados, quando andamos com nossas pr\u00f3prias pernas. Lewis Hamilton n\u00e3o teve essa escolha. Sentiu na pele desde os mais tenros anos de kart, aposto todo o dinheiro que n\u00e3o tenho que viveu tamb\u00e9m antes disso. As pessoas pretas s\u00e3o bombardeadas na inf\u00e2ncia e na adolesc\u00eancia e entendem o problema, mesmo durante a juventude, muito melhor que qualquer acad\u00eamico branco, por melhor intencionado que seja, ser\u00e1 capaz um dia.<\/p>\n\n\n\n<figure class=\"wp-block-embed-twitter wp-block-embed is-type-rich is-provider-twitter\"><div class=\"wp-block-embed__wrapper\">\n<blockquote class=\"twitter-tweet\" data-width=\"500\" data-dnt=\"true\"><p lang=\"pt\" dir=\"ltr\">&quot;A \u00e9poca da escola era massacrante, era chamada de cabelo duro, cabelo de bombril, e comecei a alisar. Eu via na TV aqueles xampus que prometiam deixar os cabelos lisos, lindos ao vento, ent\u00e3o eu comprava aquilo&quot;<a href=\"https:\/\/t.co\/9iAmK2rq4s\">https:\/\/t.co\/9iAmK2rq4s<\/a><\/p>&mdash; AFRO REVOLT (@afrorevolt) <a href=\"https:\/\/x.com\/afrorevolt\/status\/1279220178463703040?ref_src=twsrc%5Etfw\">July 4, 2020<\/a><\/blockquote><script async src=\"https:\/\/platform.x.com\/widgets.js\" charset=\"utf-8\"><\/script>\n<\/div><\/figure>\n\n\n\n<p class=\"wp-block-paragraph\">Conhecer as ra\u00edzes \u00e9 fundamental, mas sentir na pele \u00e9 outro n\u00edvel. E \u00e9 por isso que \u00e9 necess\u00e1rio seguir a lideran\u00e7a de pessoas pretas.<\/p>\n\n\n\n<p class=\"wp-block-paragraph\">Se Leclerc e Verstappen tivessem se sentido minimamente compelidos a compreender &#8211; e tiveram tempo para isso, tenho certeza que sobravam alguns minutos entre uma corrida de videogame e outra no isolamento social -, n\u00e3o precisariam ouvir s\u00f3 Lewis. Podiam ouvir outras figuras, lideran\u00e7as pretas que militam na luta contra o racismo Que aprendem, sentem e ensinam. E, se fizessem, teriam abra\u00e7ado a manifesta\u00e7\u00e3o. Em tempos da revolu\u00e7\u00e3o da ignor\u00e2ncia, por\u00e9m, a opini\u00e3o sente-se confort\u00e1vel a contradizer fatos.<\/p>\n\n\n\n<p class=\"wp-block-paragraph\">A contrariedade ao ajoelhar, a manifesta\u00e7\u00e3o clara, \u00e9 vit\u00f3ria do achismo e deleite de quem quer preservar o direito de ser ignorante e, como bom ignorante, est\u00e1 confort\u00e1vel em contrapor fatos com bolhas de sab\u00e3o. N\u00e3o s\u00f3 os seis, mas os que se identificam com o esmagamento da raz\u00e3o mundo afora.<\/p>\n\n\n\n<p class=\"wp-block-paragraph\">Hamilton \u00e9 um personagem hist\u00f3rico por todas as raz\u00f5es certas, mas \u00e9 importante reconhecer que n\u00e3o foi a \u00fanica figura que deu orgulho: Sebastian Vettel, um tetracampe\u00e3o que ainda n\u00e3o se manifestara, talvez por ser um fantasma das redes sociais, chegou \u00e0 Austria com o &#8216;<em>black lives matter<\/em>&#8216; estampado no capacete. Vettel \u00e9 sujeito inteligente, homem feito, vida pronta. Daniel Ricciardo foi outro que se manifestou de maneira mais contundente.<\/p>\n\n\n\n<p class=\"wp-block-paragraph\">Mas Hamilton tem 35 anos, Vettel tem 33, Ricciardo acabou de completar 31. Mais dia, menos dia, estar\u00e3o fazendo outra coisa da vida e ter\u00e3o deixado caminho aberto para a gera\u00e7\u00e3o subsequente. Gera\u00e7\u00e3o da qual Verstappen e Leclerc despontam como principais nomes, al\u00e9m de ter tamb\u00e9m Sainz, confirmado na Ferrari em 2020.<\/p>\n\n\n\n<figure class=\"wp-block-embed-youtube wp-block-embed is-type-video is-provider-youtube wp-embed-aspect-16-9 wp-has-aspect-ratio\"><div class=\"wp-block-embed__wrapper\">\n<iframe loading=\"lazy\" title=\"APOSTAS da F1 2020: o top-5 dos pilotos e a posi\u00e7\u00e3o das equipes | GP \u00e0s 10\" width=\"500\" height=\"281\" src=\"https:\/\/www.youtube.com\/embed\/c98ssAKAhf8?feature=oembed\" frameborder=\"0\" allow=\"accelerometer; autoplay; clipboard-write; encrypted-media; gyroscope; picture-in-picture; web-share\" referrerpolicy=\"strict-origin-when-cross-origin\" allowfullscreen><\/iframe>\n<\/div><\/figure>\n\n\n\n<p class=\"wp-block-paragraph\">A F\u00f3rmula 1 impressionou e acertou ao se dissociar das declara\u00e7\u00f5es de <a href=\"https:\/\/www.grandepremio.com\/br\/?s=ecclestone\">Bernie Ecclestone<\/a> dias atr\u00e1s. Aos 89 anos, o homem que deu as cartas por mais de 30 e transformou o Mundial num fen\u00f4meno midi\u00e1tico global fez uma s\u00e9rie de afirma\u00e7\u00f5es sem base e fundamentalmente mentirosas com rela\u00e7\u00e3o \u00e0 luta contra a desigualdade racial. <a href=\"https:\/\/www.grandepremio.com\/br\/f1\/noticias\/hamilton-abomina-comentario-ignorante-e-mal-educado-de-ecclestone-sobre-racismo\/\">Quando Hamilton respondeu<\/a> de cara fechada, Ecclestone achou por bem <a href=\"https:\/\/www.grandepremio.com\/br\/f1\/noticias\/ecclestone-se-defende-apos-polemica-racista-nao-sou-contra-pessoas-pretas\/\">se explicar melhor<\/a>. Meu argumento favorito dentre os utilizados por Bernie foi que um dia considerou fazer neg\u00f3cios com Anthony Hamilton, pai de Lewis. Contou que Hamilton S\u00eanior fez uma proposta e ele, Bernie, considerou topar. Veja bem, <strong>CONSIDEROU<\/strong>, porque no fim das contas n\u00e3o topou e seguiu a vida. Mas, para Ecclestone, o fato de dar ao menos o benef\u00edcio da d\u00favida de que talvez estar numa sociedade com um homem preto pudesse ser v\u00e1lido mostra que n\u00e3o \u00e9 racista, ora! Um verdadeiro \u00e1s da justi\u00e7a social.<\/p>\n\n\n\n<p class=\"wp-block-paragraph\">Ecclestone, aos 89 anos, n\u00e3o entende, n\u00e3o quer entender e n\u00e3o vai entender.<\/p>\n\n\n\n<p class=\"wp-block-paragraph\">A F\u00f3rmula 1, felizmente, n\u00e3o \u00e9 mais de Ecclestone. \u00c9 a F\u00f3rmula 1 de Lewis Hamilton, mas um dia n\u00e3o ser\u00e1 mais. Quando for a vez de Verstappen, Leclerc ou Sainz assumirem as r\u00e9deas, como ser\u00e1?<\/p>\n\n\n\n<p class=\"wp-block-paragraph\">O que apareceu no domingo foi um fantasma. O de que a F1 de Bernie Ecclestone \u00e9 uma assombra\u00e7\u00e3o sempre \u00e0 espreita, pronta para voltar com novos nomes, uma marca d\u00b4\u00e1gua repaginada e <em>baby face<\/em> de <em>playboy<\/em>.<\/p>\n\n\n\n<p class=\"wp-block-paragraph\">Verstappen e Leclerc t\u00eam tempo para que consertem rota, entendam o mundo um pouco melhor. Ningu\u00e9m vai ajoelhar no pesco\u00e7o deles, que podem viver tranquilamente na seguran\u00e7a de Monte Carlo.<\/p>\n\n\n\n<p class=\"wp-block-paragraph\">Certamente tor\u00e7o para que aconte\u00e7a e que ambos anunciem atitudes concretas e se juntem \u00e0 luta, porque, embora ambos tenham buscado o Twitter para falar de &#8220;maneiras diferentes&#8221; de ajudar na luta antirracista, ningu\u00e9m sabe que maneiras s\u00e3o essas. Ainda que elas surjam, por\u00e9m, n\u00e3o ajoelhar foi um erro e seguir\u00e1 assim, um erro. Os dois n\u00e3o entendem. Os dois s\u00e3o mais Ecclestone que Hamilton.<\/p>\n\n\n\n<p class=\"wp-block-paragraph\">E, embora na l\u00f3gica meramente mercantil a F\u00f3rmula 1 de Ecclestone seja um fen\u00f4meno, socialmente foi a F\u00f3rmula 1 que correu no Apartheid.<\/p>\n\n\n\n<figure class=\"wp-block-embed-spotify wp-block-embed is-type-rich is-provider-spotify wp-embed-aspect-21-9 wp-has-aspect-ratio\"><div class=\"wp-block-embed__wrapper\">\n<iframe title=\"Spotify Embed: O que esperar da F\u00f3rmula 1 2020? | Paddockast #68\" style=\"border-radius: 12px\" width=\"100%\" height=\"152\" frameborder=\"0\" allowfullscreen allow=\"autoplay; clipboard-write; encrypted-media; fullscreen; picture-in-picture\" loading=\"lazy\" src=\"https:\/\/open.spotify.com\/embed\/episode\/2lXewQnjs5G7kUpdIGMjji?utm_source=oembed\"><\/iframe>\n<\/div><\/figure>\n","protected":false},"excerpt":{"rendered":"<p>Ajoelhar ou n\u00e3o ajoelhar \u00e9 uma escolha que todos podiam fazer. Mas, como quase tudo na vida, ajuda a entender pessoas e situa\u00e7\u00f5es. Na \u00c1ustria, aprendemos que a F\u00f3rmula 1 de Bernie Ecclestone mora tamb\u00e9m nos mais jovens<\/p>\n","protected":false},"author":0,"featured_media":1000393267,"comment_status":"closed","ping_status":"closed","sticky":false,"template":"","format":"standard","meta":{"42wp_featured_image_caption":"","42wp_featured_image_credits":"","42wp_featured_video":"","42wp_featured_image_hidden":false,"42wp_authors_list":[],"footnotes":""},"categories":[2],"tags":[7818,539,209,118,207,24862,24888,25081,203,2545],"42wp_author":[47120],"class_list":["post-129366","post","type-post","status-publish","format-standard","has-post-thumbnail","hentry","category-f1","tag-anthony-hamilton","tag-bernie-ecclestone","tag-charles-leclerc","tag-f1-2020","tag-ferrari","tag-george-floyd","tag-gp-da-austria-2","tag-horarios-da-f1-2","tag-max-verstappen","tag-racismo","42wp_author-pedro-henrique-marum"],"_links":{"self":[{"href":"https:\/\/grandepremio.com\/br\/wp-json\/wp\/v2\/posts\/129366","targetHints":{"allow":["GET"]}}],"collection":[{"href":"https:\/\/grandepremio.com\/br\/wp-json\/wp\/v2\/posts"}],"about":[{"href":"https:\/\/grandepremio.com\/br\/wp-json\/wp\/v2\/types\/post"}],"replies":[{"embeddable":true,"href":"https:\/\/grandepremio.com\/br\/wp-json\/wp\/v2\/comments?post=129366"}],"version-history":[{"count":0,"href":"https:\/\/grandepremio.com\/br\/wp-json\/wp\/v2\/posts\/129366\/revisions"}],"wp:featuredmedia":[{"embeddable":true,"href":"https:\/\/grandepremio.com\/br\/wp-json\/wp\/v2\/media\/1000393267"}],"wp:attachment":[{"href":"https:\/\/grandepremio.com\/br\/wp-json\/wp\/v2\/media?parent=129366"}],"wp:term":[{"taxonomy":"category","embeddable":true,"href":"https:\/\/grandepremio.com\/br\/wp-json\/wp\/v2\/categories?post=129366"},{"taxonomy":"post_tag","embeddable":true,"href":"https:\/\/grandepremio.com\/br\/wp-json\/wp\/v2\/tags?post=129366"},{"taxonomy":"42wp_author","embeddable":true,"href":"https:\/\/grandepremio.com\/br\/wp-json\/wp\/v2\/42wp_author?post=129366"}],"curies":[{"name":"wp","href":"https:\/\/api.w.org\/{rel}","templated":true}]}}