{"id":129369,"date":"2020-07-06T12:04:28","date_gmt":"2020-07-06T15:04:28","guid":{"rendered":"https:\/\/grandepremio.com\/br\/noticias\/hamilton-se-arrepende-e-diz-que-teve-protesto-antirracista-silenciado-na-formula-1\/"},"modified":"2020-07-06T12:04:34","modified_gmt":"2020-07-06T15:04:34","slug":"hamilton-se-arrepende-e-diz-que-teve-protesto-antirracista-silenciado-na-formula-1","status":"publish","type":"post","link":"https:\/\/grandepremio.com\/br\/f1\/hamilton-se-arrepende-e-diz-que-teve-protesto-antirracista-silenciado-na-formula-1\/","title":{"rendered":"Hamilton se arrepende e diz que teve protesto antirracista &#8220;silenciado&#8221; na F\u00f3rmula 1"},"content":{"rendered":"\n<figure class=\"wp-block-embed-youtube wp-block-embed is-type-video is-provider-youtube wp-embed-aspect-16-9 wp-has-aspect-ratio\"><div class=\"wp-block-embed__wrapper\">\n<iframe loading=\"lazy\" title=\"F1 2020: a an\u00e1lise e a repercuss\u00e3o do LOUCO GP da \u00c1ustria | Briefing\" width=\"500\" height=\"281\" src=\"https:\/\/www.youtube.com\/embed\/hDolmFeX3aY?feature=oembed\" frameborder=\"0\" allow=\"accelerometer; autoplay; clipboard-write; encrypted-media; gyroscope; picture-in-picture; web-share\" referrerpolicy=\"strict-origin-when-cross-origin\" allowfullscreen><\/iframe>\n<\/div><\/figure>\n\n\n\n<p class=\"wp-block-paragraph\">Lewis Hamilton fez hist\u00f3ria antes do<a href=\"https:\/\/www.grandepremio.com\/br\/f1\/noticias\/bottas-vence-agitado-gp-da-austria-hamilton-e-albon-batem-e-norris-vai-ao-podio\/\"> GP da \u00c1ustria, realizado no \u00faltimo domingo (5)<\/a>. O piloto liderou o <a href=\"https:\/\/www.grandepremio.com\/br\/f1\/noticias\/seis-pilotos-ignoram-protesto-contra-racismo-e-nao-se-ajoelham-antes-da-largada-na-austria\/\">movimento antirracista do grid da F\u00f3rmula 1 e se ajoelhou durante o hino nacional<\/a>, ao lado de outros 13 nomes da categoria.<\/p>\n\n\n\n<p class=\"wp-block-paragraph\">Ap\u00f3s a corrida, completada na quarta posi\u00e7\u00e3o, Hamilton relembrou que planejou se ajoelhar anos atr\u00e1s em apoio ao quarterback Colin Kaepernick, que eternizou o gesto em protesto ao racismo em 2016, na NFL.&nbsp;<\/p>\n\n\n\n<p class=\"wp-block-paragraph\">O hexacampe\u00e3o mundial revelou que recebeu pedidos para recuar nos protestos. Hamilton n\u00e3o citou quem pediu, mas confessou que se arrepende de desistir do gesto.<\/p>\n\n\n\n<figure class=\"wp-block-image size-large\"><img decoding=\"async\" src=\"https:\/\/www.grandepremio.com\/br\/wp-content\/uploads\/2020\/07\/alphatauri-pierregasly-01-1-1-1024x683.jpg\" alt=\"\" class=\"wp-image-393306\"\/><figcaption>Lewis Hamilton liderou o movimento com outros 13 pilotos no GP da \u00c1ustria (Foto: Mercedes)<\/figcaption><\/figure>\n\n\n\n<p class=\"wp-block-paragraph\">&#8220;Ele se ajoelhou no hino nacional e recebeu muitas cr\u00edticas. Foi uma postura muito poderosa que o fez perder o emprego. Falei com ele alguns anos atr\u00e1s, pouco tempo depois daquilo, antes do GP dos Estados Unidos. Eu tinha um capacete e tudo pronto em vermelho com o n\u00famero dele no topo. Mas naquela \u00e9poca, eu fui meio que silenciado, falaram para eu recuar, n\u00e3o o apoiar. Eu me arrependo. Por isso, era t\u00e3o importante para mim ter certeza que fiz minha parte durante este per\u00edodo de tempo&#8221;, disse o piloto da Mercedes \u00e0 Reuters.<\/p>\n\n\n\n<p class=\"wp-block-paragraph\">Voz ativa contra o racismo e \u00fanico piloto preto do grid da F1, Hamilton utilizou uma camiseta diferente no protesto realizado antes da corrida. Enquanto os outros 19 carregavam a mensagem \u2018End Racism\u2019 (Acabe com o racismo, em tradu\u00e7\u00e3o livre), o hexacampe\u00e3o trouxe o movimento \u2018Black Lives Matters\u2019 (Vidas Pretas Importam) no peito.<\/p>\n\n\n\n<p class=\"wp-block-paragraph\">Lewis,<a href=\"https:\/\/www.grandepremio.com\/br\/f1\/noticias\/hamilton-participa-de-manifestacao-contra-racismo-em-londres\/\"> que recentemente participou de manifesta\u00e7\u00e3o do grupo em Londres<\/a>, afirmou que sua postura \u00e9 de apoiar a igualdade racial, sem tomar lado pol\u00edtico.<\/p>\n\n\n\n<p class=\"wp-block-paragraph\">&#8220;Se vou continuar a ajoelhar, n\u00e3o sei se teremos oportunidades para isto. N\u00e3o quero fazer em hinos nacionais. Quando eu visto a camisa e falo \u00e9 quando estou apoiando. N\u00e3o estou necessariamente endossando os movimentos pol\u00edticos. H\u00e1 conscientiza\u00e7\u00e3o nas \u00faltimas semanas, e n\u00e3o precisamos de uma morte silenciosa, um desaparecimento sem mudan\u00e7a. Eu poderia ser a cobaia l\u00e1. Eu tenho de continuar falando&#8221;, completou.<\/p>\n\n\n\n<figure class=\"wp-block-embed-spotify wp-block-embed is-type-rich is-provider-spotify wp-embed-aspect-21-9 wp-has-aspect-ratio\"><div class=\"wp-block-embed__wrapper\">\n<iframe title=\"Spotify Embed: O que esperar da F\u00f3rmula 1 2020? | Paddockast #68\" style=\"border-radius: 12px\" width=\"100%\" height=\"152\" frameborder=\"0\" allowfullscreen allow=\"autoplay; clipboard-write; encrypted-media; fullscreen; picture-in-picture\" loading=\"lazy\" src=\"https:\/\/open.spotify.com\/embed\/episode\/2lXewQnjs5G7kUpdIGMjji?utm_source=oembed\"><\/iframe>\n<\/div><\/figure>\n","protected":false},"excerpt":{"rendered":"<p>L\u00edder do protesto contra o racismo na F\u00f3rmula 1, Lewis Hamilton tentou homenagear Colin Kaepernick em 2016 com capacete vermelho e n\u00famero do jogador, mas recebeu pedidos para desistir<\/p>\n","protected":false},"author":0,"featured_media":1000393500,"comment_status":"closed","ping_status":"closed","sticky":false,"template":"","format":"standard","meta":{"42wp_featured_image_caption":"","42wp_featured_image_credits":"","42wp_featured_video":"","42wp_featured_image_hidden":false,"42wp_authors_list":[],"footnotes":""},"categories":[2],"tags":[147,118,24837,24888,87],"42wp_author":[47109],"class_list":["post-129369","post","type-post","status-publish","format-standard","has-post-thumbnail","hentry","category-f1","tag-f1","tag-f1-2020","tag-formula-1-2","tag-gp-da-austria-2","tag-lewis-hamilton","42wp_author-redacao-gp"],"_links":{"self":[{"href":"https:\/\/grandepremio.com\/br\/wp-json\/wp\/v2\/posts\/129369","targetHints":{"allow":["GET"]}}],"collection":[{"href":"https:\/\/grandepremio.com\/br\/wp-json\/wp\/v2\/posts"}],"about":[{"href":"https:\/\/grandepremio.com\/br\/wp-json\/wp\/v2\/types\/post"}],"replies":[{"embeddable":true,"href":"https:\/\/grandepremio.com\/br\/wp-json\/wp\/v2\/comments?post=129369"}],"version-history":[{"count":0,"href":"https:\/\/grandepremio.com\/br\/wp-json\/wp\/v2\/posts\/129369\/revisions"}],"wp:featuredmedia":[{"embeddable":true,"href":"https:\/\/grandepremio.com\/br\/wp-json\/wp\/v2\/media\/1000393500"}],"wp:attachment":[{"href":"https:\/\/grandepremio.com\/br\/wp-json\/wp\/v2\/media?parent=129369"}],"wp:term":[{"taxonomy":"category","embeddable":true,"href":"https:\/\/grandepremio.com\/br\/wp-json\/wp\/v2\/categories?post=129369"},{"taxonomy":"post_tag","embeddable":true,"href":"https:\/\/grandepremio.com\/br\/wp-json\/wp\/v2\/tags?post=129369"},{"taxonomy":"42wp_author","embeddable":true,"href":"https:\/\/grandepremio.com\/br\/wp-json\/wp\/v2\/42wp_author?post=129369"}],"curies":[{"name":"wp","href":"https:\/\/api.w.org\/{rel}","templated":true}]}}