{"id":129469,"date":"2020-07-03T14:12:17","date_gmt":"2020-07-03T17:12:17","guid":{"rendered":"https:\/\/grandepremio.com\/br\/noticias\/apos-treinos-red-bull-oficializa-protesto-junto-a-fia-contra-das-da-mercedes\/"},"modified":"2020-07-03T14:12:27","modified_gmt":"2020-07-03T17:12:27","slug":"apos-treinos-red-bull-oficializa-protesto-junto-a-fia-contra-das-da-mercedes","status":"publish","type":"post","link":"https:\/\/grandepremio.com\/br\/f1\/apos-treinos-red-bull-oficializa-protesto-junto-a-fia-contra-das-da-mercedes\/","title":{"rendered":"Ap\u00f3s treinos, Red Bull oficializa protesto junto \u00e0 FIA contra DAS da Mercedes"},"content":{"rendered":"\n<p class=\"wp-block-paragraph\">O primeiro dia da temporada 2020 da F\u00f3rmula 1 come\u00e7ou agitado e antes fosse apenas pelos dois treinos livres realizados na \u00c1ustria. Nesta sexta-feira (3), ap\u00f3s as atividades, a Red Bull oficializou um protesto junto \u00e0 FIA [Federa\u00e7\u00e3o Internacional de Automobilismo] contra o <strong><a href=\"https:\/\/www.grandepremio.com\/br\/f1\/noticias\/que-sera-sera-red-bull-esconde-opiniao-e-reacao-ao-das-da-mercedes-e-misterio\/\">DAS, sistema de dire\u00e7\u00e3o de eixo-duplo da Mercedes<\/a><\/strong>.<\/p>\n\n\n\n<p class=\"wp-block-paragraph\">A equipe alem\u00e3 voltou a apresentar pol\u00eamico dispositivo durante os ensaios no Red Bull Ring. <strong><a href=\"https:\/\/www.grandepremio.com\/br\/f1\/noticias\/video-mercedes-usa-polemico-das-em-treino-livre-1-do-gp-da-austria\/\">Tanto Valtteri Bottas quanto Lewis Hamilton acionaram o Dual Axis Steering<\/a><\/strong> [Dire\u00e7\u00e3o de Eixo Duplo, em tradi\u00e7\u00e3o livre], que permite mudan\u00e7as na configura\u00e7\u00e3o do volante e cambagem do carro.<\/p>\n\n\n\n<p class=\"wp-block-paragraph\">A novidade j\u00e1 havia sido vista anteriormente, nos testes coletivos em Barcenola, no come\u00e7o do ano. J\u00e1 na \u00e9poca, Christian Horner havia expressado seu descontentamento. Na \u00c1ustria, nesse final de semana, voltou a falar do assunto, <strong><a href=\"https:\/\/www.grandepremio.com\/br\/f1\/noticias\/chefe-da-red-bull-fala-em-pedir-esclarecimentos-a-fia-sobre-das-da-mercedes\/\">dizendo que iria \u201cpedir esclarecimentos\u201d \u00e0 FIA<\/a><\/strong>.<\/p>\n\n\n\n<figure class=\"wp-block-image size-large\"><img decoding=\"async\" src=\"https:\/\/www.grandepremio.com\/br\/wp-content\/uploads\/2020\/07\/EcA8XDOXsAAdIQM-832x1024.jpg\" alt=\"\" class=\"wp-image-392354\"\/><figcaption>O protesto da Red Bull (Foto: Reprodu\u00e7\u00e3o)<\/figcaption><\/figure>\n\n\n\n<p class=\"wp-block-paragraph\">Dito e feito. No protesto, a equipe taurina questiona a legalidade do DAS, apontando ser um dispositivo de aerodin\u00e2mica m\u00f3vel, promovendo um ajuste da suspens\u00e3o enquanto o carro est\u00e1 em movimento. Portanto, fere o regulamento da categoria [artigos 3.8 e 10.2.3 das regras t\u00e9cnicas].<\/p>\n\n\n\n<p class=\"wp-block-paragraph\">Na \u00e9poca primeira apari\u00e7\u00e3o do sistema, Toto Wolff, chefe da Mercedes, afirmou que trabalhou de perto com a FIA para n\u00e3o cair em nenhuma armadilha legal. A entidade j\u00e1 barrou o uso em 2021, mas deu bandeira verde para a temporada 2020.<\/p>\n\n\n\n<p class=\"wp-block-paragraph\">O chef\u00e3o do time alem\u00e3o ainda deu ind\u00edcios dos melhores momentos de acionar o DAS. Em breve explica\u00e7\u00e3o, apontou que<strong> <a href=\"https:\/\/www.grandepremio.com\/br\/f1\/noticias\/mercedes-revela-hora-certa-de-uso-do-das-volta-de-aquecimento-ou-com-safety-car\/\">\u201cdurante a volta de aquecimento, ou em uma volta atr\u00e1s do safety-car\u201d<\/a><\/strong>.<\/p>\n\n\n\n<p class=\"wp-block-paragraph\">O\u00a0<strong>GRANDE PR\u00caMIO<\/strong>\u00a0transmite em\u00a0<a href=\"https:\/\/www.grandepremio.com\/br\/ao-vivo\/f1\/gp-austria-f1-2020-treinos-livres\/\"><strong>tempo real todas as atividades do fim de semana do GP da \u00c1ustria de F1<\/strong><\/a>.<\/p>\n\n\n\n<figure class=\"wp-block-embed-youtube wp-block-embed is-type-video is-provider-youtube wp-embed-aspect-16-9 wp-has-aspect-ratio\"><div class=\"wp-block-embed__wrapper\">\n<iframe loading=\"lazy\" title=\"O que \u00e9 o DAS, o sistema de Dire\u00e7\u00e3o de Eixo Duplo da Mercedes na F1 | Prancheta GP\" width=\"500\" height=\"281\" src=\"https:\/\/www.youtube.com\/embed\/PzBPw5hnPpk?feature=oembed\" frameborder=\"0\" allow=\"accelerometer; autoplay; clipboard-write; encrypted-media; gyroscope; picture-in-picture; web-share\" referrerpolicy=\"strict-origin-when-cross-origin\" allowfullscreen><\/iframe>\n<\/div><\/figure>\n","protected":false},"excerpt":{"rendered":"<p>A equipe taurina questiona a legalidade do dispositivo da rival, afirmando ferir o regulamento t\u00e9cnico por ajustar a suspens\u00e3o com o carro em movimento<\/p>\n","protected":false},"author":0,"featured_media":1000392222,"comment_status":"closed","ping_status":"closed","sticky":false,"template":"","format":"standard","meta":{"42wp_featured_image_caption":"","42wp_featured_image_credits":"","42wp_featured_video":"","42wp_featured_image_hidden":false,"42wp_authors_list":[],"footnotes":""},"categories":[2],"tags":[655,24888,82,204,1763,612],"42wp_author":[47123],"class_list":["post-129469","post","type-post","status-publish","format-standard","has-post-thumbnail","hentry","category-f1","tag-christian-horner","tag-gp-da-austria-2","tag-mercedes","tag-red-bull","tag-red-bull-ring","tag-valtteri-bottas","42wp_author-nathalia-de-vivo"],"_links":{"self":[{"href":"https:\/\/grandepremio.com\/br\/wp-json\/wp\/v2\/posts\/129469","targetHints":{"allow":["GET"]}}],"collection":[{"href":"https:\/\/grandepremio.com\/br\/wp-json\/wp\/v2\/posts"}],"about":[{"href":"https:\/\/grandepremio.com\/br\/wp-json\/wp\/v2\/types\/post"}],"replies":[{"embeddable":true,"href":"https:\/\/grandepremio.com\/br\/wp-json\/wp\/v2\/comments?post=129469"}],"version-history":[{"count":0,"href":"https:\/\/grandepremio.com\/br\/wp-json\/wp\/v2\/posts\/129469\/revisions"}],"wp:featuredmedia":[{"embeddable":true,"href":"https:\/\/grandepremio.com\/br\/wp-json\/wp\/v2\/media\/1000392222"}],"wp:attachment":[{"href":"https:\/\/grandepremio.com\/br\/wp-json\/wp\/v2\/media?parent=129469"}],"wp:term":[{"taxonomy":"category","embeddable":true,"href":"https:\/\/grandepremio.com\/br\/wp-json\/wp\/v2\/categories?post=129469"},{"taxonomy":"post_tag","embeddable":true,"href":"https:\/\/grandepremio.com\/br\/wp-json\/wp\/v2\/tags?post=129469"},{"taxonomy":"42wp_author","embeddable":true,"href":"https:\/\/grandepremio.com\/br\/wp-json\/wp\/v2\/42wp_author?post=129469"}],"curies":[{"name":"wp","href":"https:\/\/api.w.org\/{rel}","templated":true}]}}