{"id":129470,"date":"2020-07-03T13:47:41","date_gmt":"2020-07-03T16:47:41","guid":{"rendered":"https:\/\/grandepremio.com\/br\/noticias\/hamilton-vibra-com-retorno-mas-poe-pitada-de-sal-em-dominio-de-sexta-na-austria\/"},"modified":"2020-07-03T15:22:27","modified_gmt":"2020-07-03T18:22:27","slug":"hamilton-vibra-com-retorno-mas-poe-pitada-de-sal-em-dominio-de-sexta-na-austria","status":"publish","type":"post","link":"https:\/\/grandepremio.com\/br\/f1\/hamilton-vibra-com-retorno-mas-poe-pitada-de-sal-em-dominio-de-sexta-na-austria\/","title":{"rendered":"Hamilton vibra com retorno, mas p\u00f5e &#8220;pitada de sal&#8221; em dom\u00ednio de sexta na \u00c1ustria"},"content":{"rendered":"\n<figure class=\"wp-block-embed-youtube wp-block-embed is-type-video is-provider-youtube wp-embed-aspect-16-9 wp-has-aspect-ratio\"><div class=\"wp-block-embed__wrapper\">\n<iframe loading=\"lazy\" title=\"F1 2020: tudo sobre a TEMPORADA da PANDEMIA\" width=\"500\" height=\"281\" src=\"https:\/\/www.youtube.com\/embed\/18CwKXddLnQ?feature=oembed\" frameborder=\"0\" allow=\"accelerometer; autoplay; clipboard-write; encrypted-media; gyroscope; picture-in-picture; web-share\" referrerpolicy=\"strict-origin-when-cross-origin\" allowfullscreen><\/iframe>\n<\/div><\/figure>\n\n\n\n<p class=\"wp-block-paragraph\">Conhe\u00e7a o novo chefe, ele \u00e9 igual ao chefe antigo. A <strong><a href=\"https:\/\/www.grandepremio.com\/br\/f1\">F\u00f3rmula 1<\/a><\/strong> est\u00e1 de volta, mas, a tirar algum exemplo desta sexta-feira (3), primeiro dia de atividades oficiais em Spielberg, <strong><a href=\"https:\/\/www.grandepremio.com\/br\/f1\/noticias\/hamilton-comanda-primeira-sexta-feira-da-temporada-na-austria-perez-e-3o-no-tl2\/\">a Mercedes continua dando as cartas<\/a><\/strong> por uma Est\u00edria de vantagem para as demais. Na frente, claro, <a href=\"https:\/\/www.grandepremio.com\/br\/?s=hamilton\"><strong>Lewis Hamilton<\/strong><\/a>. Mas o favorito ao t\u00edtulo colocou um pouco de sal proposital nas adocicadas apar\u00eancias.<\/p>\n\n\n\n<p class=\"wp-block-paragraph\">Hamilton comemorou o fato de voltar ao carro de 2020, algo que n\u00e3o fazia desde a pr\u00e9-temporada, mas minimizou a vantagem para as rivais. Segundo ele, por\u00e9m, \u00e9 bom colocar sal para ficar com os dois p\u00e9s na realidade do que pode aparecer no s\u00e1bado.<\/p>\n\n\n\n<p class=\"wp-block-paragraph\">&#8220;Foi \u00f3timo estar de volta. Fazia muito tempo, ent\u00e3o \u00e9 uma sensa\u00e7\u00e3o \u00f3tima voltar ao carro pela primeira vez desde fevereiro, uma diferen\u00e7a muito grande para o carro do teste que fizemos em Silverstone. N\u00e3o lembro como foi em fevereiro, para ser sincero, faz tempo demais&#8221;, disse.<\/p>\n\n\n\n<p class=\"wp-block-paragraph\">&#8220;O positivo \u00e9 que o carro estava bom hoje, definitivamente parece que continuamos evoluindo o carro em rela\u00e7\u00e3o ao ano passado&#8221;, seguiu.<\/p>\n\n\n\n<p class=\"wp-block-paragraph\">&#8220;\u00c9 dif\u00edcil dizer. Estamos bem, mas nunca d\u00e1 para tirar muito dos treinos livres e, se voc\u00ea olhar para alguns dos outros times, tavez estejam com modos de pot\u00eancia abaixo ou muito combust\u00edvel, qualquer coisa que seja&#8221;, especulou.<\/p>\n\n\n\n<p class=\"wp-block-paragraph\">&#8220;Vamos levar o resultado com uma pitada de sal e tentaremos melhor o carro hoje \u00e0 noite&#8221;, encerrou.<\/p>\n\n\n\n<p class=\"wp-block-paragraph\">No Twitter, o hexacampe\u00e3o j\u00e1 tinha falado sobre o dia do retorno.<\/p>\n\n\n\n<p class=\"wp-block-paragraph\">&#8220;O primeiro dia de volta ao volante. Cara, eu adoro isso. Grande esfor\u00e7o do time hoje e no trabalho para preparar o que \u00e9, na real, a circunst\u00e2ncia mais incomum. Estou grato a todos de quem o trabalho duro nos permitiu voltar hoje&#8221;, afirmou em sua conta no Twitter.<\/p>\n\n\n\n<figure class=\"wp-block-image size-large\"><img decoding=\"async\" src=\"https:\/\/www.grandepremio.com\/br\/wp-content\/uploads\/2020\/07\/TL1ValtteriBottasF1-1024x576.jpg\" alt=\"Valtteri Bottas\" class=\"wp-image-392166\"\/><figcaption>Valtteri Bottas no primeiro treino livre do GP da \u00c1ustria (Foto: F1\/Twitter)<\/figcaption><\/figure>\n\n\n\n<h4 class=\"wp-block-heading\">&#8220;\u00c9 fant\u00e1stico voltar&#8221;, comemora Bottas<\/h4>\n\n\n\n<p class=\"wp-block-paragraph\">J\u00e1 <strong><a href=\"https:\/\/www.grandepremio.com\/br\/?s=bottas\">Valtteri Bottas<\/a><\/strong>, segundo colocado em ambos os treinos livres, foi mais contido, mas deixou claro que acredita que nenhuma equipe deu as caras ainda na quest\u00e3o do desempenho.<\/p>\n\n\n\n<p class=\"wp-block-paragraph\">&#8220;N\u00f3s vemos a amea\u00e7a. \u00c9 somente sexta-feira, n\u00e3o acredito que qualquer um dos times mostrou ainda a performance que t\u00eam&#8221;, afirmou.<\/p>\n\n\n\n<p class=\"wp-block-paragraph\">&#8220;Estou certo de que, como eu disse, os tempos de volta vir\u00e3o amanh\u00e3 tanto por conta da pista como das equipes e pilotos, ent\u00e3o, \u00e9 cedo demais. Mas n\u00e3o est\u00e1 nada ruim&#8221;, seguiu.<\/p>\n\n\n\n<p class=\"wp-block-paragraph\">Entretanto, seguiu Hamilton ao vibrar com a retomada. &#8220;\u00c9 fant\u00e1stico voltar ao carro. Gostei de cada uma das voltas, cada ida \u00e0 pista. Evolu\u00edmos durante o dia, passo a passo, como \u00e9 o esperado ap\u00f3s tamanha pausa&#8221;.<\/p>\n\n\n\n<p class=\"wp-block-paragraph\">O <strong>GRANDE PR\u00caMIO<\/strong> transmite em <strong><a href=\"https:\/\/www.grandepremio.com\/br\/ao-vivo\/f1\/gp-austria-f1-2020-treinos-livres\/\">tempo real<\/a><\/strong> todas as atividades do fim de semana do GP da \u00c1ustria de F1.<\/p>\n\n\n\n<figure class=\"wp-block-embed-spotify wp-block-embed is-type-rich is-provider-spotify wp-embed-aspect-21-9 wp-has-aspect-ratio\"><div class=\"wp-block-embed__wrapper\">\n<iframe title=\"Spotify Embed: O que esperar da F\u00f3rmula 1 2020? | Paddockast #68\" style=\"border-radius: 12px\" width=\"100%\" height=\"152\" frameborder=\"0\" allowfullscreen allow=\"autoplay; clipboard-write; encrypted-media; fullscreen; picture-in-picture\" loading=\"lazy\" src=\"https:\/\/open.spotify.com\/embed\/episode\/2lXewQnjs5G7kUpdIGMjji?utm_source=oembed\"><\/iframe>\n<\/div><\/figure>\n","protected":false},"excerpt":{"rendered":"<p>Lewis Hamilton e a Mercedes dominaram o primeiro dia de atividades oficiais de 2020. Mesmo assim, o hexacampe\u00e3o prefere adotar a cautela para avaliar a sexta-feira. Valtteri Bottas concorda<\/p>\n","protected":false},"author":0,"featured_media":1000392286,"comment_status":"closed","ping_status":"closed","sticky":false,"template":"","format":"standard","meta":{"42wp_featured_image_caption":"","42wp_featured_image_credits":"","42wp_featured_video":"","42wp_featured_image_hidden":false,"42wp_authors_list":[],"footnotes":""},"categories":[2],"tags":[25063,118,25340,25081,4613,612],"42wp_author":[47120],"class_list":["post-129470","post","type-post","status-publish","format-standard","has-post-thumbnail","hentry","category-f1","tag-estiria","tag-f1-2020","tag-f1-sexta-feira","tag-horarios-da-f1-2","tag-spielberg","tag-valtteri-bottas","42wp_author-pedro-henrique-marum"],"_links":{"self":[{"href":"https:\/\/grandepremio.com\/br\/wp-json\/wp\/v2\/posts\/129470","targetHints":{"allow":["GET"]}}],"collection":[{"href":"https:\/\/grandepremio.com\/br\/wp-json\/wp\/v2\/posts"}],"about":[{"href":"https:\/\/grandepremio.com\/br\/wp-json\/wp\/v2\/types\/post"}],"replies":[{"embeddable":true,"href":"https:\/\/grandepremio.com\/br\/wp-json\/wp\/v2\/comments?post=129470"}],"version-history":[{"count":0,"href":"https:\/\/grandepremio.com\/br\/wp-json\/wp\/v2\/posts\/129470\/revisions"}],"wp:featuredmedia":[{"embeddable":true,"href":"https:\/\/grandepremio.com\/br\/wp-json\/wp\/v2\/media\/1000392286"}],"wp:attachment":[{"href":"https:\/\/grandepremio.com\/br\/wp-json\/wp\/v2\/media?parent=129470"}],"wp:term":[{"taxonomy":"category","embeddable":true,"href":"https:\/\/grandepremio.com\/br\/wp-json\/wp\/v2\/categories?post=129470"},{"taxonomy":"post_tag","embeddable":true,"href":"https:\/\/grandepremio.com\/br\/wp-json\/wp\/v2\/tags?post=129470"},{"taxonomy":"42wp_author","embeddable":true,"href":"https:\/\/grandepremio.com\/br\/wp-json\/wp\/v2\/42wp_author?post=129470"}],"curies":[{"name":"wp","href":"https:\/\/api.w.org\/{rel}","templated":true}]}}