{"id":129472,"date":"2020-07-03T12:35:00","date_gmt":"2020-07-03T15:35:00","guid":{"rendered":"https:\/\/grandepremio.com\/br\/noticias\/mercedes-revela-hora-certa-de-uso-do-das-volta-de-aquecimento-ou-com-safety-car\/"},"modified":"2020-07-03T13:47:37","modified_gmt":"2020-07-03T16:47:37","slug":"mercedes-revela-hora-certa-de-uso-do-das-volta-de-aquecimento-ou-com-safety-car","status":"publish","type":"post","link":"https:\/\/grandepremio.com\/br\/f1\/mercedes-revela-hora-certa-de-uso-do-das-volta-de-aquecimento-ou-com-safety-car\/","title":{"rendered":"Mercedes revela hora certa de uso do DAS: volta de aquecimento ou com safety-car"},"content":{"rendered":"\n<figure class=\"wp-block-embed-youtube wp-block-embed is-type-video is-provider-youtube wp-embed-aspect-16-9 wp-has-aspect-ratio\"><div class=\"wp-block-embed__wrapper\">\n<iframe loading=\"lazy\" title=\"F1 2020: tudo sobre a TEMPORADA da PANDEMIA\" width=\"500\" height=\"281\" src=\"https:\/\/www.youtube.com\/embed\/18CwKXddLnQ?feature=oembed\" frameborder=\"0\" allow=\"accelerometer; autoplay; clipboard-write; encrypted-media; gyroscope; picture-in-picture; web-share\" referrerpolicy=\"strict-origin-when-cross-origin\" allowfullscreen><\/iframe>\n<\/div><\/figure>\n\n\n\n<p class=\"wp-block-paragraph\">Esta sexta-feira (3) de treinos livres para o GP da \u00c1ustria, que enfim abre o calend\u00e1rio da F\u00f3rmula 1 para 2020, tamb\u00e9m marcou a <strong><span style=\"text-decoration: underline;\"><a href=\"https:\/\/www.grandepremio.com\/br\/f1\/noticias\/mercedes-traz-das-para-formula-1-mas-o-que-e-este-sistema\/\">estreia do DAS, sistema de dire\u00e7\u00e3o de eixo duplo da Mercedes<\/a><\/span><\/strong>, fora dos testes.<\/p>\n\n\n\n<p class=\"wp-block-paragraph\"><strong><span style=\"text-decoration: underline;\"><a href=\"https:\/\/www.grandepremio.com\/br\/f1\/noticias\/hamilton-comanda-primeira-sexta-feira-da-temporada-na-austria-perez-e-3o-no-tl2\/\">Ap\u00f3s o TL2<\/a><\/span><\/strong>, liderado pela dupla Lewis Hamilton e Valtteri Bottas <strong><span style=\"text-decoration: underline;\"><a href=\"https:\/\/www.grandepremio.com\/br\/f1\/noticias\/hamilton-lidera-1-2-da-mercedes-no-tl1-da-austria-mclaren-e-racing-point-vao-bem\/\">tal como a sess\u00e3o matutina<\/a><\/span><\/strong>, Toto Wolff comentou sobre a inova\u00e7\u00e3o que sua Mercedes utiliza.<\/p>\n\n\n\n<p class=\"wp-block-paragraph\">Entre os v\u00e1rios pontos, o mais interessante foi sobre em que momento o DAS vai aparecer sendo ativado por seus pilotos, e quem \u00e9 que manda Hamilton e Bottas acionarem.<\/p>\n\n\n\n<p class=\"wp-block-paragraph\"> &#8220;Os engenheiros avisam os pilotos quando usar. E a maneira mais efetiva \u00e9, provavelmente, durante a volta de aquecimento, ou em uma volta atr\u00e1s do safety-car&#8221;, revelou Wolff.<\/p>\n\n\n\n<figure class=\"wp-block-image size-large\"><img decoding=\"async\" src=\"https:\/\/www.grandepremio.com\/br\/wp-content\/uploads\/2020\/02\/2020220813709_2020-02-20-08_12_48-Greenshot_DMa.jpg\" alt=\"\" class=\"wp-image-352205\"\/><figcaption>Imagem aproximada de como funciona o DAS da Mercedes (Foto: Reprodu\u00e7\u00e3o)<\/figcaption><\/figure>\n\n\n\n<p class=\"wp-block-paragraph\">Ele tamb\u00e9m comentou sobre as vantagens que o sistema que s\u00f3 a equipe que comanda utiliza: &#8220;Ajuda a controlar a temperatura dos pneus, mas quando ele \u00e9 removido temos uma grande vantagem no peso, porque ele \u00e9 de fato bastante pesado e fica em uma posi\u00e7\u00e3o inconveniente.&#8221;<\/p>\n\n\n\n<p class=\"wp-block-paragraph\">&#8220;Ele funciona bem, \u00e9 uma inova\u00e7\u00e3o bacana. Acho que ainda v\u00e3o protestar contra nesta sexta e a\u00ed teremos a an\u00e1lise da FIA. Veremos depois quem prevalece&#8221;, finalizou Wolff.<\/p>\n\n\n\n<p class=\"wp-block-paragraph\">O&nbsp;<strong>GRANDE PR\u00caMIO&nbsp;<a href=\"https:\/\/www.grandepremio.com\/br\/ao-vivo-f1\">transmite em tempo real<\/a><\/strong>&nbsp;todas as atividades do fim de semana do GP da \u00c1ustria de F1.<\/p>\n\n\n\n<figure class=\"wp-block-embed-youtube wp-block-embed is-type-video is-provider-youtube wp-embed-aspect-16-9 wp-has-aspect-ratio\"><div class=\"wp-block-embed__wrapper\">\n<iframe loading=\"lazy\" title=\"O que \u00e9 o DAS, o sistema de Dire\u00e7\u00e3o de Eixo Duplo da Mercedes na F1 | Prancheta GP\" width=\"500\" height=\"281\" src=\"https:\/\/www.youtube.com\/embed\/PzBPw5hnPpk?feature=oembed\" frameborder=\"0\" allow=\"accelerometer; autoplay; clipboard-write; encrypted-media; gyroscope; picture-in-picture; web-share\" referrerpolicy=\"strict-origin-when-cross-origin\" allowfullscreen><\/iframe>\n<\/div><\/figure>\n","protected":false},"excerpt":{"rendered":"<p>Toto Wolff comentou ap\u00f3s os treinos livres de sexta-feira na \u00c1ustria sobre a utiliza\u00e7\u00e3o do DAS, o sistema de dire\u00e7\u00e3o de eixo duplo da Mercedes. E foi espec\u00edfico sobre os momentos para uso<\/p>\n","protected":false},"author":0,"featured_media":1000392222,"comment_status":"closed","ping_status":"closed","sticky":false,"template":"","format":"standard","meta":{"42wp_featured_image_caption":"","42wp_featured_image_credits":"","42wp_featured_video":"","42wp_featured_image_hidden":false,"42wp_authors_list":[],"footnotes":""},"categories":[2],"tags":[147,118,180,261,23783,87,82,150,612],"42wp_author":[47129],"class_list":["post-129472","post","type-post","status-publish","format-standard","has-post-thumbnail","hentry","category-f1","tag-f1","tag-f1-2020","tag-formula-1","tag-formula-um","tag-gp-da-austria","tag-lewis-hamilton","tag-mercedes","tag-toto-wolff","tag-valtteri-bottas","42wp_author-felipe-noronha"],"_links":{"self":[{"href":"https:\/\/grandepremio.com\/br\/wp-json\/wp\/v2\/posts\/129472","targetHints":{"allow":["GET"]}}],"collection":[{"href":"https:\/\/grandepremio.com\/br\/wp-json\/wp\/v2\/posts"}],"about":[{"href":"https:\/\/grandepremio.com\/br\/wp-json\/wp\/v2\/types\/post"}],"replies":[{"embeddable":true,"href":"https:\/\/grandepremio.com\/br\/wp-json\/wp\/v2\/comments?post=129472"}],"version-history":[{"count":0,"href":"https:\/\/grandepremio.com\/br\/wp-json\/wp\/v2\/posts\/129472\/revisions"}],"wp:featuredmedia":[{"embeddable":true,"href":"https:\/\/grandepremio.com\/br\/wp-json\/wp\/v2\/media\/1000392222"}],"wp:attachment":[{"href":"https:\/\/grandepremio.com\/br\/wp-json\/wp\/v2\/media?parent=129472"}],"wp:term":[{"taxonomy":"category","embeddable":true,"href":"https:\/\/grandepremio.com\/br\/wp-json\/wp\/v2\/categories?post=129472"},{"taxonomy":"post_tag","embeddable":true,"href":"https:\/\/grandepremio.com\/br\/wp-json\/wp\/v2\/tags?post=129472"},{"taxonomy":"42wp_author","embeddable":true,"href":"https:\/\/grandepremio.com\/br\/wp-json\/wp\/v2\/42wp_author?post=129472"}],"curies":[{"name":"wp","href":"https:\/\/api.w.org\/{rel}","templated":true}]}}