{"id":129506,"date":"2020-07-02T10:30:29","date_gmt":"2020-07-02T13:30:29","guid":{"rendered":"https:\/\/grandepremio.com\/br\/noticias\/as-corridas-do-fim-de-semana-na-tv-3-a-5-de-julho\/"},"modified":"2020-07-03T05:54:21","modified_gmt":"2020-07-03T08:54:21","slug":"as-corridas-do-fim-de-semana-na-tv-3-a-5-de-julho","status":"publish","type":"post","link":"https:\/\/grandepremio.com\/br\/programacao-tv\/as-corridas-do-fim-de-semana-na-tv-3-a-5-de-julho\/","title":{"rendered":"As corridas do fim de semana na TV: 3 a 5 de julho"},"content":{"rendered":"\n<p class=\"wp-block-paragraph\"><strong>Sexta, 3 de julho<\/strong><\/p>\n\n\n\n<figure class=\"wp-block-table\"><table><tbody><tr><td>CATEGORIA<\/td><td>ETAPA<\/td><td>ATIVIDADE<\/td><td>HORA<\/td><td>EMISSORA<\/td><\/tr><tr><td>F\u00f3rmula 1<\/td><td><a href=\"https:\/\/www.grandepremio.com\/br\/etapa\/f1\/gp-da-austria-2020\/\">GP da \u00c1ustria<\/a><\/td><td>TL1<\/td><td>06:00<\/td><td>SporTV<\/td><\/tr><tr><td>F\u00f3rmula 1<\/td><td><a href=\"https:\/\/www.grandepremio.com\/br\/etapa\/f1\/gp-da-austria-2020\/\">GP da \u00c1ustria<\/a><\/td><td>TL2<\/td><td>10:00<\/td><td>SporTV 2<\/td><\/tr><\/tbody><\/table><\/figure>\n\n\n\n<p class=\"wp-block-paragraph\"><strong>S\u00e1bado, 4 de julho<\/strong><\/p>\n\n\n\n<figure class=\"wp-block-table\"><table><tbody><tr><td>CATEGORIA<\/td><td>ETAPA<\/td><td>ATIVIDADE<\/td><td>HORA<\/td><td>EMISSORA<\/td><\/tr><tr><td>F\u00f3rmula 1<\/td><td><a href=\"https:\/\/www.grandepremio.com\/br\/etapa\/f1\/gp-da-austria-2020\/\">GP da \u00c1ustria<\/a><\/td><td>TL3<\/td><td>07:00<\/td><td>SporTV 2<\/td><\/tr><tr><td>F\u00f3rmula 1<\/td><td><a href=\"https:\/\/www.grandepremio.com\/br\/etapa\/f1\/gp-da-austria-2020\/\">GP da \u00c1ustria<\/a><\/td><td>TC<\/td><td>10:00<\/td><td>SporTV 2<\/td><\/tr><tr><td>Indy<\/td><td>GP de Indian\u00e1polis<\/td><td>GP<\/td><td>13:00<\/td><td>BandSports<\/td><\/tr><tr><td>Xfinity Series<\/td><td>Indian\u00e1polis<\/td><td>Corrida<\/td><td>16:00<\/td><td>FOX Sports 2<\/td><\/tr><\/tbody><\/table><\/figure>\n\n\n\n<p class=\"wp-block-paragraph\"><strong>Domingo, 5 de julho<\/strong><\/p>\n\n\n\n<figure class=\"wp-block-table\"><table><tbody><tr><td>CATEGORIA<\/td><td>ETAPA<\/td><td>ATIVIDADE<\/td><td>HORA<\/td><td>EMISSORA<\/td><\/tr><tr><td>F\u00f3rmula 1<\/td><td><a href=\"https:\/\/www.grandepremio.com\/br\/etapa\/f1\/gp-da-austria-2020\/\">GP da \u00c1ustria<\/a><\/td><td>GP<\/td><td>10:10<\/td><td>Globo<\/td><\/tr><tr><td>Nascar<\/td><td>Indian\u00e1polis<\/td><td>Corrida<\/td><td>17:00<\/td><td>FOX Sports 2<\/td><\/tr><\/tbody><\/table><\/figure>\n\n\n\n<h3 class=\"wp-block-heading\"><strong>Programa\u00e7\u00e3o do GRANDE PR\u00caMIO<\/strong><\/h3>\n\n\n\n<figure class=\"wp-block-table\"><table><tbody><tr><td>PROGRAMA<\/td><td>ETAPA<\/td><td>ATIVIDADE<\/td><td>HORA<\/td><td>TRANSMISS\u00c3O<\/td><\/tr><tr><td>Briefing<\/td><td>GP da \u00c1ustria<\/td><td>Pr\u00e9-corrida<\/td><td>09:00<\/td><td><a href=\"http:\/\/bit.ly\/GPCanal\">GPTV (YouTube)<\/a><\/td><\/tr><tr><td>Briefing<\/td><td>GP da \u00c1ustria<\/td><td>P\u00f3s-corrida<\/td><td>13:00<\/td><td><a href=\"http:\/\/bit.ly\/GPCanal\">GPTV (YouTube)<\/a><\/td><\/tr><\/tbody><\/table><\/figure>\n\n\n\n<h3 class=\"wp-block-heading\"><strong>Programa\u00e7\u00e3o da TV no futebol<\/strong><\/h3>\n\n\n\n<p class=\"wp-block-paragraph\">Procurando a programa\u00e7\u00e3o da TV dos jogos da Premier League (Campeonato Ingl\u00eas), de LaLiga (Campeonato Espanhol), da Bundesliga (Campeonato Alem\u00e3o) e da Primeira Liga (Campeonato Portugu\u00eas) na ESPN e no FOX Sports, al\u00e9m dos jogos cl\u00e1ssicos no SporTV?&nbsp;<a rel=\"noreferrer noopener\" href=\"https:\/\/trivela.com.br\/programacao-de-tv\/\" target=\"_blank\">Visite a Trivela<\/a>&nbsp;para o guia de jogos completo.<\/p>\n\n\n\n<p class=\"wp-block-paragraph\"><\/p>\n","protected":false},"excerpt":{"rendered":"<p>A F\u00f3rmula 1 est\u00e1 de volta e finalmente inicia sua temporada 2020. A Indy j\u00e1 vai para sua segunda etapa no ano. Veja como ficam as programa\u00e7\u00f5es em SporTV, BandSports, FOX Sports e Globo<\/p>\n","protected":false},"author":0,"featured_media":1000391889,"comment_status":"closed","ping_status":"closed","sticky":false,"template":"","format":"standard","meta":{"42wp_featured_image_caption":"","42wp_featured_image_credits":"","42wp_featured_video":"","42wp_featured_image_hidden":false,"42wp_authors_list":[],"footnotes":""},"categories":[38],"tags":[24837,4800,1224,411,24971],"42wp_author":[47109],"class_list":["post-129506","post","type-post","status-publish","format-standard","has-post-thumbnail","hentry","category-programacao-tv","tag-formula-1-2","tag-fox-sports","tag-globo","tag-nascar","tag-programacao-da-tv","42wp_author-redacao-gp"],"_links":{"self":[{"href":"https:\/\/grandepremio.com\/br\/wp-json\/wp\/v2\/posts\/129506","targetHints":{"allow":["GET"]}}],"collection":[{"href":"https:\/\/grandepremio.com\/br\/wp-json\/wp\/v2\/posts"}],"about":[{"href":"https:\/\/grandepremio.com\/br\/wp-json\/wp\/v2\/types\/post"}],"replies":[{"embeddable":true,"href":"https:\/\/grandepremio.com\/br\/wp-json\/wp\/v2\/comments?post=129506"}],"version-history":[{"count":0,"href":"https:\/\/grandepremio.com\/br\/wp-json\/wp\/v2\/posts\/129506\/revisions"}],"wp:featuredmedia":[{"embeddable":true,"href":"https:\/\/grandepremio.com\/br\/wp-json\/wp\/v2\/media\/1000391889"}],"wp:attachment":[{"href":"https:\/\/grandepremio.com\/br\/wp-json\/wp\/v2\/media?parent=129506"}],"wp:term":[{"taxonomy":"category","embeddable":true,"href":"https:\/\/grandepremio.com\/br\/wp-json\/wp\/v2\/categories?post=129506"},{"taxonomy":"post_tag","embeddable":true,"href":"https:\/\/grandepremio.com\/br\/wp-json\/wp\/v2\/tags?post=129506"},{"taxonomy":"42wp_author","embeddable":true,"href":"https:\/\/grandepremio.com\/br\/wp-json\/wp\/v2\/42wp_author?post=129506"}],"curies":[{"name":"wp","href":"https:\/\/api.w.org\/{rel}","templated":true}]}}