{"id":129520,"date":"2020-07-02T05:30:00","date_gmt":"2020-07-02T08:30:00","guid":{"rendered":"https:\/\/grandepremio.com\/br\/noticias\/guia-2020-com-mercedes-rosa-perez-vira-favorito-na-f1-b-quem-sao-os-rivais\/"},"modified":"2020-07-01T18:59:48","modified_gmt":"2020-07-01T21:59:48","slug":"guia-2020-com-mercedes-rosa-perez-vira-favorito-na-f1-b-quem-sao-os-rivais","status":"publish","type":"post","link":"https:\/\/grandepremio.com\/br\/f1\/guia-2020-com-mercedes-rosa-perez-vira-favorito-na-f1-b-quem-sao-os-rivais\/","title":{"rendered":"GUIA 2020: Com \u2018Mercedes rosa\u2019, P\u00e9rez vira favorito na \u2018F1 B\u2019. Quem s\u00e3o os rivais?"},"content":{"rendered":"<div>\n<div class=\"embed-responsive embed-responsive-16by9\">\u00a0<\/div>\n<p>\u00a0<\/p>\n<p>Quando os testes de pr\u00e9-temporada da <a href=\"https:\/\/grandepremio.com\/br\/f1\">F\u00f3rmula 1<\/a> se completaram em Barcelona, ainda l\u00e1 em fevereiro, os analistas e fan\u00e1ticos pelo esporte se surpreenderam: a Racing Point parece ser quem dita os rumos da hist\u00f3ria que a categoria vai contar em 2020. <a href=\"https:\/\/grandepremio.com\/br\/f1\/noticias\/racing-point-se-ve-no-topo-da-f1-b-e-ate-a-frente-da-ferrari\">Internamente, a equipe pensa at\u00e9 em bater a enfraquecida Ferrari<\/a>; com os p\u00e9s no ch\u00e3o, h\u00e1 quem enxergue os rosas, pelo menos, <a href=\"https:\/\/grandepremio.com\/br\/f1\/noticias\/guia-2020-racing-point-tem-sacada-de-mestre-para-liderar-f1-b-copiar-mercedes\">como favoritos a vencer a &#8216;F1 B&#8217;<\/a>, o segundo escal\u00e3o.\u00a0<\/p>\n<p>Tudo isso n\u00e3o s\u00f3 pelas marcas alcan\u00e7adas, mas tamb\u00e9m pelo carro da equipe ser, basicamente, <a href=\"https:\/\/grandepremio.com\/br\/f1\/noticias\/racing-point-rebate-queixas-por-copia-corremos-com-as-regras-que-estao-feitas\">uma c\u00f3pia da Mercedes &#8211; assumidamente<\/a>. Bom para dois nomes: <a href=\"https:\/\/grandepremio.com\/br\/f1\/noticias\/stroll-contem-empolgacao-com-racing-point-veremos-onde-estamos-em-melbourne\">Lance Stroll, o filho do dono da equipe<\/a>, e Sergio P\u00e9rez. Especialmente para o mexicano.<\/p>\n<p>Isso pois o piloto de 30 anos foi quem alcan\u00e7ou as melhores marcas com o novo RP20. E, mesmo contido, foi positivo nas declara\u00e7\u00f5es ap\u00f3s os testes: de um <a href=\"https:\/\/grandepremio.com\/br\/f1\/noticias\/perez-destaca-quilometragem-e-ve-que-racing-point-tem-bastante-potencial\">carro com &#8220;bastante potencial&#8221;<\/a>\u00a0para a previs\u00e3o de que vai <a href=\"https:\/\/grandepremio.com\/br\/f1\/noticias\/perez-preve-racing-point-competitiva-desde-a-primeira-corrida-em-2020\">brigar de forma competitiva<\/a>, mesmo que ainda haja espa\u00e7o para melhora.\u00a0<\/p>\n<p>Se o sonho \u00e9 <a href=\"https:\/\/grandepremio.com\/br\/f1\/noticias\/ferrari-acredita-que-mercedes-rosa-e-ameaca-racing-point-nem-tanto\">bater a Ferrari<\/a>, a realidade provavelmente ser\u00e1 de brigar pelo que a McLaren conquistou em 2019: o quarto lugar no Mundial de Construtores, vencendo a disputad\u00edssima batalha do meio do grid.\u00a0<\/p>\n<p>A McLaren vem, ent\u00e3o, como a principal advers\u00e1ria neste quesito: nada indica que os carros laranjas pioraram em rela\u00e7\u00e3o a 2019, por mais que, tamb\u00e9m, nenhuma evolu\u00e7\u00e3o grande tenha sido indicada. Assim, Carlos Sainz, sexto em 2019 (melhor da &#8216;F1 B&#8217;), pinta como quem deve causar uma luta em espanhol por esse &#8216;t\u00edtulo&#8217; em 2020 com P\u00e9rez.<\/p>\n<p>O espanhol, inclusive, <a href=\"https:\/\/grandepremio.com\/br\/f1\/noticias\/sainz-se-preocupa-com-perigosas-racing-point-e-alphatauri-no-pelotao-do-meio-na-f1\">j\u00e1 mostrou preocupa\u00e7\u00e3o com o crescimento da Racing Point<\/a>, considerando a rival a mais &#8220;perigosa&#8221; postulante a roubar seu cargo de &#8220;melhor do resto&#8221;.<\/p>\n<p>Lando Norris, por consequ\u00eancia, entra na &#8216;cota Stroll&#8217;, aquele que tem um carro para brigar, mas n\u00e3o \u00e9 o favorito dentro da equipe &#8211; por mas que, em termos de talento, seja superior ao canadense. Em seu segundo ano, pode mostrar evolu\u00e7\u00e3o suficiente para andar de igual para igual com Sainz, coisa que conseguiu em diversos pontos da temporada passada.<\/p>\n<div class=\"imagem-noticia\"><img decoding=\"async\" title=\"Carlos Sainz (Foto: McLaren)\" src=\"https:\/\/www.grandepremio.com\/br\/wp-content\/uploads\/2020\/03\/2020221737600_mclaren-sainz-01_II.jpg\" \/><\/div>\n<div class=\"legenda-imagem\">Carlos Sainz visa defender o top-4 da McLaren, mas tamb\u00e9m j\u00e1 sonha com a Ferrari (Foto: McLaren)<\/div>\n<p>Sainz tamb\u00e9m citou a AlphaTauri como poss\u00edvel candidata, e isso traz para a briga Pierre Gasly. Se empolga\u00e7\u00e3o e vingan\u00e7a podem se traduzir em realidade, \u00e9 ineg\u00e1vel que o p\u00f3dio no mais recente GP do Brasil e a vontade de mostrar que a Ferrari acertou ao cham\u00e1-lo para o lugar de Sebastian Vettel em 2021 podem faz\u00ea-lo brilhar.<\/p>\n<p>Outros tr\u00eas em outras equipes tem o talento para dominar o meio do grid: dois que j\u00e1 andaram na outra parte, na de cima, e um que muitos apostavam que logo estaria por l\u00e1, mas que quest\u00f5es contratuais atrasaram sua ascens\u00e3o.<\/p>\n<p>Kimi R\u00e4ikk\u00f6nen, \u00e9 claro, <a href=\"https:\/\/grandepremio.com\/br\/f1\/noticias\/raikkonen-fala-em-aborrecimentos-na-f1-e-lembra-a-familia-e-bem-mais-importante\">est\u00e1 na F1 por hobby<\/a>, como ele mesmo diz. Mas, quando afim de brilhar, <a href=\"https:\/\/grandepremio.com\/br\/f1\/noticias\/raikkonen-tira-perez-da-ponta-no-segundo-dia-de-testes-em-barcelona-hamilton-e-9\">faz a Alfa Romeo render<\/a>, como em Barcelona.<\/p>\n<div class=\"imagem-noticia\"><img decoding=\"async\" title=\"Daniel Ricciardo (Foto: Renault)\" src=\"https:\/\/www.grandepremio.com\/br\/wp-content\/uploads\/2020\/03\/2020221130999_renault-ricciardo-02_II.jpg\" \/><\/div>\n<div class=\"legenda-imagem\">Daniel Ricciardo vai entrar na briga, mas \u00e9 outra com a cabe\u00e7a em 2021, quando vai assumir o lugar de Carlos Sainz na McLaren (Foto: Renault)<\/div>\n<p>J\u00e1 a Renault cai em seu problema constante desde o retorno \u00e0 F1: tem dinheiro, promete muito, n\u00e3o rende. Daniel Ricciardo, por exemplo, j\u00e1 acertou com a McLaren para 2021. E Esteban Ocon s\u00f3 quer provar que merece estar na categoria, ap\u00f3s um ano no limbo. Os franceses conseguem dar, enfim, um carro que cumpra o que foi dito h\u00e1 anos &#8211; de que a equipe havia voltado \u00e0 F1 para brigar?<\/p>\n<p>P\u00e9rez tem a vantagem de ser considerado favorito em meio a nomes os quais n\u00e3o costuma bater na pista. Aos 30 anos, \u00e9 sua melhor chance na categoria, de provar seu talento de quando era apenas um jovem promissor. \u00c9 a melhor &#8211; e, provavelmente, a \u00faltima. Se n\u00e3o vencer com este carro, pode n\u00e3o sobreviver \u00e0s mudan\u00e7as da RP para Aston Martin e todo o dinheiro dos Stroll em 2021.<\/p>\n<\/div>\n\n\n<figure class=\"wp-block-embed-youtube wp-block-embed is-type-video is-provider-youtube wp-embed-aspect-16-9 wp-has-aspect-ratio\"><div class=\"wp-block-embed__wrapper\">\n<iframe loading=\"lazy\" title=\"A esperada volta da F1, a inesperada volta da Copa Truck e Bia Figueiredo | Paddock GP #203\" width=\"500\" height=\"281\" src=\"https:\/\/www.youtube.com\/embed\/wkzZYUQmP9k?feature=oembed\" frameborder=\"0\" allow=\"accelerometer; autoplay; clipboard-write; encrypted-media; gyroscope; picture-in-picture; web-share\" referrerpolicy=\"strict-origin-when-cross-origin\" allowfullscreen><\/iframe>\n<\/div><\/figure>\n","protected":false},"excerpt":{"rendered":"<p>Sergio P\u00e9rez pode estar no lugar certo na hora certa: naquela que parece uma Racing Point capaz de dominar o segundo escal\u00e3o da F1 com folga. Mas h\u00e1 nomes que podem dificultar a vida do mexicano &#8211; e de Lance Stroll, claro<\/p>\n","protected":false},"author":0,"featured_media":0,"comment_status":"closed","ping_status":"closed","sticky":false,"template":"","format":"standard","meta":{"42wp_featured_image_caption":"","42wp_featured_image_credits":"","42wp_featured_video":"","42wp_featured_image_hidden":false,"42wp_authors_list":[],"footnotes":""},"categories":[2],"tags":[457,524,118,180,261,2194,10957,119,485,90,310,229,215],"42wp_author":[47129],"class_list":["post-129520","post","type-post","status-publish","format-standard","hentry","category-f1","tag-alfa-romeo","tag-alphatauri","tag-f1-2020","tag-formula-1","tag-formula-um","tag-guia","tag-guia-f1","tag-haas","tag-lance-stroll","tag-mclaren","tag-racing-point","tag-renault","tag-williams","42wp_author-felipe-noronha"],"_links":{"self":[{"href":"https:\/\/grandepremio.com\/br\/wp-json\/wp\/v2\/posts\/129520","targetHints":{"allow":["GET"]}}],"collection":[{"href":"https:\/\/grandepremio.com\/br\/wp-json\/wp\/v2\/posts"}],"about":[{"href":"https:\/\/grandepremio.com\/br\/wp-json\/wp\/v2\/types\/post"}],"replies":[{"embeddable":true,"href":"https:\/\/grandepremio.com\/br\/wp-json\/wp\/v2\/comments?post=129520"}],"version-history":[{"count":0,"href":"https:\/\/grandepremio.com\/br\/wp-json\/wp\/v2\/posts\/129520\/revisions"}],"wp:attachment":[{"href":"https:\/\/grandepremio.com\/br\/wp-json\/wp\/v2\/media?parent=129520"}],"wp:term":[{"taxonomy":"category","embeddable":true,"href":"https:\/\/grandepremio.com\/br\/wp-json\/wp\/v2\/categories?post=129520"},{"taxonomy":"post_tag","embeddable":true,"href":"https:\/\/grandepremio.com\/br\/wp-json\/wp\/v2\/tags?post=129520"},{"taxonomy":"42wp_author","embeddable":true,"href":"https:\/\/grandepremio.com\/br\/wp-json\/wp\/v2\/42wp_author?post=129520"}],"curies":[{"name":"wp","href":"https:\/\/api.w.org\/{rel}","templated":true}]}}