{"id":129526,"date":"2020-07-01T16:00:00","date_gmt":"2020-07-01T19:00:00","guid":{"rendered":"https:\/\/grandepremio.com\/br\/noticias\/ruptura-do-liberty-media-com-ecclestone-leva-f1-para-o-estilo-americano-diz-andrada\/"},"modified":"2020-07-01T16:17:06","modified_gmt":"2020-07-01T19:17:06","slug":"ruptura-do-liberty-media-com-ecclestone-leva-f1-para-o-estilo-americano-diz-andrada","status":"publish","type":"post","link":"https:\/\/grandepremio.com\/br\/f1\/ruptura-do-liberty-media-com-ecclestone-leva-f1-para-o-estilo-americano-diz-andrada\/","title":{"rendered":"Ruptura do Liberty Media com Ecclestone leva F1 para estilo americano, diz Mario Andrada"},"content":{"rendered":"\n<p class=\"wp-block-paragraph\">No Cadeira Cativa #13, Mario Andrada e Silva comentou as infelizes declara\u00e7\u00f5es de Bernie Ecclestone sobre racismo e como isso fez com que o Liberty Media rachasse publicamente com o ex-chef\u00e3o da F\u00f3rmula 1<\/p>\n\n\n\n<p class=\"wp-block-paragraph\">O Cadeira Cativa \u00e9 o programa do&nbsp;<strong>GRANDE PR\u00caMIO&nbsp;<a href=\"https:\/\/www.youtube.com\/playlist?list=PLULYLQYUzB5quTd-TVZPMhYwfGBYPTVy7\">que recebe jornalistas e personalidades marcantes da cobertura de esporte a motor do Brasil<\/a><\/strong>.<\/p>\n\n\n\n<p class=\"wp-block-paragraph\"><strong>Assista ao trecho completo abaixo:<\/strong><\/p>\n\n\n\n<figure class=\"wp-block-embed-youtube wp-block-embed is-type-video is-provider-youtube wp-embed-aspect-16-9 wp-has-aspect-ratio\"><div class=\"wp-block-embed__wrapper\">\n<iframe loading=\"lazy\" title=\"Adelaide, N\u00fcrburgring, Estoril: as PISTAS que AMAMOS e que deixaram a F1 | Cadeira Cativa #13\" width=\"500\" height=\"281\" src=\"https:\/\/www.youtube.com\/embed\/XhqBoid6s6k?start=780&amp;feature=oembed\" frameborder=\"0\" allow=\"accelerometer; autoplay; clipboard-write; encrypted-media; gyroscope; picture-in-picture; web-share\" referrerpolicy=\"strict-origin-when-cross-origin\" allowfullscreen><\/iframe>\n<\/div><\/figure>\n\n\n","protected":false},"excerpt":{"rendered":"<p>As discord\u00e2ncias p\u00fablicas do grupo que controla a F\u00f3rmula 1 com o ex-chefe da categoria podem mudar os rumos e colocar uma nova marca no esporte<\/p>\n","protected":false},"author":0,"featured_media":0,"comment_status":"closed","ping_status":"closed","sticky":false,"template":"","format":"standard","meta":{"42wp_featured_image_caption":"","42wp_featured_image_credits":"","42wp_featured_video":"","42wp_featured_image_hidden":false,"42wp_authors_list":[],"footnotes":""},"categories":[2],"tags":[539,24900,147,180,1491,714,25284],"42wp_author":[47109],"class_list":["post-129526","post","type-post","status-publish","format-standard","hentry","category-f1","tag-bernie-ecclestone","tag-cadeira-cativa","tag-f1","tag-formula-1","tag-grande-premio","tag-liberty-media","tag-mario-andrada-e-silva","42wp_author-redacao-gp"],"_links":{"self":[{"href":"https:\/\/grandepremio.com\/br\/wp-json\/wp\/v2\/posts\/129526","targetHints":{"allow":["GET"]}}],"collection":[{"href":"https:\/\/grandepremio.com\/br\/wp-json\/wp\/v2\/posts"}],"about":[{"href":"https:\/\/grandepremio.com\/br\/wp-json\/wp\/v2\/types\/post"}],"replies":[{"embeddable":true,"href":"https:\/\/grandepremio.com\/br\/wp-json\/wp\/v2\/comments?post=129526"}],"version-history":[{"count":0,"href":"https:\/\/grandepremio.com\/br\/wp-json\/wp\/v2\/posts\/129526\/revisions"}],"wp:attachment":[{"href":"https:\/\/grandepremio.com\/br\/wp-json\/wp\/v2\/media?parent=129526"}],"wp:term":[{"taxonomy":"category","embeddable":true,"href":"https:\/\/grandepremio.com\/br\/wp-json\/wp\/v2\/categories?post=129526"},{"taxonomy":"post_tag","embeddable":true,"href":"https:\/\/grandepremio.com\/br\/wp-json\/wp\/v2\/tags?post=129526"},{"taxonomy":"42wp_author","embeddable":true,"href":"https:\/\/grandepremio.com\/br\/wp-json\/wp\/v2\/42wp_author?post=129526"}],"curies":[{"name":"wp","href":"https:\/\/api.w.org\/{rel}","templated":true}]}}