{"id":129528,"date":"2020-07-01T15:00:00","date_gmt":"2020-07-01T18:00:00","guid":{"rendered":"https:\/\/grandepremio.com\/br\/noticias\/portugal-argentina-e-rio-quais-corridas-nao-podem-ficar-fora-da-formula-1\/"},"modified":"2020-07-01T15:59:20","modified_gmt":"2020-07-01T18:59:20","slug":"portugal-argentina-e-rio-quais-corridas-nao-podem-ficar-fora-da-formula-1","status":"publish","type":"post","link":"https:\/\/grandepremio.com\/br\/f1\/portugal-argentina-e-rio-quais-corridas-nao-podem-ficar-fora-da-formula-1\/","title":{"rendered":"Portugal, Argentina e Rio: quais corridas n\u00e3o podem ficar fora da F\u00f3rmula 1?"},"content":{"rendered":"\n<p class=\"wp-block-paragraph\">No Cadeira Cativa #13, Mario Andrada e Silva comentou quais corridas n\u00e3o podem ficar fora do calend\u00e1rio da F\u00f3rmula 1. Para ele, locais hist\u00f3ricos como Argentina e Portugal merecem uma prova. Castilho de Andrade acrescentou que seria interessante ver o retorno da categoria para a \u00c1frica do Sul<\/p>\n\n\n\n<p class=\"wp-block-paragraph\">O Cadeira Cativa \u00e9 o programa do&nbsp;<strong>GRANDE PR\u00caMIO&nbsp;<a href=\"https:\/\/www.youtube.com\/playlist?list=PLULYLQYUzB5quTd-TVZPMhYwfGBYPTVy7\">que recebe jornalistas e personalidades marcantes da cobertura de esporte a motor do Brasil<\/a><\/strong>.<\/p>\n\n\n\n<p class=\"wp-block-paragraph\"><strong>Assista ao trecho completo abaixo:<\/strong><\/p>\n\n\n\n<figure class=\"wp-block-embed-youtube wp-block-embed is-type-video is-provider-youtube wp-embed-aspect-16-9 wp-has-aspect-ratio\"><div class=\"wp-block-embed__wrapper\">\n<iframe loading=\"lazy\" title=\"Adelaide, N\u00fcrburgring, Estoril: as PISTAS que AMAMOS e que deixaram a F1 | Cadeira Cativa #13\" width=\"500\" height=\"281\" src=\"https:\/\/www.youtube.com\/embed\/XhqBoid6s6k?start=2922&amp;feature=oembed\" frameborder=\"0\" allow=\"accelerometer; autoplay; clipboard-write; encrypted-media; gyroscope; picture-in-picture; web-share\" referrerpolicy=\"strict-origin-when-cross-origin\" allowfullscreen><\/iframe>\n<\/div><\/figure>\n\n\n","protected":false},"excerpt":{"rendered":"<p>A hist\u00f3ria da F\u00f3rmula 1 \u00e9 marcada por locais inesquec\u00edveis. No Cadeira Cativa #13, os convidados discutiram quais lugares mereciam voltar para o calend\u00e1rio da categoria<\/p>\n","protected":false},"author":0,"featured_media":0,"comment_status":"closed","ping_status":"closed","sticky":false,"template":"","format":"standard","meta":{"42wp_featured_image_caption":"","42wp_featured_image_credits":"","42wp_featured_video":"","42wp_featured_image_hidden":false,"42wp_authors_list":[],"footnotes":""},"categories":[2],"tags":[179,24900,25283,122,1491,25313,1738,25284,1107,1943],"42wp_author":[47109],"class_list":["post-129528","post","type-post","status-publish","format-standard","hentry","category-f1","tag-argentina","tag-cadeira-cativa","tag-castilho-de-andrade","tag-flavio-gomes","tag-grande-premio","tag-jacarepagua","tag-kyalami","tag-mario-andrada-e-silva","tag-portugal","tag-rio-de-janeiro","42wp_author-redacao-gp"],"_links":{"self":[{"href":"https:\/\/grandepremio.com\/br\/wp-json\/wp\/v2\/posts\/129528","targetHints":{"allow":["GET"]}}],"collection":[{"href":"https:\/\/grandepremio.com\/br\/wp-json\/wp\/v2\/posts"}],"about":[{"href":"https:\/\/grandepremio.com\/br\/wp-json\/wp\/v2\/types\/post"}],"replies":[{"embeddable":true,"href":"https:\/\/grandepremio.com\/br\/wp-json\/wp\/v2\/comments?post=129528"}],"version-history":[{"count":0,"href":"https:\/\/grandepremio.com\/br\/wp-json\/wp\/v2\/posts\/129528\/revisions"}],"wp:attachment":[{"href":"https:\/\/grandepremio.com\/br\/wp-json\/wp\/v2\/media?parent=129528"}],"wp:term":[{"taxonomy":"category","embeddable":true,"href":"https:\/\/grandepremio.com\/br\/wp-json\/wp\/v2\/categories?post=129528"},{"taxonomy":"post_tag","embeddable":true,"href":"https:\/\/grandepremio.com\/br\/wp-json\/wp\/v2\/tags?post=129528"},{"taxonomy":"42wp_author","embeddable":true,"href":"https:\/\/grandepremio.com\/br\/wp-json\/wp\/v2\/42wp_author?post=129528"}],"curies":[{"name":"wp","href":"https:\/\/api.w.org\/{rel}","templated":true}]}}