{"id":129546,"date":"2020-07-01T07:32:24","date_gmt":"2020-07-01T10:32:24","guid":{"rendered":"https:\/\/grandepremio.com\/br\/noticias\/video-um-dia-apos-cirurgia-dovizioso-volta-aos-treinos-em-preparacao-para-jerez\/"},"modified":"2020-07-01T08:10:56","modified_gmt":"2020-07-01T11:10:56","slug":"video-um-dia-apos-cirurgia-dovizioso-volta-aos-treinos-em-preparacao-para-jerez","status":"publish","type":"post","link":"https:\/\/grandepremio.com\/br\/motogp\/video-um-dia-apos-cirurgia-dovizioso-volta-aos-treinos-em-preparacao-para-jerez\/","title":{"rendered":"V\u00cdDEO: Um dia ap\u00f3s cirurgia, Dovizioso volta aos treinos em prepara\u00e7\u00e3o para Jerez"},"content":{"rendered":"\n<figure class=\"wp-block-embed-youtube wp-block-embed is-type-video is-provider-youtube wp-embed-aspect-16-9 wp-has-aspect-ratio\"><div class=\"wp-block-embed__wrapper\">\n<iframe loading=\"lazy\" title=\"ROSSI x LORENZO: um muro de dist\u00e2ncia e o raio-x da rivalidade na MOTOGP\" width=\"500\" height=\"281\" src=\"https:\/\/www.youtube.com\/embed\/wZ6WLbaRY30?feature=oembed\" frameborder=\"0\" allow=\"accelerometer; autoplay; clipboard-write; encrypted-media; gyroscope; picture-in-picture; web-share\" referrerpolicy=\"strict-origin-when-cross-origin\" allowfullscreen><\/iframe>\n<\/div><\/figure>\n\n\n\n<p class=\"wp-block-paragraph\"><strong><a href=\"https:\/\/www.grandepremio.com\/br\/motogp\/noticias\/apos-cirurgia-na-clavicula-dovizioso-garante-presenca-em-jerez-estarei-pronto\/\">Andrea Dovizioso n\u00e3o brincou quando disse que estaria pronto para o GP da Espanha<\/a><\/strong>, abertura da temporada 2020 da <strong><a href=\"https:\/\/www.grandepremio.com\/br\/motogp\">MotoGP<\/a><\/strong>. Ainda na ter\u00e7a-feira (30), apenas um dia ap\u00f3s passar por uma cirurgia para fixar uma fratura na clav\u00edcula esquerda, o #4 voltou aos treinos.<\/p>\n\n\n\n<p class=\"wp-block-paragraph\">No \u00faltimo domingo, <strong><a href=\"https:\/\/www.grandepremio.com\/br\/motogp\/noticias\/as-vesperas-da-temporada-dovizioso-fratura-clavicula-em-prova-de-motocross\/\">Andrea sofreu uma queda enquanto participava de etapa do Campeonato Regional de Emilia Romagna de Motocross<\/a><\/strong>, em Faenza, na It\u00e1lia. O italiano, <strong><a href=\"https:\/\/www.grandepremio.com\/br\/motogp\/noticias\/foi-aposta-de-risco-mas-ducati-acerta-ao-liberar-dovizioso-para-prova-de-motocross\/\">que corria com anu\u00eancia da Ducati<\/a><\/strong>, foi ejetado da moto e caiu em cima do ombro esquerdo.<\/p>\n\n\n\n<figure class=\"wp-block-embed-twitter wp-block-embed is-type-rich is-provider-twitter\"><div class=\"wp-block-embed__wrapper\">\n<blockquote class=\"twitter-tweet\" data-width=\"500\" data-dnt=\"true\"><p lang=\"en\" dir=\"ltr\">Hey! \ud83d\udc40 <a href=\"https:\/\/x.com\/AndreaDovizioso?ref_src=twsrc%5Etfw\">@andreadovizioso<\/a> is already back on his feet and working hard for Jerez \ud83e\uddbe | Wish him a speedy recovery using <a href=\"https:\/\/x.com\/hashtag\/GetWellSoonDovi?src=hash&amp;ref_src=twsrc%5Etfw\">#GetWellSoonDovi<\/a><a href=\"https:\/\/x.com\/hashtag\/ForzaDucati?src=hash&amp;ref_src=twsrc%5Etfw\">#ForzaDucati<\/a><a href=\"https:\/\/x.com\/DucatiMotor?ref_src=twsrc%5Etfw\">@DucatiMotor<\/a> | <a href=\"https:\/\/x.com\/MotoGP?ref_src=twsrc%5Etfw\">@MotoGP<\/a> | <a href=\"https:\/\/x.com\/MissionWinnow?ref_src=twsrc%5Etfw\">@MissionWinnow<\/a> <a href=\"https:\/\/t.co\/ypDbqHMkZg\">pic.twitter.com\/ypDbqHMkZg<\/a><\/p>&mdash; Ducati Corse (@ducaticorse) <a href=\"https:\/\/x.com\/ducaticorse\/status\/1278042351160737792?ref_src=twsrc%5Etfw\">June 30, 2020<\/a><\/blockquote><script async src=\"https:\/\/platform.x.com\/widgets.js\" charset=\"utf-8\"><\/script>\n<\/div><\/figure>\n\n\n\n<figure class=\"wp-block-embed-spotify wp-block-embed is-type-rich is-provider-spotify wp-embed-aspect-21-9 wp-has-aspect-ratio\"><div class=\"wp-block-embed__wrapper\">\n<iframe title=\"Spotify Embed: Barrichello melhor que Schumacher? | Paddockast #67\" style=\"border-radius: 12px\" width=\"100%\" height=\"152\" frameborder=\"0\" allowfullscreen allow=\"autoplay; clipboard-write; encrypted-media; fullscreen; picture-in-picture\" loading=\"lazy\" src=\"https:\/\/open.spotify.com\/embed\/episode\/2oWshxbhIyAFpa0bPg0iDA?utm_source=oembed\"><\/iframe>\n<\/div><figcaption><strong>Paddockast #67 |&nbsp;<\/strong>Barrichello melhor que Schumacher?<br>Ou\u00e7a tamb\u00e9m:&nbsp;<a href=\"http:\/\/podcasts.apple.com\/br\/podcast\/paddockast\/id1371540198\">PODCASTS APPLE<\/a>&nbsp;|&nbsp;<a href=\"https:\/\/www.subscribeonandroid.com\/www.central3.com.br\/category\/podcasts\/paddockast\/feed\/podcast\/\">ANDROID<\/a>&nbsp;|&nbsp;<a href=\"https:\/\/player.fm\/series\/paddockast\">PLAYERFM<\/a><\/figcaption><\/figure>\n\n\n\n<p class=\"wp-block-paragraph\">O companheiro de Danilo Petrucci foi levado ao hospital, onde um raio-x confirmou a fratura. Dovizioso foi, ent\u00e3o, operado na Policlinica de Modena, horas ap\u00f3s o acidente, e recebeu alta na manh\u00e3 de segunda-feira.<\/p>\n\n\n\n<p class=\"wp-block-paragraph\">Pelas redes sociais, Andrea mostrou que j\u00e1 est\u00e1 de volta aos treinos. O piloto postou um v\u00eddeo pedalando e outro j\u00e1 fazendo movimentos com os bra\u00e7os, mesmo que sem carga.<\/p>\n\n\n\n<p class=\"wp-block-paragraph\">Depois de muitos adiamentos e cancelamentos, a MotoGP vai iniciar a temporada 2020 no pr\u00f3ximo dia 19, em Jerez de la Frontera, com o GP da Espanha.<\/p>\n\n\n\n<figure class=\"wp-block-embed-youtube wp-block-embed is-type-video is-provider-youtube wp-embed-aspect-16-9 wp-has-aspect-ratio\"><div class=\"wp-block-embed__wrapper\">\n<iframe loading=\"lazy\" title=\"A esperada volta da F1, a inesperada volta da Copa Truck e Bia Figueiredo | Paddock GP #203\" width=\"500\" height=\"281\" src=\"https:\/\/www.youtube.com\/embed\/wkzZYUQmP9k?feature=oembed\" frameborder=\"0\" allow=\"accelerometer; autoplay; clipboard-write; encrypted-media; gyroscope; picture-in-picture; web-share\" referrerpolicy=\"strict-origin-when-cross-origin\" allowfullscreen><\/iframe>\n<\/div><\/figure>\n\n\n","protected":false},"excerpt":{"rendered":"<p>Andrea Dovizioso tenta se recuperar para o GP da Espanha, abertura da temporada 2020 da MotoGP. O #4 fraturou a clav\u00edcula esquerda em um acidente de motocross no domingo<\/p>\n","protected":false},"author":0,"featured_media":0,"comment_status":"closed","ping_status":"closed","sticky":false,"template":"","format":"standard","meta":{"42wp_featured_image_caption":"","42wp_featured_image_credits":"","42wp_featured_video":"","42wp_featured_image_hidden":false,"42wp_authors_list":[],"footnotes":""},"categories":[8],"tags":[143,79,78,553],"42wp_author":[47109],"class_list":["post-129546","post","type-post","status-publish","format-standard","hentry","category-motogp","tag-andrea-dovizioso","tag-moto-gp","tag-motogp","tag-mundial-motogp-2020","42wp_author-redacao-gp"],"_links":{"self":[{"href":"https:\/\/grandepremio.com\/br\/wp-json\/wp\/v2\/posts\/129546","targetHints":{"allow":["GET"]}}],"collection":[{"href":"https:\/\/grandepremio.com\/br\/wp-json\/wp\/v2\/posts"}],"about":[{"href":"https:\/\/grandepremio.com\/br\/wp-json\/wp\/v2\/types\/post"}],"replies":[{"embeddable":true,"href":"https:\/\/grandepremio.com\/br\/wp-json\/wp\/v2\/comments?post=129546"}],"version-history":[{"count":0,"href":"https:\/\/grandepremio.com\/br\/wp-json\/wp\/v2\/posts\/129546\/revisions"}],"wp:attachment":[{"href":"https:\/\/grandepremio.com\/br\/wp-json\/wp\/v2\/media?parent=129546"}],"wp:term":[{"taxonomy":"category","embeddable":true,"href":"https:\/\/grandepremio.com\/br\/wp-json\/wp\/v2\/categories?post=129546"},{"taxonomy":"post_tag","embeddable":true,"href":"https:\/\/grandepremio.com\/br\/wp-json\/wp\/v2\/tags?post=129546"},{"taxonomy":"42wp_author","embeddable":true,"href":"https:\/\/grandepremio.com\/br\/wp-json\/wp\/v2\/42wp_author?post=129546"}],"curies":[{"name":"wp","href":"https:\/\/api.w.org\/{rel}","templated":true}]}}