{"id":129574,"date":"2020-06-30T13:05:57","date_gmt":"2020-06-30T16:05:57","guid":{"rendered":"https:\/\/grandepremio.com\/br\/noticias\/cadeira-cativa-13-debate-pistas-historicas-que-deixaram-a-formula-1\/"},"modified":"2020-06-30T15:16:38","modified_gmt":"2020-06-30T18:16:38","slug":"cadeira-cativa-13-debate-pistas-historicas-que-deixaram-a-formula-1","status":"publish","type":"post","link":"https:\/\/grandepremio.com\/br\/grande-premio\/cadeira-cativa-13-debate-pistas-historicas-que-deixaram-a-formula-1\/","title":{"rendered":"Cadeira Cativa #13 debate pistas hist\u00f3ricas que deixaram a F\u00f3rmula 1"},"content":{"rendered":"\n<figure class=\"wp-block-embed-youtube wp-block-embed is-type-video is-provider-youtube wp-embed-aspect-4-3 wp-has-aspect-ratio\"><div class=\"wp-block-embed__wrapper\">\n<iframe loading=\"lazy\" title=\"Adelaide, N\u00fcrburgring, Estoril: as PISTAS que AMAMOS e que deixaram a F1 | Cadeira Cativa #13\" width=\"500\" height=\"281\" src=\"https:\/\/www.youtube.com\/embed\/XhqBoid6s6k?feature=oembed\" frameborder=\"0\" allow=\"accelerometer; autoplay; clipboard-write; encrypted-media; gyroscope; picture-in-picture; web-share\" referrerpolicy=\"strict-origin-when-cross-origin\" allowfullscreen><\/iframe>\n<\/div><\/figure>\n\n\n\n<p class=\"wp-block-paragraph\">O Cadeira Cativa chega \u00e0 edi\u00e7\u00e3o de n\u00famero #13 nesta ter\u00e7a-feira (30). O programa, apresentado por Flavio Gomes, receber\u00e1 os jornalistas Castilho de Andrade e Mario Andrada e Silva para uma conversa sobre pistas hist\u00f3rias que deixaram o calend\u00e1rio da <a href=\"https:\/\/www.grandepremio.com\/br\/f1\/\">F\u00f3rmula 1<\/a>. A atra\u00e7\u00e3o vai ao ar, ao vivo, a partir das 20h (de Bras\u00edlia, GMT -3), <strong><a href=\"https:\/\/www.youtube.com\/channel\/UC9OlHEgxoaY6QY6nWPoiqQg\">no canal do GRANDE PR\u00caMIO no YouTube<\/a><\/strong>.<\/p>\n\n\n\n<p class=\"wp-block-paragraph\">Castilho de Andrade \u00e9 um renomado jornalista de automobilismo e volta para sua terceira participa\u00e7\u00e3o no programa. Com passagens pelo Jornal da Tarde e Estado de S. Paulo, tamb\u00e9m trabalhou na PSN, no Grupo Globo e no site UOL. Atualmente \u00e9 diretor de imprensa do GP do Brasil de F\u00f3rmula 1 e colunista da Gazeta Esportiva.<\/p>\n\n\n\n<p class=\"wp-block-paragraph\">Mario Andrada volta ao Cadeira Cativa ap\u00f3s a marcante participa\u00e7\u00e3o <strong><a href=\"https:\/\/www.youtube.com\/watch?v=-ZNbt1maxaA&amp;list=PLULYLQYUzB5quTd-TVZPMhYwfGBYPTVy7&amp;index=5&amp;t=273s\">no programa especial sobre a morte de Ayrton Senna<\/a><\/strong>. Atuou na Folha de S. Paulo e Jornal do Brasil, tamb\u00e9m foi editor da Reuters na Am\u00e9rica Latina e trabalhou no comit\u00ea de comunica\u00e7\u00e3o dos Jogos Ol\u00edmpicos de 2016, no Rio de Janeiro.<\/p>\n\n\n\n<p class=\"wp-block-paragraph\">O Cadeira Cativa, que re\u00fane jornalistas e especialistas do esporte a motor, tem produ\u00e7\u00e3o de Evelyn Guimar\u00e3es, Gabriel Carvalho, Pedro Luis Cuenca e Rodrigo Berton. <a href=\"https:\/\/www.youtube.com\/playlist?list=PLULYLQYUzB5quTd-TVZPMhYwfGBYPTVy7\">Confira aqui os programas anteriores.<\/a><\/p>\n\n\n\n<figure class=\"wp-block-embed-spotify wp-block-embed is-type-rich is-provider-spotify wp-embed-aspect-21-9 wp-has-aspect-ratio\"><div class=\"wp-block-embed__wrapper\">\n<iframe title=\"Spotify Embed: Barrichello melhor que Schumacher? | Paddockast #67\" style=\"border-radius: 12px\" width=\"100%\" height=\"152\" frameborder=\"0\" allowfullscreen allow=\"autoplay; clipboard-write; encrypted-media; fullscreen; picture-in-picture\" loading=\"lazy\" src=\"https:\/\/open.spotify.com\/embed\/episode\/2oWshxbhIyAFpa0bPg0iDA?t=0&amp;utm_source=oembed\"><\/iframe>\n<\/div><figcaption><strong>Paddockast #67 |&nbsp;<\/strong>Barrichello melhor que Schumacher?<br>Ou\u00e7a tamb\u00e9m:&nbsp;<a href=\"http:\/\/podcasts.apple.com\/br\/podcast\/paddockast\/id1371540198\">PODCASTS APPLE<\/a>&nbsp;|&nbsp;<a href=\"https:\/\/www.subscribeonandroid.com\/www.central3.com.br\/category\/podcasts\/paddockast\/feed\/podcast\/\">ANDROID<\/a>&nbsp;|&nbsp;<a href=\"https:\/\/player.fm\/series\/paddockast\">PLAYERFM<\/a><\/figcaption><\/figure>\n\n\n","protected":false},"excerpt":{"rendered":"<p>Atra\u00e7\u00e3o promover\u00e1 debate<br \/>\n sobre pistas que marcaram a hist\u00f3ria da F\u00f3rmula 1 e agora est\u00e3o fora do calend\u00e1rio. Flavio Gomes comanda o programa, que vai ao ar \u00e0s 20h (de Bras\u00edlia. GMT -3)<\/p>\n","protected":false},"author":0,"featured_media":1000391249,"comment_status":"closed","ping_status":"closed","sticky":false,"template":"","format":"standard","meta":{"42wp_featured_image_caption":"","42wp_featured_image_credits":"","42wp_featured_video":"","42wp_featured_image_hidden":false,"42wp_authors_list":[],"footnotes":""},"categories":[4],"tags":[24900,25283,2982,122,1491,5386,25284,3799],"42wp_author":[47109],"class_list":["post-129574","post","type-post","status-publish","format-standard","has-post-thumbnail","hentry","category-grande-premio","tag-cadeira-cativa","tag-castilho-de-andrade","tag-estoril","tag-flavio-gomes","tag-grande-premio","tag-imola","tag-mario-andrada-e-silva","tag-nurburgring","42wp_author-redacao-gp"],"_links":{"self":[{"href":"https:\/\/grandepremio.com\/br\/wp-json\/wp\/v2\/posts\/129574","targetHints":{"allow":["GET"]}}],"collection":[{"href":"https:\/\/grandepremio.com\/br\/wp-json\/wp\/v2\/posts"}],"about":[{"href":"https:\/\/grandepremio.com\/br\/wp-json\/wp\/v2\/types\/post"}],"replies":[{"embeddable":true,"href":"https:\/\/grandepremio.com\/br\/wp-json\/wp\/v2\/comments?post=129574"}],"version-history":[{"count":0,"href":"https:\/\/grandepremio.com\/br\/wp-json\/wp\/v2\/posts\/129574\/revisions"}],"wp:featuredmedia":[{"embeddable":true,"href":"https:\/\/grandepremio.com\/br\/wp-json\/wp\/v2\/media\/1000391249"}],"wp:attachment":[{"href":"https:\/\/grandepremio.com\/br\/wp-json\/wp\/v2\/media?parent=129574"}],"wp:term":[{"taxonomy":"category","embeddable":true,"href":"https:\/\/grandepremio.com\/br\/wp-json\/wp\/v2\/categories?post=129574"},{"taxonomy":"post_tag","embeddable":true,"href":"https:\/\/grandepremio.com\/br\/wp-json\/wp\/v2\/tags?post=129574"},{"taxonomy":"42wp_author","embeddable":true,"href":"https:\/\/grandepremio.com\/br\/wp-json\/wp\/v2\/42wp_author?post=129574"}],"curies":[{"name":"wp","href":"https:\/\/api.w.org\/{rel}","templated":true}]}}