{"id":129640,"date":"2020-06-27T08:55:31","date_gmt":"2020-06-27T11:55:31","guid":{"rendered":"https:\/\/grandepremio.com\/br\/noticias\/hamilton-defende-retorno-da-formula-1-a-africa-e-um-lugar-importante-para-voltar\/"},"modified":"2020-06-27T08:55:39","modified_gmt":"2020-06-27T11:55:39","slug":"hamilton-defende-retorno-da-formula-1-a-africa-e-um-lugar-importante-para-voltar","status":"publish","type":"post","link":"https:\/\/grandepremio.com\/br\/f1\/hamilton-defende-retorno-da-formula-1-a-africa-e-um-lugar-importante-para-voltar\/","title":{"rendered":"Hamilton defende retorno da F\u00f3rmula 1 \u00e0 \u00c1frica: \u201c\u00c9 um lugar importante para voltar\u201d"},"content":{"rendered":"\n<figure class=\"wp-block-embed-youtube wp-block-embed is-type-video is-provider-youtube wp-embed-aspect-16-9 wp-has-aspect-ratio\"><div class=\"wp-block-embed__wrapper\">\n<iframe loading=\"lazy\" title=\"HAMILTON na F1 e BUBBA WALLACE na Nascar mostram CAMINHO e exp\u00f5em ratos | GP \u00e0s 10\" width=\"500\" height=\"281\" src=\"https:\/\/www.youtube.com\/embed\/z9u-5ej9XXI?feature=oembed\" frameborder=\"0\" allow=\"accelerometer; autoplay; clipboard-write; encrypted-media; gyroscope; picture-in-picture; web-share\" referrerpolicy=\"strict-origin-when-cross-origin\" allowfullscreen><\/iframe>\n<\/div><\/figure>\n\n\n\n<p class=\"wp-block-paragraph\">J\u00e1 se v\u00e3o 27 anos desde a \u00faltima vez que a F\u00f3rmula 1 correu na \u00c1frica. A derradeira prova no continente marcou a abertura da temporada de 1993, o GP da \u00c1frica do Sul, em Kyalami, e teve a vit\u00f3ria de Alain Prost, que iniciou sua arrancada para o tetracampeonato com a Williams. Desde ent\u00e3o, o circuito, localizado ao norte de Joanesburgo, quase fechou as portas, mas passou por um amplo processo de revitaliza\u00e7\u00e3o e hoje j\u00e1 recebe provas importantes, sobretudo do endurance. Contudo, ainda n\u00e3o h\u00e1 perspectiva para o retorno da F1.<\/p>\n\n\n\n<p class=\"wp-block-paragraph\">Lewis Hamilton, hexacampe\u00e3o mundial de F\u00f3rmula 1 e uma das grandes vozes do esporte na atualidade na luta contra o racismo e as desigualdades sociais, expressou o desejo de disputar uma corrida de F\u00f3rmula 1 na \u00c1frica. \u00c9 do continente uma das suas maiores refer\u00eancias da vida, Nelson Mandela, ex-presidente sul-africano, que morreu em 2013.<\/p>\n\n\n\n<figure class=\"wp-block-image size-large\"><img decoding=\"async\" src=\"https:\/\/www.grandepremio.com\/br\/wp-content\/uploads\/2019\/11\/201911131310957_131209882_DMa.jpg\" alt=\"\" class=\"wp-image-355957\"\/><figcaption>Hamilton n\u00e3o esconde a vontade de ver a F\u00f3rmula 1 correr na \u00c1frica (Foto: McLaren)<\/figcaption><\/figure>\n\n\n\n<p class=\"wp-block-paragraph\">Em entrevista divulgada pela Petronas, petrol\u00edfera malaia que \u00e9 a principal patrocinadora da Mercedes, Hamilton foi questionado sobre qual local escolheria para a F\u00f3rmula 1 realizar uma corrida no futuro. O dono de 84 vit\u00f3rias e 88 poles na carreira n\u00e3o teve d\u00favidas.<\/p>\n\n\n\n<p class=\"wp-block-paragraph\">\u201cF\u00e1cil, a \u00c1frica! \u00c9 um lugar muito importante para voltar. A F\u00f3rmula 1 deve mudar para ser um esporte que vai a determinados lugares e viver atr\u00e1s de algo para ajudar as comunidades\u201d, salientou Lewis.<\/p>\n\n\n\n<p class=\"wp-block-paragraph\">\u201cAcho que \u00e9 preciso prestar mais aten\u00e7\u00e3o \u00e0 \u00c1frica e refor\u00e7ar o lugar precioso que \u00e9. \u00c9 o lugar mais importante que n\u00f3s temos de ir\u201d, complementou.<\/p>\n\n\n\n<figure class=\"wp-block-embed-twitter wp-block-embed is-type-rich is-provider-twitter\"><div class=\"wp-block-embed__wrapper\">\nhttps:\/\/twitter.com\/MG__Racing\/status\/1158997707547131905\n<\/div><\/figure>\n\n\n\n<p class=\"wp-block-paragraph\">Hamilton tem uma grande quantidade de f\u00e3s na \u00c1frica. No ano passado, viralizou nas redes sociais uma imagem de torcedores em Gana que vibraram quando Lewis ultrapassou Max Verstappen para vencer o GP da Hungria.<\/p>\n\n\n\n<p class=\"wp-block-paragraph\">No ano passado, a <a href=\"https:\/\/www.grandepremio.com\/br\/f1\/noticias\/f1-confirma-interesse-em-corrida-na-africa-e-define-principais-candidatos-africa-do-sul-e-marrocos\/\">F\u00f3rmula 1, por meio do antigo diretor comercial da categoria, Sean Bratches, revelou a inten\u00e7\u00e3o de voltar a correr na \u00c1frica nos pr\u00f3ximos anos<\/a>, citando a \u00c1frica do Sul e o Marrocos como destinos mais prov\u00e1veis.<\/p>\n\n\n\n<p class=\"wp-block-paragraph\">\u201cN\u00f3s estamos correndo em cinco continentes agora. O \u00fanico continente habitado sem corridas \u00e9 a \u00c1frica\u201d, disse o executivo. \u201cTivemos conversas produtivas com a \u00c1frica do Sul e, em menor n\u00edvel, com o Marrocos sobre um GP. Estamos em cima disso, \u00e9 algo importante para n\u00f3s\u201d, destacou.<\/p>\n\n\n\n<p class=\"wp-block-paragraph\">Bratches n\u00e3o explicou se os dois pa\u00edses brigam pelo mesmo espa\u00e7o no calend\u00e1rio. O que se sabe \u00e9 que, para ambos, o apoio governamental seria chave para a realiza\u00e7\u00e3o do projeto. \u201cA grande maioria dos nossos GPs tem envolvimento do governo, e \u00e9 assim porque funciona. N\u00f3s trazemos uma luz brilhante sobre as cidades\u201d, complementou.<\/p>\n\n\n\n<figure class=\"wp-block-embed-youtube wp-block-embed is-type-video is-provider-youtube wp-embed-aspect-16-9 wp-has-aspect-ratio\"><div class=\"wp-block-embed__wrapper\">\n<iframe loading=\"lazy\" title=\"MCLAREN tem mais chances de sair da CRISE na F1 do que a WILLIAMS | GP \u00e0s 10\" width=\"500\" height=\"281\" src=\"https:\/\/www.youtube.com\/embed\/hv5gkGMvwl0?start=1&amp;feature=oembed\" frameborder=\"0\" allow=\"accelerometer; autoplay; clipboard-write; encrypted-media; gyroscope; picture-in-picture; web-share\" referrerpolicy=\"strict-origin-when-cross-origin\" allowfullscreen><\/iframe>\n<\/div><\/figure>\n","protected":false},"excerpt":{"rendered":"<p>A F\u00f3rmula 1 n\u00e3o corre no continente africano desde 1993, quando Alain Prost venceu o GP da \u00c1frica do Sul em Kyalami. Lewis Hamilton, que tem muitos f\u00e3s na \u00c1frica, expressou o desejo de ver a categoria \u201cajudar as comunidades\u201d<\/p>\n","protected":false},"author":0,"featured_media":1000390744,"comment_status":"closed","ping_status":"closed","sticky":false,"template":"","format":"standard","meta":{"42wp_featured_image_caption":"","42wp_featured_image_credits":"","42wp_featured_video":"","42wp_featured_image_hidden":false,"42wp_authors_list":[],"footnotes":""},"categories":[2],"tags":[147,118,24837,24836,1738,87],"42wp_author":[47109],"class_list":["post-129640","post","type-post","status-publish","format-standard","has-post-thumbnail","hentry","category-f1","tag-f1","tag-f1-2020","tag-formula-1-2","tag-grande-premio-2","tag-kyalami","tag-lewis-hamilton","42wp_author-redacao-gp"],"_links":{"self":[{"href":"https:\/\/grandepremio.com\/br\/wp-json\/wp\/v2\/posts\/129640","targetHints":{"allow":["GET"]}}],"collection":[{"href":"https:\/\/grandepremio.com\/br\/wp-json\/wp\/v2\/posts"}],"about":[{"href":"https:\/\/grandepremio.com\/br\/wp-json\/wp\/v2\/types\/post"}],"replies":[{"embeddable":true,"href":"https:\/\/grandepremio.com\/br\/wp-json\/wp\/v2\/comments?post=129640"}],"version-history":[{"count":0,"href":"https:\/\/grandepremio.com\/br\/wp-json\/wp\/v2\/posts\/129640\/revisions"}],"wp:featuredmedia":[{"embeddable":true,"href":"https:\/\/grandepremio.com\/br\/wp-json\/wp\/v2\/media\/1000390744"}],"wp:attachment":[{"href":"https:\/\/grandepremio.com\/br\/wp-json\/wp\/v2\/media?parent=129640"}],"wp:term":[{"taxonomy":"category","embeddable":true,"href":"https:\/\/grandepremio.com\/br\/wp-json\/wp\/v2\/categories?post=129640"},{"taxonomy":"post_tag","embeddable":true,"href":"https:\/\/grandepremio.com\/br\/wp-json\/wp\/v2\/tags?post=129640"},{"taxonomy":"42wp_author","embeddable":true,"href":"https:\/\/grandepremio.com\/br\/wp-json\/wp\/v2\/42wp_author?post=129640"}],"curies":[{"name":"wp","href":"https:\/\/api.w.org\/{rel}","templated":true}]}}