{"id":129654,"date":"2020-06-26T07:47:26","date_gmt":"2020-06-26T10:47:26","guid":{"rendered":"https:\/\/grandepremio.com\/br\/noticias\/aleix-espargaro-confirma-grande-potencial-da-aprilia-em-teste-em-misano\/"},"modified":"2020-06-26T07:47:32","modified_gmt":"2020-06-26T10:47:32","slug":"aleix-espargaro-confirma-grande-potencial-da-aprilia-em-teste-em-misano","status":"publish","type":"post","link":"https:\/\/grandepremio.com\/br\/motogp\/aleix-espargaro-confirma-grande-potencial-da-aprilia-em-teste-em-misano\/","title":{"rendered":"Aleix Espargar\u00f3 confirma \u201cgrande potencial\u201d da Aprilia em teste em Misano"},"content":{"rendered":"\n<p class=\"wp-block-paragraph\">Aleix Espargar\u00f3 voltou a guiar a Aprilia ap\u00f3s quatro meses. O catal\u00e3o participou de um teste privado de tr\u00eas dias em Misano nesta semana e exaltou o \u201cgrande potencial\u201d da RS-GP, que foi completamente reformulada para a temporada 2020 da <strong><a href=\"https:\/\/www.grandepremio.com\/br\/motogp\">MotoGP<\/a><\/strong>.<\/p>\n\n\n\n<p class=\"wp-block-paragraph\">Assim como a maioria dos esportes, o Mundial de Motovelocidade teve de adiar suas atividades por conta da pandemia do novo coronav\u00edrus. Depois de uma s\u00e9rie de adiamentos e cancelamentos, a <strong><a href=\"https:\/\/www.grandepremio.com\/br\/motogp\/noticias\/com-13-provas-cinco-paises-motogp-divulga-calendario-2020\/\">Dorna, promotora do campeonato, apresentou um calend\u00e1rio de 13 etapas<\/a><\/strong>, <strong><a href=\"https:\/\/www.grandepremio.com\/br\/motogp\/noticias\/falta-componente-mundial-mas-euromotogp-e-melhor-que-tem-para-hoje\/\">todas dentro da Europa<\/a><\/strong>, mas <strong><a href=\"https:\/\/www.grandepremio.com\/br\/motogp\/noticias\/motogp-planeja-decidir-ate-fim-de-julho-se-vai-correr-fora-da-europa-em-2020\/\">ainda mantendo a d\u00favida em rela\u00e7\u00e3o \u00e0s etapas de Mal\u00e1sia, Tail\u00e2ndia, Austin e Argentina<\/a><\/strong>.<\/p>\n\n\n\n<figure class=\"wp-block-image size-large\"><img decoding=\"async\" src=\"https:\/\/www.grandepremio.com\/br\/wp-content\/uploads\/2020\/06\/ApAleix-1024x682.jpg\" alt=\"MotoGP 2020 San Marino Misano Teste Aprilia Aleix Espargar\u00f3\" class=\"wp-image-390533\"\/><figcaption>Aleix Espargar\u00f3 renovou com a Aprilia por mais dois anos (Foto: Aprilia)<\/figcaption><\/figure>\n\n\n\n<figure class=\"wp-block-embed-spotify wp-block-embed is-type-rich is-provider-spotify wp-embed-aspect-21-9 wp-has-aspect-ratio\"><div class=\"wp-block-embed__wrapper\">\n<iframe title=\"Spotify Embed: Barrichello melhor que Schumacher? | Paddockast #67\" style=\"border-radius: 12px\" width=\"100%\" height=\"152\" frameborder=\"0\" allowfullscreen allow=\"autoplay; clipboard-write; encrypted-media; fullscreen; picture-in-picture\" loading=\"lazy\" src=\"https:\/\/open.spotify.com\/embed\/episode\/2oWshxbhIyAFpa0bPg0iDA?utm_source=oembed\"><\/iframe>\n<\/div><figcaption><strong>Paddockast #67 |\u00a0<\/strong>Barrichello melhor que Schumacher?<br>Ou\u00e7a tamb\u00e9m:\u00a0<a href=\"http:\/\/podcasts.apple.com\/br\/podcast\/paddockast\/id1371540198\">PODCASTS APPLE<\/a>\u00a0|\u00a0<a href=\"https:\/\/www.subscribeonandroid.com\/www.central3.com.br\/category\/podcasts\/paddockast\/feed\/podcast\/\">ANDROID<\/a>\u00a0|\u00a0<a href=\"https:\/\/player.fm\/series\/paddockast\">PLAYERFM<\/a><\/figcaption><\/figure>\n\n\n\n<p class=\"wp-block-paragraph\">Assim, o campeonato come\u00e7a em 19 de julho, com o GP da Espanha, em Jerez de la Frontera. Na semana seguinte, o mesmo tra\u00e7ado recebe o GP de Andaluzia.<\/p>\n\n\n\n<p class=\"wp-block-paragraph\">Em fase preparat\u00f3ria para o in\u00edcio do campeonato, Aprilia, KTM, Ducati, Tech3 e Suzuki se reuniram pela primeira vez desde o teste do Catar, o \u00faltimo da pr\u00e9-temporada.<\/p>\n\n\n\n<p class=\"wp-block-paragraph\">Na atividade, a marca austr\u00edaca mostrou a for\u00e7a da RC16 e dominou os trabalhos com 1min32s9, marca registrada por Pol Espargar\u00f3 e depois repetida por Miguel Oliveira. No dia final, por\u00e9m, Aleix igualou o tempo, aproveitando a aus\u00eancia da KTM.<\/p>\n\n\n\n<p class=\"wp-block-paragraph\">A casa de Noale aproveitou a atividade para testar atualiza\u00e7\u00f5es de chassi, motor e eletr\u00f4nica. A <strong><a href=\"https:\/\/www.grandepremio.com\/br\/motogp\/noticias\/aleix-espargaro-lamenta-perda-de-aceleracao-mas-avisa-a-moto-tem-muito-potencial\/\">RS-GP passou por uma revolu\u00e7\u00e3o<\/a><\/strong> na tentativa de ganhar performance para 2020.<\/p>\n\n\n\n<p class=\"wp-block-paragraph\">\u201cDepois de uma pausa t\u00e3o longa, foi empolgante voltar para a pista e mal posso esperar para ir para Jerez para as duas primeiras corridas\u201d, disse Aleix.<\/p>\n\n\n\n<p class=\"wp-block-paragraph\">Ao longo do teste, Aleix completou 183 voltas e, <strong><a href=\"https:\/\/www.grandepremio.com\/br\/motogp\/noticias\/motivado-feliz-e-empolgado-aleix-espargaro-se-encanta-com-evolucao-da-aprilia\/\">assim como tinha feito na pr\u00e9-temporada<\/a><\/strong>, se mostrou animado com o desempenho do prot\u00f3tipo italiano.<\/p>\n\n\n\n<p class=\"wp-block-paragraph\">\u201cCompletar muitas voltas \u00e9 fundamental para n\u00f3s. Temos uma moto totalmente nova, que, apensar de ter nascido com um grande potencial, precisa de alguma quilometragem\u201d, indicou o piloto de Granollers. \u201cTamb\u00e9m sabemos que Misano n\u00e3o \u00e9 a nossa pista favorita, mas, apesar disso, no fim de tr\u00eas dias, conseguimos atingir um bom ritmo, confirmando as impress\u00f5es que tivemos j\u00e1 na Mal\u00e1sia e no Catar\u201d, completou.<\/p>\n\n\n\n<figure class=\"wp-block-embed-dailymotion wp-block-embed is-type-video is-provider-dailymotion wp-embed-aspect-16-9 wp-has-aspect-ratio\"><div class=\"wp-block-embed__wrapper\">\n<iframe loading=\"lazy\" title=\"Bruno Sutter, Felipe Torres e Franco Fanti nos 20 anos de Hermes e Renato | Passa Ou Ultrapassa #7\" frameborder=\"0\" width=\"500\" height=\"281\" src=\"https:\/\/geo.dailymotion.com\/player.html?video=x7uix07&#038;\" allowfullscreen allow=\"autoplay; fullscreen; picture-in-picture; web-share\"><\/iframe>\n<\/div><\/figure>\n\n\n","protected":false},"excerpt":{"rendered":"<p>Aleix Espargar\u00f3 completou 183 voltas ao longo de tr\u00eas dias na casa do GP de San Marino e da Riviera de Rimini. O catal\u00e3o igualou o melhor tempo da KTM na atividade privada<\/p>\n","protected":false},"author":0,"featured_media":1000390531,"comment_status":"closed","ping_status":"closed","sticky":false,"template":"","format":"standard","meta":{"42wp_featured_image_caption":"","42wp_featured_image_credits":"","42wp_featured_video":"","42wp_featured_image_hidden":false,"42wp_authors_list":[],"footnotes":""},"categories":[8],"tags":[133,79,78,553],"42wp_author":[47109],"class_list":["post-129654","post","type-post","status-publish","format-standard","has-post-thumbnail","hentry","category-motogp","tag-aprilia","tag-moto-gp","tag-motogp","tag-mundial-motogp-2020","42wp_author-redacao-gp"],"_links":{"self":[{"href":"https:\/\/grandepremio.com\/br\/wp-json\/wp\/v2\/posts\/129654","targetHints":{"allow":["GET"]}}],"collection":[{"href":"https:\/\/grandepremio.com\/br\/wp-json\/wp\/v2\/posts"}],"about":[{"href":"https:\/\/grandepremio.com\/br\/wp-json\/wp\/v2\/types\/post"}],"replies":[{"embeddable":true,"href":"https:\/\/grandepremio.com\/br\/wp-json\/wp\/v2\/comments?post=129654"}],"version-history":[{"count":0,"href":"https:\/\/grandepremio.com\/br\/wp-json\/wp\/v2\/posts\/129654\/revisions"}],"wp:featuredmedia":[{"embeddable":true,"href":"https:\/\/grandepremio.com\/br\/wp-json\/wp\/v2\/media\/1000390531"}],"wp:attachment":[{"href":"https:\/\/grandepremio.com\/br\/wp-json\/wp\/v2\/media?parent=129654"}],"wp:term":[{"taxonomy":"category","embeddable":true,"href":"https:\/\/grandepremio.com\/br\/wp-json\/wp\/v2\/categories?post=129654"},{"taxonomy":"post_tag","embeddable":true,"href":"https:\/\/grandepremio.com\/br\/wp-json\/wp\/v2\/tags?post=129654"},{"taxonomy":"42wp_author","embeddable":true,"href":"https:\/\/grandepremio.com\/br\/wp-json\/wp\/v2\/42wp_author?post=129654"}],"curies":[{"name":"wp","href":"https:\/\/api.w.org\/{rel}","templated":true}]}}