{"id":129665,"date":"2020-06-25T15:16:38","date_gmt":"2020-06-25T18:16:38","guid":{"rendered":"https:\/\/grandepremio.com\/br\/noticias\/nascar-divulga-imagem-de-no-de-forca-encontrado-na-garagem-de-bubba-wallace\/"},"modified":"2020-06-25T15:16:46","modified_gmt":"2020-06-25T18:16:46","slug":"nascar-divulga-imagem-de-no-de-forca-encontrado-na-garagem-de-bubba-wallace","status":"publish","type":"post","link":"https:\/\/grandepremio.com\/br\/nascar\/nascar-divulga-imagem-de-no-de-forca-encontrado-na-garagem-de-bubba-wallace\/","title":{"rendered":"Nascar divulga imagem de n\u00f3 de forca encontrado na garagem de Bubba Wallace"},"content":{"rendered":"\n<p class=\"wp-block-paragraph\">A Nascar divulgou uma foto bastante clara do <a href=\"https:\/\/www.grandepremio.com\/br\/nascar\/noticias\/simbolo-racista-no-de-forca-e-encontrado-na-garagem-de-wallace\/\"><strong>n\u00f3 de forca encontrado na garagem de Bubba Wallace<\/strong><\/a>. Nesta quinta-feira (25), a categoria norte-americana compartilhou uma imagem da corda amarrada na garagem em Talladega.<\/p>\n\n\n\n<p class=\"wp-block-paragraph\">A princ\u00edpio, a pe\u00e7a foi apontada como um ataque de racismo direcionado ao titular da Richard Petty Motorsports, o \u00fanico preto do grid. Depois de investiga\u00e7\u00e3o, entretanto, o FBI, envolvido no caso, concluiu que, na verdade, <strong><a href=\"https:\/\/www.grandepremio.com\/br\/nascar\/noticias\/fbi-nega-que-bubba-wallace-tenha-sido-alvo-de-ato-racista-em-talladega\/\">estava ali apenas para fechar a porta do box<\/a><\/strong> e que n\u00e3o havia sido colocada nem em 2020. <\/p>\n\n\n\n<p class=\"wp-block-paragraph\">A investiga\u00e7\u00e3o apontou que a corda estava ali desde outubro de 2019, quando as novas garagens foram instaladas em Talladega. As garagens n\u00e3o tinham sido usadas novamente at\u00e9 a corrida da Nascar do final de semana.<\/p>\n\n\n\n<p class=\"wp-block-paragraph\">Antes da corrida, uma homenagem foi feito ao piloto, com um v\u00eddeo com todos os colegas de grid repudiando atos racistas e <a href=\"https:\/\/www.grandepremio.com\/br\/nascar\/noticias\/nascar-junta-pilotos-e-mecanicos-em-volta-de-carro-de-wallace-em-repudio-a-ato-racista\/\"><strong>competidores e mec\u00e2nicos em volta do carro #43.<\/strong><\/a><\/p>\n\n\n\n<p class=\"wp-block-paragraph\">Imagens distantes e sem muita resolu\u00e7\u00e3o j\u00e1 haviam sido compartilhadas nas redes sociais. Entretanto, Steve Phelps, chef\u00e3o da Nascar, informou que a nova imagem foi tirada pelos seguran\u00e7as da categoria para ser inclu\u00edda na investiga\u00e7\u00e3o.<\/p>\n\n\n\n<p class=\"wp-block-paragraph\">Sobre o caso, Phelps afirmou que \u201cem retrospectiva, deveria ter usado a palavra alegada\u201d. Entretanto, afirmou que o n\u00f3 de forca era real, igualmente a preocupa\u00e7\u00e3o com Bubba.<\/p>\n\n\n\n<figure class=\"wp-block-image size-large\"><img decoding=\"async\" src=\"https:\/\/www.grandepremio.com\/br\/wp-content\/uploads\/2020\/06\/EbX82bpWoAADLDF-767x1024.jpg\" alt=\"Bubba Wallace, Nascar 2020, N\u00f3 de forca\" class=\"wp-image-390250\"\/><figcaption>O n\u00f3 de forca encontrado na garagem de Bubba (Foto: Nascar)<\/figcaption><\/figure>\n\n\n\n<p class=\"wp-block-paragraph\">O dirigente ainda assumiu \u201ctotal responsabilidade\u201d pelas palavras usadas, mas sentiu que um piloto foi amea\u00e7ado e que restava \u00e0 Nascar reagir e investigar. Por fim, afirmou que, se a corda estava desde outubro e ningu\u00e9m se queixou foi porque \u201calgu\u00e9m viu e n\u00e3o reagiu negativamente.\u201d<\/p>\n\n\n\n<p class=\"wp-block-paragraph\">\u201cPrecisamos garantir agora que isso n\u00e3o aconte\u00e7a no futuro. Precisamos fazer isso melhor como uma ind\u00fastria\u201d.<\/p>\n\n\n\n<p class=\"wp-block-paragraph\">Steve ainda explicou que pediu para que 20 circuitos da Nascar investigassem suas garagens \u2013 um total de 1.648. Delas, 11 cordas presas nas portas das garagens foram encontradas, mas apenas a de Talladega estava com o n\u00f3 daquele modo.<\/p>\n\n\n\n<p class=\"wp-block-paragraph\"><a href=\"https:\/\/www.grandepremio.com\/br\/nascar\/noticias\/bubba-wallace-agradece-apoio-e-ve-progresso-por-esporte-mais-acolhedor\/\"><strong>Wallace chegou a escrever um texto em suas redes sociais sobre todo o ocorrido<\/strong><\/a>. \u201cQuero agradecer minha equipe, a Nascar e a FBI por terem tratado isso como uma amea\u00e7a real\u201d, al\u00e9m de refor\u00e7ar o avan\u00e7o para um esporte mais aberto.<\/p>\n","protected":false},"excerpt":{"rendered":"<p>A categoria norte-americana compartilhou a imagem utilizada na investiga\u00e7\u00e3o da FBI, onde claramente \u00e9 poss\u00edvel observar o n\u00f3<\/p>\n","protected":false},"author":0,"featured_media":1000389656,"comment_status":"closed","ping_status":"closed","sticky":false,"template":"","format":"standard","meta":{"42wp_featured_image_caption":"","42wp_featured_image_credits":"","42wp_featured_video":"","42wp_featured_image_hidden":false,"42wp_authors_list":[],"footnotes":""},"categories":[14],"tags":[25031,2545],"42wp_author":[47109],"class_list":["post-129665","post","type-post","status-publish","format-standard","has-post-thumbnail","hentry","category-nascar","tag-bubba-wallace","tag-racismo","42wp_author-redacao-gp"],"_links":{"self":[{"href":"https:\/\/grandepremio.com\/br\/wp-json\/wp\/v2\/posts\/129665","targetHints":{"allow":["GET"]}}],"collection":[{"href":"https:\/\/grandepremio.com\/br\/wp-json\/wp\/v2\/posts"}],"about":[{"href":"https:\/\/grandepremio.com\/br\/wp-json\/wp\/v2\/types\/post"}],"replies":[{"embeddable":true,"href":"https:\/\/grandepremio.com\/br\/wp-json\/wp\/v2\/comments?post=129665"}],"version-history":[{"count":0,"href":"https:\/\/grandepremio.com\/br\/wp-json\/wp\/v2\/posts\/129665\/revisions"}],"wp:featuredmedia":[{"embeddable":true,"href":"https:\/\/grandepremio.com\/br\/wp-json\/wp\/v2\/media\/1000389656"}],"wp:attachment":[{"href":"https:\/\/grandepremio.com\/br\/wp-json\/wp\/v2\/media?parent=129665"}],"wp:term":[{"taxonomy":"category","embeddable":true,"href":"https:\/\/grandepremio.com\/br\/wp-json\/wp\/v2\/categories?post=129665"},{"taxonomy":"post_tag","embeddable":true,"href":"https:\/\/grandepremio.com\/br\/wp-json\/wp\/v2\/tags?post=129665"},{"taxonomy":"42wp_author","embeddable":true,"href":"https:\/\/grandepremio.com\/br\/wp-json\/wp\/v2\/42wp_author?post=129665"}],"curies":[{"name":"wp","href":"https:\/\/api.w.org\/{rel}","templated":true}]}}