{"id":129685,"date":"2020-06-24T16:00:00","date_gmt":"2020-06-24T19:00:00","guid":{"rendered":"https:\/\/grandepremio.com\/br\/noticias\/formula-1-2020-nem-comecou-mas-ferrari-ja-chega-cercada-de-desconfianca\/"},"modified":"2020-06-23T16:47:23","modified_gmt":"2020-06-23T19:47:23","slug":"formula-1-2020-nem-comecou-mas-ferrari-ja-chega-cercada-de-desconfianca","status":"publish","type":"post","link":"https:\/\/grandepremio.com\/br\/f1\/formula-1-2020-nem-comecou-mas-ferrari-ja-chega-cercada-de-desconfianca\/","title":{"rendered":"F\u00f3rmula 1 2020 nem come\u00e7ou, mas Ferrari j\u00e1 chega cercada de desconfian\u00e7a"},"content":{"rendered":"\n<p class=\"wp-block-paragraph\">Qual a real situa\u00e7\u00e3o da Ferrari na F\u00f3rmula 1 2020? Bom, s\u00f3 saberemos no GP da \u00c1ustria, mas o que d\u00e1 para dizer \u00e9 que a perspectiva n\u00e3o \u00e9 legal. No <strong>Paddock GP #202<\/strong>, os jornalistas projetaram os italianos sofrendo na compara\u00e7\u00e3o com a Mercedes e at\u00e9 com a Red Bull.<\/p>\n\n\n\n<p class=\"wp-block-paragraph\"><strong>Assista ao trecho abaixo:<\/strong><\/p>\n\n\n\n<figure class=\"wp-block-embed-youtube wp-block-embed is-type-video is-provider-youtube wp-embed-aspect-16-9 wp-has-aspect-ratio\"><div class=\"wp-block-embed__wrapper\">\n<iframe loading=\"lazy\" title=\"As diferentes lutas de ZANARDI, HAMILTON e BUBBA WALLACE | Paddock GP #202\" width=\"500\" height=\"281\" src=\"https:\/\/www.youtube.com\/embed\/MWHB6vI4pmg?start=7349&amp;feature=oembed\" frameborder=\"0\" allow=\"accelerometer; autoplay; clipboard-write; encrypted-media; gyroscope; picture-in-picture; web-share\" referrerpolicy=\"strict-origin-when-cross-origin\" allowfullscreen><\/iframe>\n<\/div><\/figure>\n\n\n","protected":false},"excerpt":{"rendered":"<p>O desempenho bem estranho na pr\u00e9-temporada e as declara\u00e7\u00f5es pessimistas deixam claro: a Ferrari j\u00e1 come\u00e7a a temporada 2020 sob press\u00e3o. E o Paddock GP #202 explicou os motivos e os riscos para os italianos<\/p>\n","protected":false},"author":0,"featured_media":1000389787,"comment_status":"closed","ping_status":"closed","sticky":false,"template":"","format":"standard","meta":{"42wp_featured_image_caption":"","42wp_featured_image_credits":"","42wp_featured_video":"","42wp_featured_image_hidden":false,"42wp_authors_list":[],"footnotes":""},"categories":[2],"tags":[209,147,118,207,180,157,82,1537,204,210],"42wp_author":[47109],"class_list":["post-129685","post","type-post","status-publish","format-standard","has-post-thumbnail","hentry","category-f1","tag-charles-leclerc","tag-f1","tag-f1-2020","tag-ferrari","tag-formula-1","tag-formula-1-2020","tag-mercedes","tag-paddock-gp","tag-red-bull","tag-sebastian-vettel","42wp_author-redacao-gp"],"_links":{"self":[{"href":"https:\/\/grandepremio.com\/br\/wp-json\/wp\/v2\/posts\/129685","targetHints":{"allow":["GET"]}}],"collection":[{"href":"https:\/\/grandepremio.com\/br\/wp-json\/wp\/v2\/posts"}],"about":[{"href":"https:\/\/grandepremio.com\/br\/wp-json\/wp\/v2\/types\/post"}],"replies":[{"embeddable":true,"href":"https:\/\/grandepremio.com\/br\/wp-json\/wp\/v2\/comments?post=129685"}],"version-history":[{"count":0,"href":"https:\/\/grandepremio.com\/br\/wp-json\/wp\/v2\/posts\/129685\/revisions"}],"wp:featuredmedia":[{"embeddable":true,"href":"https:\/\/grandepremio.com\/br\/wp-json\/wp\/v2\/media\/1000389787"}],"wp:attachment":[{"href":"https:\/\/grandepremio.com\/br\/wp-json\/wp\/v2\/media?parent=129685"}],"wp:term":[{"taxonomy":"category","embeddable":true,"href":"https:\/\/grandepremio.com\/br\/wp-json\/wp\/v2\/categories?post=129685"},{"taxonomy":"post_tag","embeddable":true,"href":"https:\/\/grandepremio.com\/br\/wp-json\/wp\/v2\/tags?post=129685"},{"taxonomy":"42wp_author","embeddable":true,"href":"https:\/\/grandepremio.com\/br\/wp-json\/wp\/v2\/42wp_author?post=129685"}],"curies":[{"name":"wp","href":"https:\/\/api.w.org\/{rel}","templated":true}]}}