{"id":129691,"date":"2020-06-24T12:35:29","date_gmt":"2020-06-24T15:35:29","guid":{"rendered":"https:\/\/grandepremio.com\/br\/noticias\/hamilton-reflete-sobre-primeiro-titulo-na-f1-e-admite-tristeza-nao-aproveitei-tanto\/"},"modified":"2020-06-24T12:35:34","modified_gmt":"2020-06-24T15:35:34","slug":"hamilton-reflete-sobre-primeiro-titulo-na-f1-e-admite-tristeza-nao-aproveitei-tanto","status":"publish","type":"post","link":"https:\/\/grandepremio.com\/br\/f1\/hamilton-reflete-sobre-primeiro-titulo-na-f1-e-admite-tristeza-nao-aproveitei-tanto\/","title":{"rendered":"Hamilton reflete sobre primeiro t\u00edtulo na F1 e admite tristeza: &#8220;N\u00e3o aproveitei tanto&#8221;"},"content":{"rendered":"\n<figure class=\"wp-block-embed-youtube wp-block-embed is-type-video is-provider-youtube wp-embed-aspect-16-9 wp-has-aspect-ratio\"><div class=\"wp-block-embed__wrapper\">\n<iframe loading=\"lazy\" title=\"WILLIAMS: do carro de OUTRO MUNDO ao FIM DO GRID da F1 | Cadeira Cativa #12\" width=\"500\" height=\"281\" src=\"https:\/\/www.youtube.com\/embed\/LhlfZ7E6S1Y?feature=oembed\" frameborder=\"0\" allow=\"accelerometer; autoplay; clipboard-write; encrypted-media; gyroscope; picture-in-picture; web-share\" referrerpolicy=\"strict-origin-when-cross-origin\" allowfullscreen><\/iframe>\n<\/div><\/figure>\n\n\n\n<p class=\"wp-block-paragraph\">Lewis Hamilton admitiu que nem sempre soube lidar com as pr\u00f3prias falhas na F\u00f3rmula 1. Inclusive, quando conquistou o primeiro t\u00edtulo, sequer conseguiu ficar feliz e comemorar o feito.<\/p>\n\n\n\n<p class=\"wp-block-paragraph\">O hexacampe\u00e3o fez sua estreia em 2007, quando tinha apenas 22 anos. Naquela temporada, defendendo a McLaren, mostrou ser uma estrela em ascens\u00e3o ao brigar pelo t\u00edtulo. Mas um erro em uma parada durante o GP da China acabou contribuindo para o triunfo de Kimi R\u00e4ikk\u00f6nen.<\/p>\n\n\n\n<p class=\"wp-block-paragraph\">Logo o cen\u00e1rio mudou para o #44 e no ano seguinte, conquistou seu primeiro t\u00edtulo. Depois, outros cinco canecos j\u00e1 vieram. Mas mais do que isso, o piloto tem se tornado ainda maior do que o esporte com suas importantes opini\u00f5es e a\u00e7\u00f5es.<\/p>\n\n\n\n<p class=\"wp-block-paragraph\">Entretanto, durante apari\u00e7\u00e3o online no evento HPE Discover, organizado pela Hwelett Packard Enterprise, empresa que se posiciona contra o racismo e apoia a comunidade LGBT+, Hamilton admitiu que aquele momento \u201cainda me deixa mal\u201d.<\/p>\n\n\n\n<figure class=\"wp-block-image size-large\"><img decoding=\"async\" src=\"https:\/\/www.grandepremio.com\/br\/wp-content\/uploads\/2020\/06\/EaKLaLOXkAUEppq-1024x683.jpg\" alt=\"\" class=\"wp-image-388194\"\/><figcaption>Hamilton n\u00e3o sabia lidar com as pr\u00f3prias falhas (Foto: Mercedes)<\/figcaption><\/figure>\n\n\n\n<p class=\"wp-block-paragraph\">\u201cAcho que muitas coisas devem acontecer, aquele foi um momento de construir car\u00e1ter para mim. Quando era mais novo, era muito, muito duro comigo mesmo. Era duro at\u00e9 demais quando falhava. Quase me punia\u201d, declarou.<\/p>\n\n\n\n<p class=\"wp-block-paragraph\">\u201cFoi uma coisa bastante improdutiva, mas fiz isso por tantos anos que foi muito dif\u00edcil abandonar essa mentalidade. Ao longo dos anos, aprendi a encontrar felicidade. A coisa mais importante \u00e9 curtir o que faz. Se torturar acaba sendo negativo\u201d, emendou.<\/p>\n\n\n\n<p class=\"wp-block-paragraph\">Ainda sobre o assunto, o titular da Mercedes admitiu que n\u00e3o conseguiu curtir tanto a conquista do primeiro t\u00edtulo, em 2008. Naquele ano, a disputa foi dram\u00e1tica, equilibrada e teve encerramento emocionante, quando Hamilton ultrapassou Timo Glock na \u00faltima volta do GP do Brasil para faturar o caneco por um ponto.<\/p>\n\n\n\n<p class=\"wp-block-paragraph\"> \u201cA retrospectiva \u00e9 sempre uma boa coisa. Gostaria de saber naquela \u00e9poca tudo o que sei hoje. Provavelmente teria conseguido mais t\u00edtulos, mas com certeza estaria em um lugar mais feliz\u201d, apontou.<\/p>\n\n\n\n<p class=\"wp-block-paragraph\">\u201cSeria capaz de aproveitar muito mais a experi\u00eancia. Quando venci meu primeiro t\u00edtulo n\u00e3o aproveitei muito. \u00c9 meio triste. O primeiro campeonato. S\u00f3 quando venci outro t\u00edtulo, mais tarde em minha carreira, que fui capaz de comemorar mais, estar mais confort\u00e1vel comigo mesmo\u201d, continuou.<\/p>\n\n\n\n<p class=\"wp-block-paragraph\">\u201cDeixar rolar, n\u00e3o tentar controlar tudo. H\u00e1 provavelmente muitas coisas que teria dito para mim mesmo. Se divirta. Nunca se sabe quando vai ser seu \u00faltimo campeonato e \u00e9 assim que encaro hoje em dia\u201d, encerrou.<\/p>\n\n\n\n<figure class=\"wp-block-embed-youtube wp-block-embed is-type-video is-provider-youtube wp-embed-aspect-16-9 wp-has-aspect-ratio\"><div class=\"wp-block-embed__wrapper\">\n<iframe loading=\"lazy\" title=\"O incr\u00edvel AZAR que tirou R\u00c4IKK\u00d6NEN da briga pelo T\u00cdTULO da F1 2005\" width=\"500\" height=\"281\" src=\"https:\/\/www.youtube.com\/embed\/yGzYacEpFA4?feature=oembed\" frameborder=\"0\" allow=\"accelerometer; autoplay; clipboard-write; encrypted-media; gyroscope; picture-in-picture; web-share\" referrerpolicy=\"strict-origin-when-cross-origin\" allowfullscreen><\/iframe>\n<\/div><\/figure>\n","protected":false},"excerpt":{"rendered":"<p>O ingl\u00eas admitiu que n\u00e3o sabia lidar com as falhas que cometeu quando mais jovem, chegando at\u00e9 mesmo a assumir mentalidade de se punir<\/p>\n","protected":false},"author":0,"featured_media":1000386499,"comment_status":"closed","ping_status":"closed","sticky":false,"template":"","format":"standard","meta":{"42wp_featured_image_caption":"","42wp_featured_image_credits":"","42wp_featured_video":"","42wp_featured_image_hidden":false,"42wp_authors_list":[],"footnotes":""},"categories":[2],"tags":[147,118,24837,24860,87,90,82,343,24908],"42wp_author":[47109],"class_list":["post-129691","post","type-post","status-publish","format-standard","has-post-thumbnail","hentry","category-f1","tag-f1","tag-f1-2020","tag-formula-1-2","tag-formula-1-2020-2","tag-lewis-hamilton","tag-mclaren","tag-mercedes","tag-temporada-2020-f1","tag-temporada-2020-formula-1","42wp_author-redacao-gp"],"_links":{"self":[{"href":"https:\/\/grandepremio.com\/br\/wp-json\/wp\/v2\/posts\/129691","targetHints":{"allow":["GET"]}}],"collection":[{"href":"https:\/\/grandepremio.com\/br\/wp-json\/wp\/v2\/posts"}],"about":[{"href":"https:\/\/grandepremio.com\/br\/wp-json\/wp\/v2\/types\/post"}],"replies":[{"embeddable":true,"href":"https:\/\/grandepremio.com\/br\/wp-json\/wp\/v2\/comments?post=129691"}],"version-history":[{"count":0,"href":"https:\/\/grandepremio.com\/br\/wp-json\/wp\/v2\/posts\/129691\/revisions"}],"wp:featuredmedia":[{"embeddable":true,"href":"https:\/\/grandepremio.com\/br\/wp-json\/wp\/v2\/media\/1000386499"}],"wp:attachment":[{"href":"https:\/\/grandepremio.com\/br\/wp-json\/wp\/v2\/media?parent=129691"}],"wp:term":[{"taxonomy":"category","embeddable":true,"href":"https:\/\/grandepremio.com\/br\/wp-json\/wp\/v2\/categories?post=129691"},{"taxonomy":"post_tag","embeddable":true,"href":"https:\/\/grandepremio.com\/br\/wp-json\/wp\/v2\/tags?post=129691"},{"taxonomy":"42wp_author","embeddable":true,"href":"https:\/\/grandepremio.com\/br\/wp-json\/wp\/v2\/42wp_author?post=129691"}],"curies":[{"name":"wp","href":"https:\/\/api.w.org\/{rel}","templated":true}]}}