{"id":129700,"date":"2020-06-24T09:18:21","date_gmt":"2020-06-24T12:18:21","guid":{"rendered":"https:\/\/grandepremio.com\/br\/noticias\/ricciardo-cita-ingenuidade-e-ve-silencio-como-parte-do-problema-no-racismo\/"},"modified":"2020-06-24T09:19:15","modified_gmt":"2020-06-24T12:19:15","slug":"ricciardo-cita-ingenuidade-e-ve-silencio-como-parte-do-problema-no-racismo","status":"publish","type":"post","link":"https:\/\/grandepremio.com\/br\/f1\/ricciardo-cita-ingenuidade-e-ve-silencio-como-parte-do-problema-no-racismo\/","title":{"rendered":"Ricciardo cita ingenuidade e v\u00ea sil\u00eancio como \u201cparte do problema\u201d no racismo"},"content":{"rendered":"\n<p class=\"wp-block-paragraph\">Daniel Ricciardo afirmou que percebeu o mundo de forma diferente nos \u00faltimos dias. O australiano se percebeu ing\u00eanuo, mas explicou que abriu os olhos para o racismo ap\u00f3s os protestos resultantes da morte de George Floyd nos Estados Unidos.<\/p>\n\n\n\n<p class=\"wp-block-paragraph\">Em 25 de maio, Floyd, um homem preto de 46 anos, morreu ap\u00f3s o policial branco Derek Chauvin passar mais de 8 minutos ajoelhado em seu pesco\u00e7o. Acusado de tentar pagar compras com uma nota falsa de US$ 20 em Minneapolis, George repetiu diversas vezes que n\u00e3o conseguia respirar, mas suas suplicas foram ignoradas n\u00e3o s\u00f3 pelo policial que o imobilizava, mas tamb\u00e9m pelos outros tr\u00eas policiais que acompanhavam a a\u00e7\u00e3o \u2015 Thomas Lane, J. Alexander Kueng e Tou Thao.<\/p>\n\n\n\n<figure class=\"wp-block-image size-large\"><img decoding=\"async\" src=\"https:\/\/www.grandepremio.com\/br\/wp-content\/uploads\/2019\/03\/2019316450385_9f44-be15-2848-48d3a105c897_19fc59d36d3be3a199c2e3ae51b21b59117936a0_DMa.jpg\" alt=\"\" class=\"wp-image-370331\"\/><figcaption>Daniel Ricciardo torceu por mudan\u00e7as no esporte (Foto: Renault)<\/figcaption><\/figure>\n\n\n\n<figure class=\"wp-block-embed-spotify wp-block-embed is-type-rich is-provider-spotify wp-embed-aspect-21-9 wp-has-aspect-ratio\"><div class=\"wp-block-embed__wrapper\">\n<iframe title=\"Spotify Embed: Os pilotos mais superestimados da hist\u00f3ria da F1 | Paddockast #66\" style=\"border-radius: 12px\" width=\"100%\" height=\"152\" frameborder=\"0\" allowfullscreen allow=\"autoplay; clipboard-write; encrypted-media; fullscreen; picture-in-picture\" loading=\"lazy\" src=\"https:\/\/open.spotify.com\/embed\/episode\/5kpcCiAWAGCmLr95Kp3eTf?utm_source=oembed\"><\/iframe>\n<\/div><figcaption><strong>Paddockast #66 | Os pilotos mais superestimados da hist\u00f3ria da F1<\/strong><br>Ou\u00e7a tamb\u00e9m:\u00a0<a href=\"http:\/\/podcasts.apple.com\/br\/podcast\/paddockast\/id1371540198\">PODCASTS APPLE<\/a>\u00a0|\u00a0<a href=\"https:\/\/www.subscribeonandroid.com\/www.central3.com.br\/category\/podcasts\/paddockast\/feed\/podcast\/\">ANDROID<\/a>\u00a0|\u00a0<a href=\"https:\/\/player.fm\/series\/paddockast\">PLAYERFM<\/a><\/figcaption><\/figure>\n\n\n\n<p class=\"wp-block-paragraph\">As imagens da abordagem policial foram divulgadas nas redes sociais, provocando uma onda protestos nos Estados Unidos e tamb\u00e9m em diversas partes do mundo. \u00danico preto na <a href=\"https:\/\/www.grandepremio.com\/br\/f1\">F\u00f3rmula 1<\/a>, Lewis Hamilton foi voz ativa nas redes sociais em prol do movimento Black Lives Matter [Vidas Pretas Importam, em portugu\u00eas] e <strong><a href=\"https:\/\/www.grandepremio.com\/br\/f1\/noticias\/por-morte-de-george-floyd-hamilton-critica-f1-por-silencio-no-meio-da-injustica\/\">cobrou a\u00e7\u00e3o de seus colegas,<\/a><\/strong> que apenas romperam o sil\u00eancio ap\u00f3s a advert\u00eancia do hexacampe\u00e3o.<\/p>\n\n\n\n<p class=\"wp-block-paragraph\">Ricciardo foi um dos que se manifestou somente ap\u00f3s a cobran\u00e7a de Lewis e reconhece que o sil\u00eancio \u00e9 parte do problema.<\/p>\n\n\n\n<p class=\"wp-block-paragraph\">\u201cCertamente, aprendi muito nas \u00faltimas semanas\u201d, disse Ricciardo em entrevista \u00e0 emissora brit\u00e2nica Sky Sports F1. \u201cTenho lido, assistido e isso abriu os meus olhos. Eu aprendi que n\u00e3o \u00e9 o bastante que voc\u00ea n\u00e3o se considere racista ou uma pessoa de conflito. Voc\u00ea tem de falar, educar a si e as pessoas ao seu redor, pois o que eu entendi \u00e9 que ficar em sil\u00eancio \u00e9 parte do problema\u201d, seguiu.<\/p>\n\n\n\n<p class=\"wp-block-paragraph\">\u201cMe senti um pouco\u2026 n\u00e3o sei se \u00e9 culpa ou algo do tipo: \u2018Como posso ser t\u00e3o ing\u00eanuo com tudo que est\u00e1 acontecendo?\u2019. E n\u00e3o \u00e9 s\u00f3 nas \u00faltimas semanas, s\u00e3o meses, anos\u201d, apontou. \u201c\u00c9 bom que mais do mundo esteja sendo exposto a isso e que as pessoas apoiem. Al\u00e9m disso, entender que \u00e9 ok falar, voc\u00ea n\u00e3o ser\u00e1 julgado, n\u00e3o ser\u00e1 criticado, e acho que o volume de pessoas que est\u00e1 se envolvendo, e todas as ra\u00e7as se envolvendo, isso tem sido muito poderoso\u201d, opinou.<\/p>\n\n\n\n<p class=\"wp-block-paragraph\">Ricciardo tamb\u00e9m exaltou a iniciativa da F\u00f3rmula 1 para promover diversidade e torceu por mudan\u00e7as no esporte.<\/p>\n\n\n\n<p class=\"wp-block-paragraph\">\u201cProvavelmente, em todos os aspectos de tudo que fazemos na vida, n\u00f3s podemos fazer melhor, podemos ser melhores. Mas uma coisa \u00e9 pensar nisso, a\u00ed temos de falar disso, agir a respeito, e acho que agora finalmente a\u00e7\u00f5es est\u00e3o sendo tomadas, e n\u00f3s precisamos nos responsabilizar\u201d, frisou. \u201cN\u00e3o \u00e9 s\u00f3 uma fase, n\u00e3o s\u00f3 algo que fazemos por uma semana, a\u00ed esquecemos e dizemos: \u2018Fizemos nosso post nas redes sociais e n\u00e3o precisamos nos preocupar mais\u2019. Para que uma mudan\u00e7a real aconte\u00e7a, isso precisa continuar. Ent\u00e3o estou feliz por estarmos fazendo o que podemos agora. \u00c9 um come\u00e7o\u201d, completou.<\/p>\n\n\n\n<p class=\"wp-block-paragraph\">No \u00faltimo fim de semana, Hamilton participou de um protesto nas ruas de Londres.<\/p>\n\n\n\n<figure class=\"wp-block-embed-dailymotion wp-block-embed is-type-video is-provider-dailymotion wp-embed-aspect-16-9 wp-has-aspect-ratio\"><div class=\"wp-block-embed__wrapper\">\n<iframe loading=\"lazy\" title=\"Bruno Sutter, Felipe Torres e Franco Fanti nos 20 anos de Hermes e Renato | Passa Ou Ultrapassa #7\" frameborder=\"0\" width=\"500\" height=\"281\" src=\"https:\/\/geo.dailymotion.com\/player.html?video=x7uix07&#038;\" allowfullscreen allow=\"autoplay; fullscreen; picture-in-picture; web-share\"><\/iframe>\n<\/div><\/figure>\n\n\n","protected":false},"excerpt":{"rendered":"<p>Daniel Ricciardo apoiou a iniciativa da F\u00f3rmula 1 para promover diversidade, mas ressaltou que a a\u00e7\u00e3o n\u00e3o pode ficar restrita \u00e0 posts em redes sociais<\/p>\n","protected":false},"author":0,"featured_media":0,"comment_status":"closed","ping_status":"closed","sticky":false,"template":"","format":"standard","meta":{"42wp_featured_image_caption":"","42wp_featured_image_credits":"","42wp_featured_video":"","42wp_featured_image_hidden":false,"42wp_authors_list":[],"footnotes":""},"categories":[2],"tags":[147,118,24837,24860,24862,87,2545],"42wp_author":[47109],"class_list":["post-129700","post","type-post","status-publish","format-standard","hentry","category-f1","tag-f1","tag-f1-2020","tag-formula-1-2","tag-formula-1-2020-2","tag-george-floyd","tag-lewis-hamilton","tag-racismo","42wp_author-redacao-gp"],"_links":{"self":[{"href":"https:\/\/grandepremio.com\/br\/wp-json\/wp\/v2\/posts\/129700","targetHints":{"allow":["GET"]}}],"collection":[{"href":"https:\/\/grandepremio.com\/br\/wp-json\/wp\/v2\/posts"}],"about":[{"href":"https:\/\/grandepremio.com\/br\/wp-json\/wp\/v2\/types\/post"}],"replies":[{"embeddable":true,"href":"https:\/\/grandepremio.com\/br\/wp-json\/wp\/v2\/comments?post=129700"}],"version-history":[{"count":0,"href":"https:\/\/grandepremio.com\/br\/wp-json\/wp\/v2\/posts\/129700\/revisions"}],"wp:attachment":[{"href":"https:\/\/grandepremio.com\/br\/wp-json\/wp\/v2\/media?parent=129700"}],"wp:term":[{"taxonomy":"category","embeddable":true,"href":"https:\/\/grandepremio.com\/br\/wp-json\/wp\/v2\/categories?post=129700"},{"taxonomy":"post_tag","embeddable":true,"href":"https:\/\/grandepremio.com\/br\/wp-json\/wp\/v2\/tags?post=129700"},{"taxonomy":"42wp_author","embeddable":true,"href":"https:\/\/grandepremio.com\/br\/wp-json\/wp\/v2\/42wp_author?post=129700"}],"curies":[{"name":"wp","href":"https:\/\/api.w.org\/{rel}","templated":true}]}}