{"id":129731,"date":"2020-06-22T13:38:49","date_gmt":"2020-06-22T16:38:49","guid":{"rendered":"https:\/\/grandepremio.com\/br\/noticias\/consultor-da-red-bull-acusa-renault-de-usar-motores-novos-em-teste-com-carro-de-2018\/"},"modified":"2020-06-22T13:38:56","modified_gmt":"2020-06-22T16:38:56","slug":"consultor-da-red-bull-acusa-renault-de-usar-motores-novos-em-teste-com-carro-de-2018","status":"publish","type":"post","link":"https:\/\/grandepremio.com\/br\/f1\/consultor-da-red-bull-acusa-renault-de-usar-motores-novos-em-teste-com-carro-de-2018\/","title":{"rendered":"Consultor da Red Bull acusa Renault de usar motores novos em teste com carro de 2018"},"content":{"rendered":"\n<figure class=\"wp-block-embed-youtube wp-block-embed is-type-video is-provider-youtube wp-embed-aspect-16-9 wp-has-aspect-ratio\"><div class=\"wp-block-embed__wrapper\">\n<iframe loading=\"lazy\" title=\"O incr\u00edvel AZAR que tirou R\u00c4IKK\u00d6NEN da briga pelo T\u00cdTULO da F1 2005\" width=\"500\" height=\"281\" src=\"https:\/\/www.youtube.com\/embed\/yGzYacEpFA4?feature=oembed\" frameborder=\"0\" allow=\"accelerometer; autoplay; clipboard-write; encrypted-media; gyroscope; picture-in-picture; web-share\" referrerpolicy=\"strict-origin-when-cross-origin\" allowfullscreen><\/iframe>\n<\/div><\/figure>\n\n\n\n<p class=\"wp-block-paragraph\">Helmut Marko protagonizou outro epis\u00f3dio da guerra verbal contra a Renault. O consultor da Red Bull, que reclamou publicamente da administradora do Red Bull Ring por ter cedido o aut\u00f3dromo austr\u00edaco, palco da prova que vai abrir a temporada 2020 da F\u00f3rmula 1 em 5 de julho, para o time de Enstone. <a href=\"https:\/\/www.grandepremio.com\/br\/f1\/noticias\/renault-volta-a-ativa-e-completa-500-km-com-carro-de-2018-no-red-bull-ring\/\">Entre ter\u00e7a e quarta-feira da semana passada<\/a>, Daniel Ricciardo e Esteban Ocon percorreram 1.114 km (sendo 500 km com o australiano e 614 com o franc\u00eas) com o R.S.18, carro utilizado pela equipe na temporada 2018. Nesses moldes, a sess\u00e3o \u00e9 absolutamente legal. Entretanto, Marko acusou a Renault de ter aproveitado a ocasi\u00e3o para testar o novo motor que vai ser usado na temporada 2020, o que \u00e9 vetado pelo regulamento.<\/p>\n\n\n\n<p class=\"wp-block-paragraph\">Em entrevista ao site da emissora austr\u00edaca ORF, Marko, al\u00e9m de acusar a Renault, voltou a criticar a empresa Projekt Spielberg. Ainda que o aut\u00f3dromo perten\u00e7a \u00e0 marca das bebidas energ\u00e9ticas, \u00e9 a companhia independente quem gerencia o circuito.<\/p>\n\n\n\n<p class=\"wp-block-paragraph\">\u201cA Renault teve de testar com um chassi de dois anos, mas com novos motores. E fiquei impressionado com a durabilidade. S\u00f3 me pergunto se \u00e9 inteligente alugar o Red Bull Ring para a Renault\u201d, criticou o ex-piloto e dirigente.<\/p>\n\n\n\n<figure class=\"wp-block-image size-large\"><img decoding=\"async\" src=\"https:\/\/www.grandepremio.com\/br\/wp-content\/uploads\/2020\/06\/Renault-1024x528.jpg\" alt=\"\" class=\"wp-image-388894\"\/><figcaption>Helmut Marko acusou a Renault de usar novos motores com o carro de 2018 na semana passada no Red Bull Ring (Foto: Renault\/Reprodu\u00e7\u00e3o)<\/figcaption><\/figure>\n\n\n\n<p class=\"wp-block-paragraph\">Semana passada, ao ser questionado pela revista Speedweek sobre a cess\u00e3o do Red Bull Ring para a Renault, Marko ironizou. \u201c\u00c9 um \u00f3timo resultado por parte do Projekt Spielberg eles terem entregue a pista para um concorrente. Vamos dizer somente que foi um gesto muito generoso\u201d.<\/p>\n\n\n\n<p class=\"wp-block-paragraph\">Entre muitas conquistas, como os oito t\u00edtulos mundiais de F\u00f3rmula 1 \u2014 sendo quatro do Mundial de Pilotos, com Sebastian Vettel, e quatro do Mundial de Construtores \u2014 no come\u00e7o da d\u00e9cada de 2010, Red Bull e Renault tiveram uma rela\u00e7\u00e3o conflituosa e que foi agravada com a falta de performance e confiabilidade dos motores constru\u00eddos pela f\u00e1brica francesa a partir do in\u00edcio da era h\u00edbrida, em 2014.<\/p>\n\n\n\n<p class=\"wp-block-paragraph\">A rela\u00e7\u00e3o se desgastou de tal forma que a ruptura foi inevit\u00e1vel. A separa\u00e7\u00e3o aconteceu em 2018, com direito a uma discuss\u00e3o que quase virou agress\u00e3o entre Marko e Cyril Abiteboul, diretor da Renault. Desde o ano passado, a equipe taurina tem a Honda como fornecedora de motores na F\u00f3rmula 1.<\/p>\n\n\n\n<p class=\"wp-block-paragraph\">Questionado sobre os planos de seguir outras equipes e colocar o carro novo para teste, Marko disse que a ideia da Red Bull \u00e9 promover um dia de filmagem, mas somente no m\u00eas que vem. \u201cPodemos testar o novo Red Bull no dia 25 de julho em Silverstone por um m\u00e1ximo de 100 km\u201d.<\/p>\n\n\n\n<p class=\"wp-block-paragraph\">Marko tamb\u00e9m foi indagado sobre os cr\u00edticos que duvidaram da realiza\u00e7\u00e3o do GP da \u00c1ustria. Dessa vez sem ironias, o consultor taurino se mostrou feliz pela chance de ver o pa\u00eds sediar a abertura da temporada, algo impens\u00e1vel tempos atr\u00e1s.<\/p>\n\n\n\n<p class=\"wp-block-paragraph\">\u201cVoc\u00ea precisa ser persistente o suficiente e sempre testar o que \u00e9 poss\u00edvel. Voc\u00ea tem de ousar alguma coisa, e o governo federal nos ajudou muito. Estamos muito orgulhosos por sermos a primeira corrida. Com o que descobrirmos, as outras corridas podem seguir o exemplo\u201d, concluiu.<\/p>\n\n\n\n<figure class=\"wp-block-embed-dailymotion wp-block-embed is-type-video is-provider-dailymotion wp-embed-aspect-16-9 wp-has-aspect-ratio\"><div class=\"wp-block-embed__wrapper\">\n<iframe loading=\"lazy\" title=\"As LENDAS da F\u00f3rmula 1 que foram ETERNIZADAS com est\u00e1tuas de bronze | GP \u00e0s 10\" frameborder=\"0\" width=\"500\" height=\"281\" src=\"https:\/\/geo.dailymotion.com\/player.html?video=x7uli3c&#038;\" allowfullscreen allow=\"autoplay; fullscreen; picture-in-picture; web-share\"><\/iframe>\n<\/div><\/figure>\n","protected":false},"excerpt":{"rendered":"<p>A guerra verbal de Helmut Marko contra a Renault segue a pleno vapor. Depois de criticar a administradora do Red Bull Ring por ter aberto o circuito austr\u00edaco para a marca francesa promover um teste na semana passada, o dirigente austr\u00edaco voltou \u00e0 carga com a acusa\u00e7\u00e3o contra a equipe de Enstone<\/p>\n","protected":false},"author":0,"featured_media":0,"comment_status":"closed","ping_status":"closed","sticky":false,"template":"","format":"standard","meta":{"42wp_featured_image_caption":"","42wp_featured_image_credits":"","42wp_featured_video":"","42wp_featured_image_hidden":false,"42wp_authors_list":[],"footnotes":""},"categories":[2],"tags":[24837,24836,258,204,229],"42wp_author":[47109],"class_list":["post-129731","post","type-post","status-publish","format-standard","hentry","category-f1","tag-formula-1-2","tag-grande-premio-2","tag-helmut-marko","tag-red-bull","tag-renault","42wp_author-redacao-gp"],"_links":{"self":[{"href":"https:\/\/grandepremio.com\/br\/wp-json\/wp\/v2\/posts\/129731","targetHints":{"allow":["GET"]}}],"collection":[{"href":"https:\/\/grandepremio.com\/br\/wp-json\/wp\/v2\/posts"}],"about":[{"href":"https:\/\/grandepremio.com\/br\/wp-json\/wp\/v2\/types\/post"}],"replies":[{"embeddable":true,"href":"https:\/\/grandepremio.com\/br\/wp-json\/wp\/v2\/comments?post=129731"}],"version-history":[{"count":0,"href":"https:\/\/grandepremio.com\/br\/wp-json\/wp\/v2\/posts\/129731\/revisions"}],"wp:attachment":[{"href":"https:\/\/grandepremio.com\/br\/wp-json\/wp\/v2\/media?parent=129731"}],"wp:term":[{"taxonomy":"category","embeddable":true,"href":"https:\/\/grandepremio.com\/br\/wp-json\/wp\/v2\/categories?post=129731"},{"taxonomy":"post_tag","embeddable":true,"href":"https:\/\/grandepremio.com\/br\/wp-json\/wp\/v2\/tags?post=129731"},{"taxonomy":"42wp_author","embeddable":true,"href":"https:\/\/grandepremio.com\/br\/wp-json\/wp\/v2\/42wp_author?post=129731"}],"curies":[{"name":"wp","href":"https:\/\/api.w.org\/{rel}","templated":true}]}}