{"id":129742,"date":"2020-06-22T08:08:17","date_gmt":"2020-06-22T11:08:17","guid":{"rendered":"https:\/\/grandepremio.com\/br\/noticias\/zanardi-segue-em-coma-e-com-quadro-grave-em-terceiro-dia-na-uti\/"},"modified":"2020-06-22T08:08:30","modified_gmt":"2020-06-22T11:08:30","slug":"zanardi-segue-em-coma-e-com-quadro-grave-em-terceiro-dia-na-uti","status":"publish","type":"post","link":"https:\/\/grandepremio.com\/br\/automobilismo\/zanardi-segue-em-coma-e-com-quadro-grave-em-terceiro-dia-na-uti\/","title":{"rendered":"Zanardi segue em coma e com quadro grave em terceiro dia na UTI"},"content":{"rendered":"\n<figure class=\"wp-block-embed-youtube wp-block-embed is-type-video is-provider-youtube wp-embed-aspect-16-9 wp-has-aspect-ratio\"><div class=\"wp-block-embed__wrapper\">\n<iframe loading=\"lazy\" title=\"O incr\u00edvel AZAR que tirou R\u00c4IKK\u00d6NEN da briga pelo T\u00cdTULO da F1 2005\" width=\"500\" height=\"281\" src=\"https:\/\/www.youtube.com\/embed\/yGzYacEpFA4?feature=oembed\" frameborder=\"0\" allow=\"accelerometer; autoplay; clipboard-write; encrypted-media; gyroscope; picture-in-picture; web-share\" referrerpolicy=\"strict-origin-when-cross-origin\" allowfullscreen><\/iframe>\n<\/div><\/figure>\n\n\n\n<p class=\"wp-block-paragraph\">O mais novo boletim divulgado pelo hospital Santa Maria alle Scotte di Siena voltou a confirmar o <strong><a href=\"https:\/\/www.grandepremio.com\/br\/outras\/noticias\/zanardi-segue-em-estado-grave-e-estavel-e-hospital-evita-prognosticos\/\">quadro est\u00e1vel e grave<\/a><\/strong> de Alessandro Zanardi. O comunicado divulgado nesta segunda-feira (22) indicou que o atleta italiano, envolvido em <strong><a href=\"https:\/\/www.grandepremio.com\/br\/outras\/noticias\/treinador-diz-que-zanardi-perdeu-controle-da-bicicleta-e-atingiu-caminhao\/\">acidente com caminh\u00e3o na sexta-feira<\/a><\/strong>, n\u00e3o teve mudan\u00e7as e voltou a evitar qualquer progn\u00f3stico sobre consequ\u00eancias das les\u00f5es.<\/p>\n\n\n\n<p class=\"wp-block-paragraph\">\u201cA terceira noite na UTI transcorreu sem mudan\u00e7as\u201d, apontou o comunicado. \u201cAs condi\u00e7\u00f5es cl\u00ednicas, portanto, seguem iguais nos par\u00e2metros cardiorrespirat\u00f3rios e metab\u00f3licos, enquanto o quadro neurol\u00f3gico segue grave. O paciente est\u00e1 sedado, entubado e respirando por aparelhos\u201d, seguiu.<\/p>\n\n\n\n<p class=\"wp-block-paragraph\">Zanardi est\u00e1 em coma induzido desde a chegada ao hospital de Siena. O italiano passou por cirurgia cerebral de mais de duas horas, o que ajudou a estabilizar o quadro cl\u00ednico. O perigo passa a ser a possibilidade de danos cerebrais, o que <strong><a href=\"https:\/\/www.grandepremio.com\/br\/outras\/noticias\/medico-revela-lesao-no-olho-de-zanardi-e-risco-de-perda-da-visao\/\">amea\u00e7a levar \u00e0 perda de vis\u00e3o<\/a><\/strong> em pelo menos um dos olhos. A equipe m\u00e9dica, entretanto, mant\u00e9m postura cautelosa antes de analisar os pr\u00f3ximos passos.<\/p>\n\n\n\n<figure class=\"wp-block-image size-large\"><img decoding=\"async\" src=\"https:\/\/www.grandepremio.com\/br\/wp-content\/uploads\/2015\/09\/2015929956185_zanardi_II.jpg\" alt=\"\" class=\"wp-image-245673\"\/><figcaption>Alessandro Zanardi segue na UTI em Siena (Foto: Reprodu\u00e7\u00e3o)<\/figcaption><\/figure>\n\n\n\n<p class=\"wp-block-paragraph\">\u201cO progn\u00f3stico \u00e9 confidencial. A equipe multidisciplinar o mant\u00e9m sob tratamento e vai avaliar nos pr\u00f3ximos dias qualquer diagn\u00f3stico e considerar a\u00e7\u00f5es terap\u00eauticas\u201d, encerrou.<\/p>\n\n\n\n<h2 class=\"wp-block-heading\">Entenda o acidente<\/h2>\n\n\n\n<p class=\"wp-block-paragraph\">Na \u00faltima sexta-feira sexta-feira (19), Zanardi se acidentou quando competia em uma bicicleta adaptada na cidade de Pienza. O ex-piloto se chocou com um ve\u00edculo pesado e sofreu m\u00faltiplos traumas, sendo removido do local de helic\u00f3ptero. O procedimento na cabe\u00e7a de Alex aconteceu pouco mais de duas horas ap\u00f3s a not\u00edcia de seu acidente.<\/p>\n\n\n\n<p class=\"wp-block-paragraph\">Alessandro participava de uma das etapas do revezamento Obiettivo Tricolore (Objetivo Tricolor), uma jornada que re\u00fane atletas paral\u00edmpicos em bicicletas de m\u00e3o, bicicletas ou cadeiras de rodas ol\u00edmpicas. Os participantes realizavam deslocamento entre duas etapas e passavam pelo km 146 da estrada entre Pienza e San Quirico d\u2019Orci quando o incidente aconteceu. Os relatos s\u00e3o de que Zanardi perdeu controle, entrou na contram\u00e3o e acabou atingido por caminh\u00e3o.<\/p>\n\n\n\n<figure class=\"wp-block-image size-large\"><img decoding=\"async\" src=\"https:\/\/www.grandepremio.com\/br\/wp-content\/uploads\/2020\/06\/image-3-1024x577.jpg\" alt=\"Alex Zanardi, Acidente, Bicicleta\" class=\"wp-image-389362\"\/><figcaption>Zanardi se envolveu em acidente em estrada na It\u00e1lia (Foto: Reprodu\u00e7\u00e3o)<\/figcaption><\/figure>\n\n\n\n<h2 class=\"wp-block-heading\">A trajet\u00f3ria de Zanardi<\/h2>\n\n\n\n<p class=\"wp-block-paragraph\">Zanardi apareceu para o mundo do automobilismo em 1991, quando foi vice-campe\u00e3o da F3000, perdendo para Christian Fittipaldi. Foi ainda no fim daquele ano que o italiano chegou ao grid da F\u00f3rmula 1, realizando tr\u00eas corridas com a Jordan. Nas temporadas seguintes, passou sem brilho por Minardi e Lotus at\u00e9 rumar para a Indy.<\/p>\n\n\n\n<p class=\"wp-block-paragraph\">Foi nos EUA que Alex se encontrou e virou uma estrela. Em tr\u00eas anos de Ganassi, foi campe\u00e3o em 1997 e 1998, conseguindo voltar \u00e0 F1 em 1999, mas novamente sem sucesso, na \u00e9poca com a Williams. Em 2001, o piloto reapareceu na Indy com a Mo Nunn e, na etapa da Alemanha, em Lausitzring, sofreu um acidente que mudou os rumos de sua vida. Ap\u00f3s fazer um pit-stop, o ent\u00e3o l\u00edder da prova perdeu o controle na sa\u00edda do pit-lane, rodou e foi acertado em cheio pelo carro de Alex Tagliani. A impacto da batida foi fort\u00edssimo, e Alessandro perdeu as duas pernas.<\/p>\n\n\n\n<p class=\"wp-block-paragraph\">Mas Zanardi jamais esmoreceu, jamais desanimou. Um ano depois, voltou \u00e0 mesma Lausitzring e completou as 13 voltas que faltavam para completar a corrida de 2001, com um modelo adaptado. O piloto seguiu sua carreira no automobilismo, correndo no WTCC (Mundial de Carros de Turismo), pela BMW, inclusive vencendo corridas. Mas pouco a pouco, o foco do italiano mudava para as competi\u00e7\u00f5es paral\u00edmpicas e viu nas maratonas um novo desafio a ser suplantado.<\/p>\n\n\n\n<p class=\"wp-block-paragraph\">Foi em 2007 que Zanardi participou pela primeira vez da Maratona de Nova York, quando terminou em quarto na competi\u00e7\u00e3o das bicicletas de m\u00e3o. Era s\u00f3 o come\u00e7o da sua jornada vitoriosa no esporte paral\u00edmpico. Em 2011, Alex venceu as maratonas de Nova York e tamb\u00e9m de Veneza, al\u00e9m de assegurar a classifica\u00e7\u00e3o para os Jogos de Londres, seu grande objetivo, e de garantir a medalha de prata no Mundial. Naquele ano, Zanardi venceu tamb\u00e9m a Maratona de Roma, chegando assim \u00e0 Inglaterra na condi\u00e7\u00e3o de favorito nas tr\u00eas provas em que foi inscrito: corrida contrarrel\u00f3gio, a prova de estrada e tamb\u00e9m o revezamento.<\/p>\n\n\n\n<p class=\"wp-block-paragraph\">Em Londres, foram dois ouros e uma prata, marca que se repetiu quatro anos mais tarde, no Rio de Janeiro.<\/p>\n\n\n\n<figure class=\"wp-block-embed-youtube wp-block-embed is-type-video is-provider-youtube wp-embed-aspect-16-9 wp-has-aspect-ratio\"><div class=\"wp-block-embed__wrapper\">\n<iframe loading=\"lazy\" title=\"Os CANDIDATOS \u00e0 vaga de RICCIARDO na RENAULT na F1 2021 | GP \u00e0s 10\" width=\"500\" height=\"281\" src=\"https:\/\/www.youtube.com\/embed\/Js--0CYeWUY?feature=oembed\" frameborder=\"0\" allow=\"accelerometer; autoplay; clipboard-write; encrypted-media; gyroscope; picture-in-picture; web-share\" referrerpolicy=\"strict-origin-when-cross-origin\" allowfullscreen><\/iframe>\n<\/div><\/figure>\n","protected":false},"excerpt":{"rendered":"<p>A situa\u00e7\u00e3o de Alessandro Zanardi, envolvido em acidente com caminh\u00e3o, segue grave e est\u00e1vel ap\u00f3s mais uma noite internado em Siena. A equipe m\u00e9dica promete considerar novas a\u00e7\u00f5es \u201cnos pr\u00f3ximos dias\u201d<\/p>\n","protected":false},"author":0,"featured_media":0,"comment_status":"closed","ping_status":"closed","sticky":false,"template":"","format":"standard","meta":{"42wp_featured_image_caption":"","42wp_featured_image_credits":"","42wp_featured_video":"","42wp_featured_image_hidden":false,"42wp_authors_list":[],"footnotes":""},"categories":[22],"tags":[3288],"42wp_author":[47118],"class_list":["post-129742","post","type-post","status-publish","format-standard","hentry","category-automobilismo","tag-uti","42wp_author-vitor-fazio"],"_links":{"self":[{"href":"https:\/\/grandepremio.com\/br\/wp-json\/wp\/v2\/posts\/129742","targetHints":{"allow":["GET"]}}],"collection":[{"href":"https:\/\/grandepremio.com\/br\/wp-json\/wp\/v2\/posts"}],"about":[{"href":"https:\/\/grandepremio.com\/br\/wp-json\/wp\/v2\/types\/post"}],"replies":[{"embeddable":true,"href":"https:\/\/grandepremio.com\/br\/wp-json\/wp\/v2\/comments?post=129742"}],"version-history":[{"count":0,"href":"https:\/\/grandepremio.com\/br\/wp-json\/wp\/v2\/posts\/129742\/revisions"}],"wp:attachment":[{"href":"https:\/\/grandepremio.com\/br\/wp-json\/wp\/v2\/media?parent=129742"}],"wp:term":[{"taxonomy":"category","embeddable":true,"href":"https:\/\/grandepremio.com\/br\/wp-json\/wp\/v2\/categories?post=129742"},{"taxonomy":"post_tag","embeddable":true,"href":"https:\/\/grandepremio.com\/br\/wp-json\/wp\/v2\/tags?post=129742"},{"taxonomy":"42wp_author","embeddable":true,"href":"https:\/\/grandepremio.com\/br\/wp-json\/wp\/v2\/42wp_author?post=129742"}],"curies":[{"name":"wp","href":"https:\/\/api.w.org\/{rel}","templated":true}]}}