{"id":129749,"date":"2020-06-21T10:04:42","date_gmt":"2020-06-21T13:04:42","guid":{"rendered":"https:\/\/grandepremio.com\/br\/noticias\/pol-espargaro-ve-2020-dificil-e-exigente-e-admite-pensamos-que-nao-aconteceria\/"},"modified":"2020-06-21T10:04:47","modified_gmt":"2020-06-21T13:04:47","slug":"pol-espargaro-ve-2020-dificil-e-exigente-e-admite-pensamos-que-nao-aconteceria","status":"publish","type":"post","link":"https:\/\/grandepremio.com\/br\/motogp\/pol-espargaro-ve-2020-dificil-e-exigente-e-admite-pensamos-que-nao-aconteceria\/","title":{"rendered":"Pol Espargar\u00f3 v\u00ea 2020 \u201cdif\u00edcil e exigente\u201d e admite: \u201cPensamos que n\u00e3o aconteceria\u201d"},"content":{"rendered":"\n<figure class=\"wp-block-embed-youtube wp-block-embed is-type-video is-provider-youtube wp-embed-aspect-16-9 wp-has-aspect-ratio\"><div class=\"wp-block-embed__wrapper\">\n<iframe loading=\"lazy\" title=\"Os CANDIDATOS \u00e0 vaga de RICCIARDO na RENAULT na F1 2021 | GP \u00e0s 10\" width=\"500\" height=\"281\" src=\"https:\/\/www.youtube.com\/embed\/Js--0CYeWUY?feature=oembed\" frameborder=\"0\" allow=\"accelerometer; autoplay; clipboard-write; encrypted-media; gyroscope; picture-in-picture; web-share\" referrerpolicy=\"strict-origin-when-cross-origin\" allowfullscreen><\/iframe>\n<\/div><\/figure>\n\n\n\n<p class=\"wp-block-paragraph\">Pol Espargar\u00f3 n\u00e3o tem escondido a empolga\u00e7\u00e3o com a aproxima\u00e7\u00e3o do in\u00edcio da temporada 2020 da MotoGP. Entretanto, o espanhol admitiu que, por conta da pandemia, pensou que o campeonato n\u00e3o aconteceria neste ano.<\/p>\n\n\n\n<p class=\"wp-block-paragraph\">O coronav\u00edrus obrigou as principais categorias do esporte a motor a adiar o in\u00edcio de suas temporadas. No in\u00edcio do ano, o Mundial de Motovelocidade chegou a ir ao Catar, mas apenas Moto2 e Moto3 realizaram corridas.<\/p>\n\n\n\n<p class=\"wp-block-paragraph\">Agora, seguindo diversos protocolos de seguran\u00e7a, a categoria divulgou <a href=\"https:\/\/www.grandepremio.com\/br\/motogp\/noticias\/com-13-provas-cinco-paises-motogp-divulga-calendario-2020\/\"><strong>calend\u00e1rio com 13 etapas<\/strong><\/a> para o segundo semestre de 2020. Ser\u00e3o cinco pa\u00edses contemplados, <a href=\"https:\/\/www.grandepremio.com\/br\/motogp\/noticias\/falta-componente-mundial-mas-euromotogp-e-melhor-que-tem-para-hoje\/\"><strong>todos na Europa<\/strong><\/a>, em um espa\u00e7o de cinco meses.<\/p>\n\n\n\n<p class=\"wp-block-paragraph\">\u201cEstamos muito animados [com o novo calend\u00e1rio] porque em dado momento deste ano \u2013 e quem n\u00e3o disser isso est\u00e1 mentindo \u2013 que todos pensamos que n\u00e3o seria poss\u00edvel correr nesta temporada e j\u00e1 est\u00e1vamos pensando sobre 2021\u201d, disso Pol em entrevista ao site oficial da MotoGP.<\/p>\n\n\n\n<figure class=\"wp-block-image size-large\"><img decoding=\"async\" src=\"https:\/\/www.grandepremio.com\/br\/wp-content\/uploads\/2020\/05\/20205281447362_341693_Pol-Espargaro_Red-Bull-KTM-Factory-Racing_Private-MotoGP-Test_Red-Bull-Ring_27052020_-_24__DMa.jpg\" alt=\"\" class=\"wp-image-374688\"\/><figcaption>Pol Espargar\u00f3 v\u00ea maior press\u00e3o em 2020 (Foto: KTM)<\/figcaption><\/figure>\n\n\n\n<p class=\"wp-block-paragraph\">No calend\u00e1rio original, 20 etapas estavam programadas. Entretanto, com a situa\u00e7\u00e3o mundial e prezando pela seguran\u00e7a, cinco circuitos receber\u00e3o provas consecutivas \u2013 Jerez, Misano, Red Bull Ring, Motorland e Ricardo Tormo.<\/p>\n\n\n\n<p class=\"wp-block-paragraph\">\u201cA Dorna fez um trabalho inacredit\u00e1vel em ajustar tudo e fazer esse calend\u00e1rio. Com certeza n\u00e3o \u00e9 um calend\u00e1rio normal em que viajamos para todos os lugares. Isso \u00e9 triste para n\u00f3s, pois queremos mostrar nosso esporte ao redor do mundo\u201d, destacou.<\/p>\n\n\n\n<p class=\"wp-block-paragraph\">\u201cE com certeza vai ser dif\u00edcil, comprimido, com tr\u00eas finais de semana consecutivos e ent\u00e3o uma semana de descanso. Vai ser exigente fisicamente, especialmente por les\u00f5es, ent\u00e3o precisamos ser bastante cautelosos quanto a isso e cuidar bem de nossos corpos\u201d, sublinhou.<\/p>\n\n\n\n<p class=\"wp-block-paragraph\">\u201cMas, no final, n\u00e3o nos importamos. Estamos apenas pensando que temos um final de semana e que vamos come\u00e7ar tudo e \u00e9 inacredit\u00e1vel\u201d, pontuou o piloto de 29 anos.<\/p>\n\n\n\n<p class=\"wp-block-paragraph\">Por fim, Pol v\u00ea grande press\u00e3o para a temporada 2020. \u201c\u00c9 uma situa\u00e7\u00e3o muito especial e muito pode acontecer. Muitas corridas ser\u00e3o consecutivas no mesmo lugar e vai haver muito nervosismo, pois o campeonato vai ser mais curto\u201d, opinou.<\/p>\n\n\n\n<p class=\"wp-block-paragraph\">\u201cN\u00e3o pode cometer erros, mas ainda precisa ser muito r\u00e1pido porque \u00e9 uma temporada curta. N\u00e3o \u00e9 apenas sobre os pilotos, as motos tamb\u00e9m precisam terminar todas as corridas e os mec\u00e2nicos precisam ser muito bons, pois com certeza vai haver provas flag-to-flag ou com chuva. Ent\u00e3o todos precisam estar muito focados\u201d, continuou.<\/p>\n\n\n\n<p class=\"wp-block-paragraph\">\u201cTamb\u00e9m acho que estrat\u00e9gias v\u00e3o aparecer neste ano. Diferentes times v\u00e3o ter diferentes estrat\u00e9gias, mas o mais importante \u00e9 sermos como uma grande fam\u00edlia, muito unidos, pois vai ser bastante dif\u00edcil\u201d, encerrou.<\/p>\n\n\n\n<figure class=\"wp-block-embed-youtube wp-block-embed is-type-video is-provider-youtube wp-embed-aspect-16-9 wp-has-aspect-ratio\"><div class=\"wp-block-embed__wrapper\">\n<iframe loading=\"lazy\" title=\"As 5 EQUIPES da F1 que mais DEIXARAM SAUDADES | GP \u00e0s 10\" width=\"500\" height=\"281\" src=\"https:\/\/www.youtube.com\/embed\/r-OJm85V6go?feature=oembed\" frameborder=\"0\" allow=\"accelerometer; autoplay; clipboard-write; encrypted-media; gyroscope; picture-in-picture; web-share\" referrerpolicy=\"strict-origin-when-cross-origin\" allowfullscreen><\/iframe>\n<\/div><\/figure>\n","protected":false},"excerpt":{"rendered":"<p>Pol Espargar\u00f3 est\u00e1 animado para o in\u00edcio da temporada da MotoGP. Entretanto, o espanhol afirmou que o calend\u00e1rio encurtado vai trazer maior exig\u00eancia e press\u00e3o aos pilotos<\/p>\n","protected":false},"author":0,"featured_media":0,"comment_status":"closed","ping_status":"closed","sticky":false,"template":"","format":"standard","meta":{"42wp_featured_image_caption":"","42wp_featured_image_credits":"","42wp_featured_video":"","42wp_featured_image_hidden":false,"42wp_authors_list":[],"footnotes":""},"categories":[8],"tags":[79,78,173,847,24995,889],"42wp_author":[47109],"class_list":["post-129749","post","type-post","status-publish","format-standard","hentry","category-motogp","tag-moto-gp","tag-motogp","tag-motogp-2020","tag-mundial-de-motovelocidade","tag-pol-espargaro-2","tag-temporada-2020-motogp","42wp_author-redacao-gp"],"_links":{"self":[{"href":"https:\/\/grandepremio.com\/br\/wp-json\/wp\/v2\/posts\/129749","targetHints":{"allow":["GET"]}}],"collection":[{"href":"https:\/\/grandepremio.com\/br\/wp-json\/wp\/v2\/posts"}],"about":[{"href":"https:\/\/grandepremio.com\/br\/wp-json\/wp\/v2\/types\/post"}],"replies":[{"embeddable":true,"href":"https:\/\/grandepremio.com\/br\/wp-json\/wp\/v2\/comments?post=129749"}],"version-history":[{"count":0,"href":"https:\/\/grandepremio.com\/br\/wp-json\/wp\/v2\/posts\/129749\/revisions"}],"wp:attachment":[{"href":"https:\/\/grandepremio.com\/br\/wp-json\/wp\/v2\/media?parent=129749"}],"wp:term":[{"taxonomy":"category","embeddable":true,"href":"https:\/\/grandepremio.com\/br\/wp-json\/wp\/v2\/categories?post=129749"},{"taxonomy":"post_tag","embeddable":true,"href":"https:\/\/grandepremio.com\/br\/wp-json\/wp\/v2\/tags?post=129749"},{"taxonomy":"42wp_author","embeddable":true,"href":"https:\/\/grandepremio.com\/br\/wp-json\/wp\/v2\/42wp_author?post=129749"}],"curies":[{"name":"wp","href":"https:\/\/api.w.org\/{rel}","templated":true}]}}