{"id":129754,"date":"2020-06-20T17:10:33","date_gmt":"2020-06-20T20:10:33","guid":{"rendered":"https:\/\/grandepremio.com\/br\/noticias\/saudosismo-com-formula-1-do-passado-faz-berger-parecer-maior-do-que-realmente-foi\/"},"modified":"2020-06-20T17:17:55","modified_gmt":"2020-06-20T20:17:55","slug":"saudosismo-com-formula-1-do-passado-faz-berger-parecer-maior-do-que-realmente-foi","status":"publish","type":"post","link":"https:\/\/grandepremio.com\/br\/f1\/saudosismo-com-formula-1-do-passado-faz-berger-parecer-maior-do-que-realmente-foi\/","title":{"rendered":"Saudosismo com F\u00f3rmula 1 do passado faz Berger parecer maior do que realmente foi"},"content":{"rendered":"\n<p class=\"wp-block-paragraph\">Gerhard Berger passou mais de uma d\u00e9cada na F\u00f3rmula 1 com resultados aceit\u00e1veis, mas ficou conhecido mesmo por ser companheiro de Ayrton Senna na McLaren mais poderosa da hist\u00f3ria. S\u00f3 que o austr\u00edaco perdia feio para o brasileiro, algo que hoje \u00e9 muito mais visto s\u00f3 como m\u00e9rito de Senna. No fim das contas, a capacidade de Berger \u00e9 um tanto superestimada pelo saudosismo com a F1 dos anos 1980 e 1990? O Paddockast #66 discutiu.<\/p>\n\n\n\n<p class=\"wp-block-paragraph\"><strong>A partir de 1min50s<\/strong><\/p>\n\n\n\n<figure class=\"wp-block-embed-spotify wp-block-embed is-type-rich is-provider-spotify wp-embed-aspect-21-9 wp-has-aspect-ratio\"><div class=\"wp-block-embed__wrapper\">\n<iframe title=\"Spotify Embed: Os pilotos mais superestimados da hist\u00f3ria da F1 | Paddockast #66\" style=\"border-radius: 12px\" width=\"100%\" height=\"152\" frameborder=\"0\" allowfullscreen allow=\"autoplay; clipboard-write; encrypted-media; fullscreen; picture-in-picture\" loading=\"lazy\" src=\"https:\/\/open.spotify.com\/embed\/episode\/5kpcCiAWAGCmLr95Kp3eTf?utm_source=oembed\"><\/iframe>\n<\/div><figcaption><strong>Paddockast #66 | Os pilotos mais superestimados da hist\u00f3ria da F1<\/strong><br>Ou\u00e7a tamb\u00e9m:\u00a0<a href=\"http:\/\/podcasts.apple.com\/br\/podcast\/paddockast\/id1371540198\">PODCASTS APPLE<\/a>\u00a0|\u00a0<a href=\"https:\/\/www.subscribeonandroid.com\/www.central3.com.br\/category\/podcasts\/paddockast\/feed\/podcast\/\">ANDROID<\/a>\u00a0|\u00a0<a href=\"https:\/\/player.fm\/series\/paddockast\">PLAYERFM<\/a><\/figcaption><\/figure>\n\n\n","protected":false},"excerpt":{"rendered":"<p>Gerhard Berger foi um dos exemplos mais cl\u00e1ssicos de &#8216;segund\u00e3o&#8217; na hist\u00f3ria da F\u00f3rmula 1. S\u00f3 que o saudosismo com os anos 1980 e 1990 da categoria fazem, hoje, o austr\u00edaco parecer melhor do que ele foi. Por isso, Berger foi lembrado no Paddockast dos pilotos superestimados<\/p>\n","protected":false},"author":0,"featured_media":0,"comment_status":"closed","ping_status":"closed","sticky":false,"template":"","format":"standard","meta":{"42wp_featured_image_caption":"","42wp_featured_image_credits":"","42wp_featured_video":"","42wp_featured_image_hidden":false,"42wp_authors_list":[],"footnotes":""},"categories":[2],"tags":[699,147,180,877,90,162],"42wp_author":[47109],"class_list":["post-129754","post","type-post","status-publish","format-standard","hentry","category-f1","tag-ayrton-senna","tag-f1","tag-formula-1","tag-gerhard-berger","tag-mclaren","tag-paddockast","42wp_author-redacao-gp"],"_links":{"self":[{"href":"https:\/\/grandepremio.com\/br\/wp-json\/wp\/v2\/posts\/129754","targetHints":{"allow":["GET"]}}],"collection":[{"href":"https:\/\/grandepremio.com\/br\/wp-json\/wp\/v2\/posts"}],"about":[{"href":"https:\/\/grandepremio.com\/br\/wp-json\/wp\/v2\/types\/post"}],"replies":[{"embeddable":true,"href":"https:\/\/grandepremio.com\/br\/wp-json\/wp\/v2\/comments?post=129754"}],"version-history":[{"count":0,"href":"https:\/\/grandepremio.com\/br\/wp-json\/wp\/v2\/posts\/129754\/revisions"}],"wp:attachment":[{"href":"https:\/\/grandepremio.com\/br\/wp-json\/wp\/v2\/media?parent=129754"}],"wp:term":[{"taxonomy":"category","embeddable":true,"href":"https:\/\/grandepremio.com\/br\/wp-json\/wp\/v2\/categories?post=129754"},{"taxonomy":"post_tag","embeddable":true,"href":"https:\/\/grandepremio.com\/br\/wp-json\/wp\/v2\/tags?post=129754"},{"taxonomy":"42wp_author","embeddable":true,"href":"https:\/\/grandepremio.com\/br\/wp-json\/wp\/v2\/42wp_author?post=129754"}],"curies":[{"name":"wp","href":"https:\/\/api.w.org\/{rel}","templated":true}]}}