{"id":129755,"date":"2020-06-20T15:55:35","date_gmt":"2020-06-20T18:55:35","guid":{"rendered":"https:\/\/grandepremio.com\/br\/noticias\/hamilton-cria-comissao-para-promover-diversidade-no-esporte-a-motor\/"},"modified":"2020-06-20T16:40:55","modified_gmt":"2020-06-20T19:40:55","slug":"hamilton-cria-comissao-para-promover-diversidade-no-esporte-a-motor","status":"publish","type":"post","link":"https:\/\/grandepremio.com\/br\/f1\/hamilton-cria-comissao-para-promover-diversidade-no-esporte-a-motor\/","title":{"rendered":"Hamilton cria comiss\u00e3o para promover diversidade no esporte a motor"},"content":{"rendered":"\n<p class=\"wp-block-paragraph\">Lewis Hamilton tem come\u00e7ado a dar os primeiros passos para mudar o cen\u00e1rio do esporte a motor mundial. O ingl\u00eas revelou a cria\u00e7\u00e3o de uma Comiss\u00e3o para promover a diversidade dentro do automobilismo.<\/p>\n\n\n\n<p class=\"wp-block-paragraph\">O hexacampe\u00e3o tem se mostrado <a href=\"https:\/\/www.grandepremio.com\/br\/f1\/noticias\/hamilton-ve-racismo-como-muito-proeminente-no-mundo-e-acredita-que-isso-nao-vai-mudar-por-muito-tempo\/\"><strong>cada vez mais engajado em assuntos de grande import\u00e2ncia<\/strong><\/a>. Nas \u00faltimas semanas, tem sido<a href=\"https:\/\/www.grandepremio.com\/br\/f1\/noticias\/hamilton-cita-raiva-tristeza-e-descrenca-continuamos-a-falhar-como-humanidade\/\"> <strong>bastante verbal sobre temas como o racismo<\/strong><\/a>, tanto <a href=\"https:\/\/www.grandepremio.com\/br\/f1\/noticias\/voces-sao-uma-desgraca-hamilton-protesta-apos-morte-de-george-floyd-pela-policia-nos-eua\/\"><strong>pegando o assassinato de George Floyd, nos Estados Unidos<\/strong><\/a>, <a href=\"https:\/\/www.grandepremio.com\/br\/f1\/noticias\/hamilton-diz-que-luta-contra-racismo-trouxe-memorias-dolorosas-da-infancia\/\"><strong>quanto epis\u00f3dios que passou durante sua vida<\/strong><\/a>, como exemplos.<\/p>\n\n\n\n<p class=\"wp-block-paragraph\">Sempre deixando clara sua vontade de mudar o automobilismo, come\u00e7ou a se mexer para ver a mudan\u00e7a. \u201cTenho trabalhado com a Academia Real de Engenharia para criar a Comiss\u00e3o Hamilton\u201d, disse em entrevista ao Sunday Times.<\/p>\n\n\n\n<p class=\"wp-block-paragraph\">\u201cUma parceria de pesquisa para explorar como o esporte a motor pode ser usado como ve\u00edculo para envolver mais jovens de origens pretas em assuntos de ci\u00eancia, tecnologia, engenharia e matem\u00e1tica [com sigla STEM] e, finalmente, empreg\u00e1-los em nossas equipes em setores da engenharia\u201d, emendou.<\/p>\n\n\n\n<figure class=\"wp-block-image size-large\"><img decoding=\"async\" src=\"https:\/\/www.grandepremio.com\/br\/wp-content\/uploads\/2020\/01\/20191211240396_mercedes-lewishamilton-06_II.jpg\" alt=\"\" class=\"wp-image-375455\"\/><figcaption>Hamilton est\u00e1 em constante busca de tornar o esporte mais inclusivo (Foto: Mercedes)<\/figcaption><\/figure>\n\n\n\n<p class=\"wp-block-paragraph\">\u201c[A comiss\u00e3o] Vai explorar \u00e1reas como a falta de modelos e servi\u00e7os de carreiras nas escolas e oportunidades para envolver mais jovens pretos em atividades STEM extracurriculares\u201d, seguiu o ingl\u00eas.<\/p>\n\n\n\n<p class=\"wp-block-paragraph\">\u201cAl\u00e9m disso, [vai explorar] barreiras que impedem pessoas das mais diversas origens a ingressarem na ind\u00fastria das corridas, al\u00e9m de pr\u00e1ticas problem\u00e1ticas de contrata\u00e7\u00e3o que resultam em menos pretos formados entrando nas profiss\u00f5es de engenharia\u201d, completou o #44.<\/p>\n\n\n\n<p class=\"wp-block-paragraph\">O objetivo da comiss\u00e3o, de acordo com Hamilton, \u00e9 tornar o esporte a motor mais diversificado. \u201cEspero que a Comiss\u00e3o Hamilton permita uma mudan\u00e7a real, mensur\u00e1vel e tang\u00edvel\u201d, apontou.<\/p>\n\n\n\n<p class=\"wp-block-paragraph\">\u201cDaqui a 20 anos, espero ver o esporte que deu a um garoto t\u00edmido, trabalhador de Stevenage tantas oportunidades, se torne t\u00e3o diverso, complexo e multicultural quanto o mundo em que vivemos\u201d, encerrou o piloto de 35 anos.<\/p>\n","protected":false},"excerpt":{"rendered":"<p>Lewis Hamilton segue engajado na mudan\u00e7a do cen\u00e1rio do automobilismo. Agora, o ingl\u00eas tem trabalhado para criar comiss\u00e3o para promover a diversidade no esporte<\/p>\n","protected":false},"author":0,"featured_media":1000388849,"comment_status":"closed","ping_status":"closed","sticky":false,"template":"","format":"standard","meta":{"42wp_featured_image_caption":"","42wp_featured_image_credits":"","42wp_featured_video":"","42wp_featured_image_hidden":false,"42wp_authors_list":[],"footnotes":""},"categories":[2],"tags":[24837,24860,87,82],"42wp_author":[47109],"class_list":["post-129755","post","type-post","status-publish","format-standard","has-post-thumbnail","hentry","category-f1","tag-formula-1-2","tag-formula-1-2020-2","tag-lewis-hamilton","tag-mercedes","42wp_author-redacao-gp"],"_links":{"self":[{"href":"https:\/\/grandepremio.com\/br\/wp-json\/wp\/v2\/posts\/129755","targetHints":{"allow":["GET"]}}],"collection":[{"href":"https:\/\/grandepremio.com\/br\/wp-json\/wp\/v2\/posts"}],"about":[{"href":"https:\/\/grandepremio.com\/br\/wp-json\/wp\/v2\/types\/post"}],"replies":[{"embeddable":true,"href":"https:\/\/grandepremio.com\/br\/wp-json\/wp\/v2\/comments?post=129755"}],"version-history":[{"count":0,"href":"https:\/\/grandepremio.com\/br\/wp-json\/wp\/v2\/posts\/129755\/revisions"}],"wp:featuredmedia":[{"embeddable":true,"href":"https:\/\/grandepremio.com\/br\/wp-json\/wp\/v2\/media\/1000388849"}],"wp:attachment":[{"href":"https:\/\/grandepremio.com\/br\/wp-json\/wp\/v2\/media?parent=129755"}],"wp:term":[{"taxonomy":"category","embeddable":true,"href":"https:\/\/grandepremio.com\/br\/wp-json\/wp\/v2\/categories?post=129755"},{"taxonomy":"post_tag","embeddable":true,"href":"https:\/\/grandepremio.com\/br\/wp-json\/wp\/v2\/tags?post=129755"},{"taxonomy":"42wp_author","embeddable":true,"href":"https:\/\/grandepremio.com\/br\/wp-json\/wp\/v2\/42wp_author?post=129755"}],"curies":[{"name":"wp","href":"https:\/\/api.w.org\/{rel}","templated":true}]}}