{"id":129802,"date":"2020-06-18T14:00:00","date_gmt":"2020-06-18T17:00:00","guid":{"rendered":"https:\/\/grandepremio.com\/br\/noticias\/nascar-acerta-ao-banir-bandeira-confederada-mas-entender-contexto-por-tras-e-crucial\/"},"modified":"2020-06-16T17:38:30","modified_gmt":"2020-06-16T20:38:30","slug":"nascar-acerta-ao-banir-bandeira-confederada-mas-entender-contexto-por-tras-e-crucial","status":"publish","type":"post","link":"https:\/\/grandepremio.com\/br\/nascar\/nascar-acerta-ao-banir-bandeira-confederada-mas-entender-contexto-por-tras-e-crucial\/","title":{"rendered":"Nascar acerta ao banir bandeira confederada, mas entender contexto por tr\u00e1s \u00e9 crucial"},"content":{"rendered":"\n<p class=\"wp-block-paragraph\">O clamor de Bubba Wallace foi atendido. \u00danico piloto negro da Nascar, o americano pediu que a categoria banisse a bandeira confederada de seus eventos e, finalmente, aconteceu. No <strong>Paddock GP #201<\/strong>, Pedro Henrique Marum lembrou epis\u00f3dios da categoria que envolveram o s\u00edmbolo racista e falou do contexto da proibi\u00e7\u00e3o.<\/p>\n\n\n\n<p class=\"wp-block-paragraph\"><strong>Assista ao trecho completo abaixo:<\/strong><\/p>\n\n\n\n<figure class=\"wp-block-embed-youtube wp-block-embed is-type-video is-provider-youtube wp-embed-aspect-16-9 wp-has-aspect-ratio\"><div class=\"wp-block-embed__wrapper\">\n<iframe loading=\"lazy\" title=\"Sem P\u00d3DIO e com novo protocolo: F1 2020 vem DIFERENTE | Paddock GP #201\" width=\"500\" height=\"281\" src=\"https:\/\/www.youtube.com\/embed\/S3CqWCjWfX8?start=4136&amp;feature=oembed\" frameborder=\"0\" allow=\"accelerometer; autoplay; clipboard-write; encrypted-media; gyroscope; picture-in-picture; web-share\" referrerpolicy=\"strict-origin-when-cross-origin\" allowfullscreen><\/iframe>\n<\/div><\/figure>\n\n\n\n<p class=\"wp-block-paragraph\"><\/p>\n","protected":false},"excerpt":{"rendered":"<p>A Nascar finalmente baniu a bandeira confederada, s\u00edmbolo racista americano, de seus eventos, mas \u00e9 importante entender tamb\u00e9m interesses e o contexto que envolvem isso, como apontaram os jornalistas do Paddock GP<\/p>\n","protected":false},"author":0,"featured_media":1000388038,"comment_status":"closed","ping_status":"closed","sticky":false,"template":"","format":"standard","meta":{"42wp_featured_image_caption":"","42wp_featured_image_credits":"","42wp_featured_video":"","42wp_featured_image_hidden":false,"42wp_authors_list":[],"footnotes":""},"categories":[14],"tags":[25031,411,1537],"42wp_author":[47109],"class_list":["post-129802","post","type-post","status-publish","format-standard","has-post-thumbnail","hentry","category-nascar","tag-bubba-wallace","tag-nascar","tag-paddock-gp","42wp_author-redacao-gp"],"_links":{"self":[{"href":"https:\/\/grandepremio.com\/br\/wp-json\/wp\/v2\/posts\/129802","targetHints":{"allow":["GET"]}}],"collection":[{"href":"https:\/\/grandepremio.com\/br\/wp-json\/wp\/v2\/posts"}],"about":[{"href":"https:\/\/grandepremio.com\/br\/wp-json\/wp\/v2\/types\/post"}],"replies":[{"embeddable":true,"href":"https:\/\/grandepremio.com\/br\/wp-json\/wp\/v2\/comments?post=129802"}],"version-history":[{"count":0,"href":"https:\/\/grandepremio.com\/br\/wp-json\/wp\/v2\/posts\/129802\/revisions"}],"wp:featuredmedia":[{"embeddable":true,"href":"https:\/\/grandepremio.com\/br\/wp-json\/wp\/v2\/media\/1000388038"}],"wp:attachment":[{"href":"https:\/\/grandepremio.com\/br\/wp-json\/wp\/v2\/media?parent=129802"}],"wp:term":[{"taxonomy":"category","embeddable":true,"href":"https:\/\/grandepremio.com\/br\/wp-json\/wp\/v2\/categories?post=129802"},{"taxonomy":"post_tag","embeddable":true,"href":"https:\/\/grandepremio.com\/br\/wp-json\/wp\/v2\/tags?post=129802"},{"taxonomy":"42wp_author","embeddable":true,"href":"https:\/\/grandepremio.com\/br\/wp-json\/wp\/v2\/42wp_author?post=129802"}],"curies":[{"name":"wp","href":"https:\/\/api.w.org\/{rel}","templated":true}]}}