{"id":129806,"date":"2020-06-18T08:58:08","date_gmt":"2020-06-18T11:58:08","guid":{"rendered":"https:\/\/grandepremio.com\/br\/noticias\/24h-de-le-mans-define-programacao-para-setembro-6-brasileiros-ja-estao-inscritos\/"},"modified":"2020-06-18T09:24:02","modified_gmt":"2020-06-18T12:24:02","slug":"24h-de-le-mans-define-programacao-para-setembro-6-brasileiros-ja-estao-inscritos","status":"publish","type":"post","link":"https:\/\/grandepremio.com\/br\/endurance\/24h-de-le-mans-define-programacao-para-setembro-6-brasileiros-ja-estao-inscritos\/","title":{"rendered":"24h de Le Mans define programa\u00e7\u00e3o para setembro. 6 brasileiros j\u00e1 est\u00e3o inscritos"},"content":{"rendered":"\n<figure class=\"wp-block-embed is-type-video is-provider-dailymotion\"><div class=\"wp-block-embed__wrapper\">\n<iframe loading=\"lazy\" title=\"A F1 precisa ser HONESTA e dizer que PRECISA correr para N\u00c3O QUEBRAR | GP \u00e0s 10\" frameborder=\"0\" width=\"500\" height=\"281\" src=\"https:\/\/geo.dailymotion.com\/player.html?video=x7uhtbm&#038;\" allowfullscreen allow=\"autoplay; fullscreen; picture-in-picture; web-share\"><\/iframe>\n<\/div><\/figure>\n\n\n\n<p class=\"wp-block-paragraph\">O ACO (Autom\u00f3vel Clube do Oeste), entidade que promove e organiza as 24 Horas de Le Mans, principal corrida de endurance do calend\u00e1rio e a \u00faltima e derradeira etapa da supertemporada 2019\/20 do Mundial de Endurance, anunciou a programa\u00e7\u00e3o da prova, que excepcionalmente em 2020 vai acontecer em setembro. A disputa estava originalmente marcada para o \u00faltimo fim de semana, mas a pandemia do novo coronav\u00edrus na Europa for\u00e7ou a organiza\u00e7\u00e3o a mudar a data. O cronograma est\u00e1 dividido em cinco dias de atividades, iniciando em 16 de setembro, com a corrida sendo realizada entre 19 e 20 do nono m\u00eas. Al\u00e9m da programa\u00e7\u00e3o, o ACO tamb\u00e9m anunciou a primeira lista pr\u00e9via para as 24 Horas de Le Mans, que j\u00e1 tem seis pilotos brasileiros em meio a um grid formado por 62 carros e outros 4 reservas.<\/p>\n\n\n\n<p class=\"wp-block-paragraph\">O primeiro dia da programa\u00e7\u00e3o, na quarta-feira, vai ser todo dedicado \u00e0 vistoria t\u00e9cnica. Geralmente, o procedimento \u00e9 aberto ao p\u00fablico. O comunicado emitido pela ACO nesta quinta-feira n\u00e3o faz men\u00e7\u00e3o a port\u00f5es fechados, mas tamb\u00e9m n\u00e3o h\u00e1 um posicionamento sobre vendas de ingressos no momento.<\/p>\n\n\n\n<p class=\"wp-block-paragraph\">O comunicado diz que a 88\u00aa edi\u00e7\u00e3o das 24 Horas de Le Mans, adiadas para 19 e 20 de setembro, vai \u201cseguir um cronograma de quatro dias particularmente cheios de a\u00e7\u00e3o e que prometem ser mais intensos e empolgantes do que nunca para as 62 equipes envolvidas. Entre quinta-feira, 17, e domingo, 20, veremos quatro sess\u00f5es de treinos livres, classifica\u00e7\u00e3o, a sess\u00e3o Hyperpole e um treino de aquecimento, culminando com a corrida de resist\u00eancia de 24 horas\u201d.<\/p>\n\n\n\n<figure class=\"wp-block-image size-large\"><img decoding=\"async\" src=\"https:\/\/www.grandepremio.com\/br\/wp-content\/uploads\/2020\/03\/20196161350228_JMD_Alpine_LeMans2019_11004_DMa.jpg\" alt=\"\" class=\"wp-image-351623\"\/><figcaption>Vai ter 24 Horas de Le Mans. A prova acontece entre 19 e 20 de setembro (Foto: Signatech Alpine)<\/figcaption><\/figure>\n\n\n\n<p class=\"wp-block-paragraph\">\u201cCiente do impacto financeiro da situa\u00e7\u00e3o atual nas equipes, o ACO esteve empenhado em garantir que seus recursos n\u00e3o fiquem retidos por muito tempo. Por isso, reorganizamos o cronograma das sess\u00f5es de treino, vitais para a boa prepara\u00e7\u00e3o nas corridas, e a classifica\u00e7\u00e3o, o novo procedimento Hyperpole, o aquecimento e a corrida, reunindo tudo em um per\u00edodo de quatro dias. As 24 Horas de Le Mans v\u00e3o ser realizadas de quinta a domingo, mantendo o n\u00edvel de qualidade necess\u00e1rio para um evento internacional t\u00e3o ic\u00f4nico\u201d, explicou a empresa.<\/p>\n\n\n\n<p class=\"wp-block-paragraph\">A quinta-feira, portanto, abre a programa\u00e7\u00e3o com dois treinos livres durante o dia: o primeiro, de 10h \u00e0s 13h locais (5h \u00e0s 8h pelo hor\u00e1rio de Bras\u00edlia); e o segundo, das 14h \u00e0s 17h (9h \u00e0s 12h de Bras\u00edlia). O primeiro treino classificat\u00f3rio, com todos os carros, est\u00e1 marcado para 17h15 (12h15 de Bras\u00edlia) de quinta-feira, com 45 minutos de dura\u00e7\u00e3o. O dia reserva o terceiro treino livre, no per\u00edodo noturno, das 20h \u00e0s 0h locais (15h \u00e0s 19h pelo hor\u00e1rio oficial brasileiro).<\/p>\n\n\n\n<figure class=\"wp-block-embed-twitter wp-block-embed is-type-rich is-provider-twitter\"><div class=\"wp-block-embed__wrapper\">\n<blockquote class=\"twitter-tweet\" data-width=\"500\" data-dnt=\"true\"><p lang=\"en\" dir=\"ltr\">2020 24 Hours of Le Mans: a 6\ufe0f\u20e32\ufe0f\u20e3-car grid for 4\ufe0f\u20e3 days of intense competition!<br><br>See the updated schedule for September&#39;s 24 Hours of Le Mans: <a href=\"https:\/\/t.co\/H5PKbk4uNj\">https:\/\/t.co\/H5PKbk4uNj<\/a>*<br>The 62-strong entry list: <a href=\"https:\/\/t.co\/TeI3zA6mP5\">https:\/\/t.co\/TeI3zA6mP5<\/a><a href=\"https:\/\/x.com\/FIAWEC?ref_src=twsrc%5Etfw\">@FIAWEC<\/a> <a href=\"https:\/\/x.com\/hashtag\/LeMans24?src=hash&amp;ref_src=twsrc%5Etfw\">#LeMans24<\/a> <a href=\"https:\/\/t.co\/7TsCHjGVgi\">pic.twitter.com\/7TsCHjGVgi<\/a><\/p>&mdash; 24 Hours of Le Mans (@24hoursoflemans) <a href=\"https:\/\/x.com\/24hoursoflemans\/status\/1273527134196248582?ref_src=twsrc%5Etfw\">June 18, 2020<\/a><\/blockquote><script async src=\"https:\/\/platform.x.com\/widgets.js\" charset=\"utf-8\"><\/script>\n<\/div><\/figure>\n\n\n\n<p class=\"wp-block-paragraph\">A sexta-feira compreende uma grande novidade, a Hyperpole, sess\u00e3o com menos carros na pista para buscar a melhor posi\u00e7\u00e3o no grid de largada. \u201cHaver\u00e1 mais sess\u00f5es de treinos livres e a t\u00e3o esperada Hyperpole, onde 24 competidores v\u00e3o acelerar no circuito de 13,626 km em um teste de velocidade absoluta e sem o tr\u00e1fego pesado\u201d.<\/p>\n\n\n\n<p class=\"wp-block-paragraph\">O ACO encerra o comunicado dizendo que \u201cas 24 Horas de Le Mans 2020 tiveram de ser reorganizadas devido ao contexto internacional sem precedentes, mas foram feitos todos os esfor\u00e7os para garantir uma competi\u00e7\u00e3o de alta qualidade, onde a seguran\u00e7a continua sendo prioridade\u201d.<\/p>\n\n\n\n<h2 class=\"wp-block-heading\">Seis brasileiros (at\u00e9 agora) e um destino<\/h2>\n\n\n\n<p class=\"wp-block-paragraph\">A lista pr\u00e9via divulgada pela organiza\u00e7\u00e3o das 24 Horas de Le Mans ainda traz muitos espa\u00e7os vazios, mas j\u00e1 conta com um bom n\u00famero de brasileiros no grid. Bruno Senna, um dos pilotos que compete regularmente no Mundial de Endurance, vai compor o trio da Rebellion #1 ao lado do franc\u00eas Norman Nato e do americano de origem brasileira Gustavo Menezes na principal classe do grid, a LMP1, que tem como favoritos os dois Toyota TS050 Hybrid e somente sete inscritos.<\/p>\n\n\n\n<p class=\"wp-block-paragraph\">Na LMP2, destaque para o atual campe\u00e3o mundial, Andr\u00e9 Negr\u00e3o, que vai integrar a tripula\u00e7\u00e3o da equipe francesa Alpine Signatech ao lado dos tamb\u00e9m gauleses Pierre Ragues e Thomas Laurent. Pipo Derani vai correr pela norte-americana DragonSpeed ao lado do mexicano Memo Rojas e do ingl\u00eas Ryan Cullen. A LMP2 \u00e9 a classe com mais carros inscritos, 26. Destaque tamb\u00e9m para o trio todo feminino da equipe Richard Mille, formado pela inglesa Katherine Legge, a colombiana Tatiana Calder\u00f3n e a alem\u00e3 Sophia Fl\u00f6rsch.<\/p>\n\n\n\n<figure class=\"wp-block-image size-large\"><img decoding=\"async\" src=\"https:\/\/www.grandepremio.com\/br\/wp-content\/uploads\/2019\/06\/2019616130499_JMDBrasileiros_DMa.jpg\" alt=\"\" class=\"wp-image-365072\"\/><figcaption>Daniel Serra, Andr\u00e9 Negr\u00e3o e Felipe Fraga est\u00e3o na lista de inscritos para a prova em 2020 (Foto: Jos\u00e9 M\u00e1rio Dias)<\/figcaption><\/figure>\n\n\n\n<p class=\"wp-block-paragraph\">Na LMGTE-Pro, o bicampe\u00e3o Daniel Serra vai pilotar a Ferrari 488 GTE Evo da tradicional equipe italiana AF Corse ao lado de Alessandro Pier Guidi e de James Calado. O trio venceu as 24 Horas de Le Mans no ano passado. A categoria vem esvaziada neste ano, com somente oito carros inscritos.<\/p>\n\n\n\n<p class=\"wp-block-paragraph\">Por fim, a LMGTE-Am, classe que mistura pilotos profissionais e gentlemen-drivers, vem com 21 carros e, por enquanto, dois brasileiros: Felipe Fraga, campe\u00e3o da Stock Car em 2016, que vai correr ao lado do americano Ben Keating e do holand\u00eas Jeroen Bleekemolen com um Porsche 911 RSR da equipe alem\u00e3 Team Project 1. E Marcos Gomes, que faturou o t\u00edtulo da principal categoria do automobilismo brasileiro em 2015, vai correr pela equipe de Taiwan Hub Auto Racing ao lado de Morris Chen, tamb\u00e9m de Taiwan, e do australiano Timothy Slade.<\/p>\n\n\n\n<p class=\"wp-block-paragraph\">Quatro carros est\u00e3o escalados como reservas: um LMP2 da Dragon Speed e tr\u00eas na LMGTE-Am: das equipes Iron Lynx, outro da Team Project 1 e um da D\u2019Station Racing.<\/p>\n\n\n\n<figure class=\"wp-block-embed-youtube wp-block-embed is-type-video is-provider-youtube wp-embed-aspect-16-9 wp-has-aspect-ratio\"><div class=\"wp-block-embed__wrapper\">\n<iframe loading=\"lazy\" title=\"Se correr apenas na Europa, F1 2020 \u00e9 MUNDIAL? | GP \u00e0s 10\" width=\"500\" height=\"281\" src=\"https:\/\/www.youtube.com\/embed\/f8KKRMVpEDU?feature=oembed\" frameborder=\"0\" allow=\"accelerometer; autoplay; clipboard-write; encrypted-media; gyroscope; picture-in-picture; web-share\" referrerpolicy=\"strict-origin-when-cross-origin\" allowfullscreen><\/iframe>\n<\/div><\/figure>\n","protected":false},"excerpt":{"rendered":"<p>Bruno Senna, Andr\u00e9 Negr\u00e3o, Pipo Derani, Daniel Serra, Felipe Fraga, Marcos Gomes aparecem na primeira lista de inscritos divulgada pelo Autom\u00f3vel Clube do Oeste para a edi\u00e7\u00e3o de 2020 das 24 Horas de Le Mans. Em raz\u00e3o da pandemia do novo coronav\u00edrus, a prova vai acontecer entre 19 e 20 de setembro e vai ter um grid de 62 carros<\/p>\n","protected":false},"author":0,"featured_media":0,"comment_status":"closed","ping_status":"closed","sticky":false,"template":"","format":"standard","meta":{"42wp_featured_image_caption":"","42wp_featured_image_credits":"","42wp_featured_video":"","42wp_featured_image_hidden":false,"42wp_authors_list":[],"footnotes":""},"categories":[18],"tags":[25129,1674,77,427,460,24836,4854,1208,1034,756],"42wp_author":[47109],"class_list":["post-129806","post","type-post","status-publish","format-standard","hentry","category-endurance","tag-andre-negrao","tag-bruno-senna","tag-daniel-serra","tag-endurance","tag-felipe-fraga","tag-grande-premio-2","tag-la-sarthe","tag-le-mans","tag-marcos-gomes","tag-pipo-derani","42wp_author-redacao-gp"],"_links":{"self":[{"href":"https:\/\/grandepremio.com\/br\/wp-json\/wp\/v2\/posts\/129806","targetHints":{"allow":["GET"]}}],"collection":[{"href":"https:\/\/grandepremio.com\/br\/wp-json\/wp\/v2\/posts"}],"about":[{"href":"https:\/\/grandepremio.com\/br\/wp-json\/wp\/v2\/types\/post"}],"replies":[{"embeddable":true,"href":"https:\/\/grandepremio.com\/br\/wp-json\/wp\/v2\/comments?post=129806"}],"version-history":[{"count":0,"href":"https:\/\/grandepremio.com\/br\/wp-json\/wp\/v2\/posts\/129806\/revisions"}],"wp:attachment":[{"href":"https:\/\/grandepremio.com\/br\/wp-json\/wp\/v2\/media?parent=129806"}],"wp:term":[{"taxonomy":"category","embeddable":true,"href":"https:\/\/grandepremio.com\/br\/wp-json\/wp\/v2\/categories?post=129806"},{"taxonomy":"post_tag","embeddable":true,"href":"https:\/\/grandepremio.com\/br\/wp-json\/wp\/v2\/tags?post=129806"},{"taxonomy":"42wp_author","embeddable":true,"href":"https:\/\/grandepremio.com\/br\/wp-json\/wp\/v2\/42wp_author?post=129806"}],"curies":[{"name":"wp","href":"https:\/\/api.w.org\/{rel}","templated":true}]}}