{"id":129814,"date":"2020-06-17T16:00:00","date_gmt":"2020-06-17T19:00:00","guid":{"rendered":"https:\/\/grandepremio.com\/br\/noticias\/barrichello-foi-responsavel-por-segurar-luto-do-brasileiro-diz-sergio-quintanilha\/"},"modified":"2020-06-17T19:55:27","modified_gmt":"2020-06-17T22:55:27","slug":"barrichello-foi-responsavel-por-segurar-luto-do-brasileiro-diz-sergio-quintanilha","status":"publish","type":"post","link":"https:\/\/grandepremio.com\/br\/f1\/barrichello-foi-responsavel-por-segurar-luto-do-brasileiro-diz-sergio-quintanilha\/","title":{"rendered":"&#8220;Barrichello foi respons\u00e1vel por segurar luto do brasileiro&#8221;, diz Sergio Quintanilha"},"content":{"rendered":"\n<p class=\"wp-block-paragraph\">No Cadeira Cativa #11, os convidados discutiram sobre as carreiras de Felipe Massa e Rubens Barrichello. Para Sergio Quintanilha, Barrichello foi o grande encarregado por segurar o luto do torcedor brasileiro ap\u00f3s a morte de Ayrton Senna em 1994.<\/p>\n\n\n\n<p class=\"wp-block-paragraph\">O Cadeira Cativa \u00e9 o programa do&nbsp;<strong>GRANDE PR\u00caMIO<span class=\"has-inline-color has-vivid-red-color\">&nbsp;<\/span><a href=\"https:\/\/www.youtube.com\/playlist?list=PLULYLQYUzB5quTd-TVZPMhYwfGBYPTVy7\"><span class=\"has-inline-color has-vivid-red-color\">que recebe jornalistas e personalidades marcantes da cobertura de esporte a motor do Brasil<\/span><\/a><\/strong>.<\/p>\n\n\n\n<p class=\"wp-block-paragraph\"><strong>Assista ao trecho completo abaixo:<\/strong><\/p>\n\n\n\n<figure class=\"wp-block-embed-youtube wp-block-embed is-type-video is-provider-youtube wp-embed-aspect-16-9 wp-has-aspect-ratio\"><div class=\"wp-block-embed__wrapper\">\n<iframe loading=\"lazy\" title=\"BARRICHELLO x MASSA: Quem foi melhor? | Cadeira Cativa #11\" width=\"500\" height=\"281\" src=\"https:\/\/www.youtube.com\/embed\/NQ9fWlREJp4?start=5364&amp;feature=oembed\" frameborder=\"0\" allow=\"accelerometer; autoplay; clipboard-write; encrypted-media; gyroscope; picture-in-picture; web-share\" referrerpolicy=\"strict-origin-when-cross-origin\" allowfullscreen><\/iframe>\n<\/div><\/figure>\n\n\n\n\n\n<figure class=\"wp-block-embed-spotify wp-block-embed is-type-rich is-provider-spotify wp-embed-aspect-21-9 wp-has-aspect-ratio\"><div class=\"wp-block-embed__wrapper\">\n<iframe title=\"Spotify Embed: As ideias esdr\u00faxulas de retorno\/As boas ideias de Lewis Hamilton | Paddockast #65\" style=\"border-radius: 12px\" width=\"100%\" height=\"152\" frameborder=\"0\" allowfullscreen allow=\"autoplay; clipboard-write; encrypted-media; fullscreen; picture-in-picture\" loading=\"lazy\" src=\"https:\/\/open.spotify.com\/embed\/episode\/77tLwulwh5RQPCICbdHSPk?t=0&amp;utm_source=oembed\"><\/iframe>\n<\/div><figcaption><strong>Paddockast #65 | As ideias esdr\u00faxulas de retorno\/As boas ideias de Lewis Hamilton<\/strong><br>Ou\u00e7a tamb\u00e9m:&nbsp;<a href=\"http:\/\/podcasts.apple.com\/br\/podcast\/paddockast\/id1371540198\">PODCASTS APPLE<\/a>&nbsp;|&nbsp;<a href=\"https:\/\/www.subscribeonandroid.com\/www.central3.com.br\/category\/podcasts\/paddockast\/feed\/podcast\/\">ANDROID<\/a>&nbsp;|&nbsp;<a href=\"https:\/\/player.fm\/series\/paddockast\">PLAYERFM<\/a><\/figcaption><\/figure>\n","protected":false},"excerpt":{"rendered":"<p>Rubens Barrichello foi um dos maiores brasileiros da F\u00f3rmula 1. Mas carregou o fardo de ser o primeiro a brigar por vit\u00f3rias ap\u00f3s a morte de Ayrton Senna<\/p>\n","protected":false},"author":0,"featured_media":0,"comment_status":"closed","ping_status":"closed","sticky":false,"template":"","format":"standard","meta":{"42wp_featured_image_caption":"","42wp_featured_image_credits":"","42wp_featured_video":"","42wp_featured_image_hidden":false,"42wp_authors_list":[],"footnotes":""},"categories":[2],"tags":[24900,147,504,4238,175],"42wp_author":[47109],"class_list":["post-129814","post","type-post","status-publish","format-standard","hentry","category-f1","tag-cadeira-cativa","tag-f1","tag-felipe-massa","tag-lito-cavalcanti","tag-rubens-barrichello","42wp_author-redacao-gp"],"_links":{"self":[{"href":"https:\/\/grandepremio.com\/br\/wp-json\/wp\/v2\/posts\/129814","targetHints":{"allow":["GET"]}}],"collection":[{"href":"https:\/\/grandepremio.com\/br\/wp-json\/wp\/v2\/posts"}],"about":[{"href":"https:\/\/grandepremio.com\/br\/wp-json\/wp\/v2\/types\/post"}],"replies":[{"embeddable":true,"href":"https:\/\/grandepremio.com\/br\/wp-json\/wp\/v2\/comments?post=129814"}],"version-history":[{"count":0,"href":"https:\/\/grandepremio.com\/br\/wp-json\/wp\/v2\/posts\/129814\/revisions"}],"wp:attachment":[{"href":"https:\/\/grandepremio.com\/br\/wp-json\/wp\/v2\/media?parent=129814"}],"wp:term":[{"taxonomy":"category","embeddable":true,"href":"https:\/\/grandepremio.com\/br\/wp-json\/wp\/v2\/categories?post=129814"},{"taxonomy":"post_tag","embeddable":true,"href":"https:\/\/grandepremio.com\/br\/wp-json\/wp\/v2\/tags?post=129814"},{"taxonomy":"42wp_author","embeddable":true,"href":"https:\/\/grandepremio.com\/br\/wp-json\/wp\/v2\/42wp_author?post=129814"}],"curies":[{"name":"wp","href":"https:\/\/api.w.org\/{rel}","templated":true}]}}