{"id":129840,"date":"2020-06-16T11:50:00","date_gmt":"2020-06-16T14:50:00","guid":{"rendered":"https:\/\/grandepremio.com\/br\/noticias\/branco-passa-a-dominar-layout-e-foresti-lanca-segundo-carro-da-vogel-para-2020\/"},"modified":"2020-06-16T15:20:48","modified_gmt":"2020-06-16T18:20:48","slug":"branco-passa-a-dominar-layout-e-foresti-lanca-segundo-carro-da-vogel-para-2020","status":"publish","type":"post","link":"https:\/\/grandepremio.com\/br\/stock-car\/branco-passa-a-dominar-layout-e-foresti-lanca-segundo-carro-da-vogel-para-2020\/","title":{"rendered":"Branco passa a dominar layout, e Foresti lan\u00e7a segundo carro da Vogel para 2020"},"content":{"rendered":"\n<figure class=\"wp-block-embed-dailymotion wp-block-embed is-type-video is-provider-dailymotion wp-embed-aspect-16-9 wp-has-aspect-ratio\"><div class=\"wp-block-embed__wrapper\">\n<iframe loading=\"lazy\" title=\"Vai dar merda: volta de corridas no Brasil \u00e9 cada dia mais arriscada | GP \u00e0s 10\" frameborder=\"0\" width=\"500\" height=\"281\" src=\"https:\/\/geo.dailymotion.com\/player.html?video=x7uh5d4&#038;\" allowfullscreen allow=\"autoplay; fullscreen; picture-in-picture; web-share\"><\/iframe>\n<\/div><\/figure>\n\n\n\n<p class=\"wp-block-paragraph\">Fora do mundo virtual, <strong><a href=\"https:\/\/www.grandepremio.com\/br\/stock-car\/noticias\/stock-car-lanca-campeonato-virtual-com-transmissao-exclusiva-do-grande-premio\/\"><span style=\"text-decoration: underline;\">em que o GRANDE PR\u00caMIO transmitir\u00e1 com exclusividade as quatro etapas de seu campeonato<\/span><\/a><\/strong>, a Stock Car segue com novidades apenas no que diz respeito a layouts de seus carros.<\/p>\n\n\n\n<p class=\"wp-block-paragraph\">Na \u00faltima segunda-feira (14), foi a vez da Vogel mostrar seu segundo carro para a temporada 2020: o de Lucas Foresti.<\/p>\n\n\n\n<figure class=\"wp-block-image size-large\"><img decoding=\"async\" src=\"https:\/\/www.grandepremio.com\/br\/wp-content\/uploads\/2020\/06\/Lucas-Foresti-Vogel-Stock-Car-2020-1024x672.jpg\" alt=\"\" class=\"wp-image-388867\"\/><figcaption>O carro de Foresti para 2020 (Foto: Vogel)<\/figcaption><\/figure>\n\n\n\n<p class=\"wp-block-paragraph\">O piloto, que conseguiu um p\u00f3dio em 2019, em Goi\u00e2nia, ter\u00e1 como companheiro Gaetano Di Mauro, que \u00e9 piloto Shell e ter\u00e1 o tradicional vermelho da marca. Mas, por sua vez, Foresti vai utilizar um carro mais branco do que o azul que pilotou no \u00faltimo ano.<\/p>\n\n\n\n<p class=\"wp-block-paragraph\">Dono de dois p\u00f3dios e uma vit\u00f3ria em sua carreira na Stock Car, onde atua desde 2013, Foresti espera agora a confirma\u00e7\u00e3o de datas para a temporada. No momento, a categoria pensa em iniciar seu ano no dia 5 de julho, no Velo Citt\u00e0.<\/p>\n\n\n\n<figure class=\"wp-block-embed-spotify wp-block-embed is-type-rich is-provider-spotify wp-embed-aspect-21-9 wp-has-aspect-ratio\"><div class=\"wp-block-embed__wrapper\">\n<iframe title=\"Spotify Embed: As ideias esdr\u00faxulas de retorno\/As boas ideias de Lewis Hamilton | Paddockast #65\" style=\"border-radius: 12px\" width=\"100%\" height=\"152\" frameborder=\"0\" allowfullscreen allow=\"autoplay; clipboard-write; encrypted-media; fullscreen; picture-in-picture\" loading=\"lazy\" src=\"https:\/\/open.spotify.com\/embed\/episode\/77tLwulwh5RQPCICbdHSPk?utm_source=oembed\"><\/iframe>\n<\/div><figcaption><strong>Paddockast #65 | As ideias esdr\u00faxulas de retorno\/As boas ideias de Lewis Hamilton<\/strong><br>Ou\u00e7a tamb\u00e9m:\u00a0<a href=\"http:\/\/podcasts.apple.com\/br\/podcast\/paddockast\/id1371540198\">PODCASTS APPLE<\/a>\u00a0|\u00a0<a href=\"https:\/\/www.subscribeonandroid.com\/www.central3.com.br\/category\/podcasts\/paddockast\/feed\/podcast\/\">ANDROID<\/a>\u00a0|\u00a0<a href=\"https:\/\/player.fm\/series\/paddockast\">PLAYERFM<\/a><\/figcaption><\/figure>\n\n\n","protected":false},"excerpt":{"rendered":"<p>Companheiro de Gaetano Di Mauro na Vogel, Lucas Foresti passa a ter um carro mais branco que azul na temporada 2020 da Stock Car<\/p>\n","protected":false},"author":0,"featured_media":1000388868,"comment_status":"closed","ping_status":"closed","sticky":false,"template":"","format":"standard","meta":{"42wp_featured_image_caption":"","42wp_featured_image_credits":"","42wp_featured_video":"","42wp_featured_image_hidden":false,"42wp_authors_list":[],"footnotes":""},"categories":[11],"tags":[4388,645,1714,69,71,1662],"42wp_author":[47109],"class_list":["post-129840","post","type-post","status-publish","format-standard","has-post-thumbnail","hentry","category-stock-car","tag-lucas-foresti","tag-novo-carro","tag-pintura","tag-stock-car","tag-stock-car-2020","tag-vogel","42wp_author-redacao-gp"],"_links":{"self":[{"href":"https:\/\/grandepremio.com\/br\/wp-json\/wp\/v2\/posts\/129840","targetHints":{"allow":["GET"]}}],"collection":[{"href":"https:\/\/grandepremio.com\/br\/wp-json\/wp\/v2\/posts"}],"about":[{"href":"https:\/\/grandepremio.com\/br\/wp-json\/wp\/v2\/types\/post"}],"replies":[{"embeddable":true,"href":"https:\/\/grandepremio.com\/br\/wp-json\/wp\/v2\/comments?post=129840"}],"version-history":[{"count":0,"href":"https:\/\/grandepremio.com\/br\/wp-json\/wp\/v2\/posts\/129840\/revisions"}],"wp:featuredmedia":[{"embeddable":true,"href":"https:\/\/grandepremio.com\/br\/wp-json\/wp\/v2\/media\/1000388868"}],"wp:attachment":[{"href":"https:\/\/grandepremio.com\/br\/wp-json\/wp\/v2\/media?parent=129840"}],"wp:term":[{"taxonomy":"category","embeddable":true,"href":"https:\/\/grandepremio.com\/br\/wp-json\/wp\/v2\/categories?post=129840"},{"taxonomy":"post_tag","embeddable":true,"href":"https:\/\/grandepremio.com\/br\/wp-json\/wp\/v2\/tags?post=129840"},{"taxonomy":"42wp_author","embeddable":true,"href":"https:\/\/grandepremio.com\/br\/wp-json\/wp\/v2\/42wp_author?post=129840"}],"curies":[{"name":"wp","href":"https:\/\/api.w.org\/{rel}","templated":true}]}}