{"id":129844,"date":"2020-06-16T10:50:00","date_gmt":"2020-06-16T13:50:00","guid":{"rendered":"https:\/\/grandepremio.com\/br\/noticias\/cadeira-cativa-tem-lito-cavalcanti-e-sergio-quintanilha-em-debate-sobre-barrichello-e-massa\/"},"modified":"2020-06-16T10:51:02","modified_gmt":"2020-06-16T13:51:02","slug":"cadeira-cativa-tem-lito-cavalcanti-e-sergio-quintanilha-em-debate-sobre-barrichello-e-massa","status":"publish","type":"post","link":"https:\/\/grandepremio.com\/br\/grande-premio\/cadeira-cativa-tem-lito-cavalcanti-e-sergio-quintanilha-em-debate-sobre-barrichello-e-massa\/","title":{"rendered":"Cadeira Cativa tem Lito Cavalcanti e Sergio Quintanilha em debate sobre Barrichello e Massa"},"content":{"rendered":"\n<p class=\"wp-block-paragraph\">O Cadeira Cativa chega a edi\u00e7\u00e3o n\u00famero #11 nesta ter\u00e7a-feira (16). O programa, apresentado por Flavio Gomes, receber\u00e1 os jornalistas Lito Cavalcanti e Sergio Quintanilha para discutir as carreiras de Rubens Barrichello e Felipe Massa. <a href=\"https:\/\/www.youtube.com\/user\/sitegp\">A atra\u00e7\u00e3o vai ao ar, ao vivo, a partir das 20h (de Bras\u00edlia, GMT -3), no canal do <strong>GRANDE PR\u00caMIO<\/strong> no YouTube.<\/a><\/p>\n\n\n\n<p class=\"wp-block-paragraph\">Lito Cavalcanti \u00e9 um renomado jornalista especializado em automobilismo. Ele ficou de 1994 a 2018 no Grupo Globo, especialmente como comentarista de provas de F1, Indy e Stock Car no SporTV. Lito tamb\u00e9m \u00e9 correspondente da consagrada revista &#8216;Autosport&#8217; no Brasil.<\/p>\n\n\n\n<figure class=\"wp-block-image\"><img decoding=\"async\" src=\"https:\/\/jmonline.com.br\/userfiles\/image\/2019\/04\/10\/SR-felipemassa-interna.jpg\" alt=\"\"\/><figcaption>Rubens Barrichello e Felipe Massa somam 22 vit\u00f3rias na F1 (Foto: Reprodu\u00e7\u00e3o)<\/figcaption><\/figure>\n\n\n\n<p class=\"wp-block-paragraph\">Sergio Quintanilha tamb\u00e9m tem longa hist\u00f3ria no jornalismo. Colunista do portal Terra, foi editor das revistas &#8216;Quatro Rodas&#8217; e &#8216;Grid&#8217;, al\u00e9m de ser professor em faculdades como C\u00e1sper Libero e Anhembi Morumbi.<\/p>\n\n\n\n<p class=\"wp-block-paragraph\">O Cadeira Cativa, que re\u00fane jornalistas e especialistas do esporte a motor, tem produ\u00e7\u00e3o de Evelyn Guimar\u00e3es, Gabriel Carvalho e Pedro Luis Cuenca. <a href=\"https:\/\/www.youtube.com\/playlist?list=PLULYLQYUzB5quTd-TVZPMhYwfGBYPTVy7\">Confira aqui os programas anteriores.<\/a><\/p>\n\n\n\n<figure class=\"wp-block-embed-youtube wp-block-embed is-type-video is-provider-youtube wp-embed-aspect-4-3 wp-has-aspect-ratio\"><div class=\"wp-block-embed__wrapper\">\n<iframe loading=\"lazy\" title=\"BARRICHELLO x MASSA: Quem foi melhor? | Cadeira Cativa #11\" width=\"500\" height=\"281\" src=\"https:\/\/www.youtube.com\/embed\/NQ9fWlREJp4?feature=oembed\" frameborder=\"0\" allow=\"accelerometer; autoplay; clipboard-write; encrypted-media; gyroscope; picture-in-picture; web-share\" referrerpolicy=\"strict-origin-when-cross-origin\" allowfullscreen><\/iframe>\n<\/div><\/figure>\n","protected":false},"excerpt":{"rendered":"<p>Atra\u00e7\u00e3o promover\u00e1 discuss\u00e3o sobre os dois \u00faltimos brasileiros vencedores de corrida na F\u00f3rmula 1. Flavio Gomes comanda o programa, que vai ao ar \u00e0s 20h (de Bras\u00edlia. GMT -3)<\/p>\n","protected":false},"author":0,"featured_media":1000388842,"comment_status":"closed","ping_status":"closed","sticky":false,"template":"","format":"standard","meta":{"42wp_featured_image_caption":"","42wp_featured_image_credits":"","42wp_featured_video":"","42wp_featured_image_hidden":false,"42wp_authors_list":[],"footnotes":""},"categories":[4],"tags":[24900,147,504,122,24837,24836,175],"42wp_author":[47109],"class_list":["post-129844","post","type-post","status-publish","format-standard","has-post-thumbnail","hentry","category-grande-premio","tag-cadeira-cativa","tag-f1","tag-felipe-massa","tag-flavio-gomes","tag-formula-1-2","tag-grande-premio-2","tag-rubens-barrichello","42wp_author-redacao-gp"],"_links":{"self":[{"href":"https:\/\/grandepremio.com\/br\/wp-json\/wp\/v2\/posts\/129844","targetHints":{"allow":["GET"]}}],"collection":[{"href":"https:\/\/grandepremio.com\/br\/wp-json\/wp\/v2\/posts"}],"about":[{"href":"https:\/\/grandepremio.com\/br\/wp-json\/wp\/v2\/types\/post"}],"replies":[{"embeddable":true,"href":"https:\/\/grandepremio.com\/br\/wp-json\/wp\/v2\/comments?post=129844"}],"version-history":[{"count":0,"href":"https:\/\/grandepremio.com\/br\/wp-json\/wp\/v2\/posts\/129844\/revisions"}],"wp:featuredmedia":[{"embeddable":true,"href":"https:\/\/grandepremio.com\/br\/wp-json\/wp\/v2\/media\/1000388842"}],"wp:attachment":[{"href":"https:\/\/grandepremio.com\/br\/wp-json\/wp\/v2\/media?parent=129844"}],"wp:term":[{"taxonomy":"category","embeddable":true,"href":"https:\/\/grandepremio.com\/br\/wp-json\/wp\/v2\/categories?post=129844"},{"taxonomy":"post_tag","embeddable":true,"href":"https:\/\/grandepremio.com\/br\/wp-json\/wp\/v2\/tags?post=129844"},{"taxonomy":"42wp_author","embeddable":true,"href":"https:\/\/grandepremio.com\/br\/wp-json\/wp\/v2\/42wp_author?post=129844"}],"curies":[{"name":"wp","href":"https:\/\/api.w.org\/{rel}","templated":true}]}}