{"id":129876,"date":"2020-06-14T14:10:00","date_gmt":"2020-06-14T17:10:00","guid":{"rendered":"https:\/\/grandepremio.com\/br\/noticias\/bottas-vira-peca-chave-para-resolver-encruzilhada-renault-mercedes\/"},"modified":"2020-06-14T14:14:27","modified_gmt":"2020-06-14T17:14:27","slug":"bottas-vira-peca-chave-para-resolver-encruzilhada-renault-mercedes","status":"publish","type":"post","link":"https:\/\/grandepremio.com\/br\/f1\/bottas-vira-peca-chave-para-resolver-encruzilhada-renault-mercedes\/","title":{"rendered":"Bottas vira pe\u00e7a chave para resolver encruzilhada Renault-Mercedes"},"content":{"rendered":"\n<p class=\"wp-block-paragraph\">O mercado da F\u00f3rmula 1 ficou bastante movimentado mesmo antes do in\u00edcio da temporada 2020. Sem a renova\u00e7\u00e3o de Sebastian Vettel na Ferrari, diversas pe\u00e7as se moveram, com Carlos Sainz indo para o time italiano, Daniel Ricciardo assumindo a vaga na McLaren e um assento ficando vago na Renault. Durante o <strong>PADDOCK GP #200<\/strong>, os jornalistas avaliaram o atual momento que a categoria enfrenta e disseram crer que Valtteri Bottas pode ser a chave para tudo entrar no lugar.<br><br><strong>Assista ao trecho completo abaixo: <\/strong><\/p>\n\n\n\n<figure class=\"wp-block-embed-youtube wp-block-embed is-type-video is-provider-youtube wp-embed-aspect-16-9 wp-has-aspect-ratio\"><div class=\"wp-block-embed__wrapper\">\n<iframe loading=\"lazy\" title=\"A F1 a menos de UM M\u00caS para recome\u00e7ar e o GP do Texas da Indy | PADDOCK GP #200\" width=\"500\" height=\"281\" src=\"https:\/\/www.youtube.com\/embed\/v75G1O70Da0?start=6671&amp;feature=oembed\" frameborder=\"0\" allow=\"accelerometer; autoplay; clipboard-write; encrypted-media; gyroscope; picture-in-picture; web-share\" referrerpolicy=\"strict-origin-when-cross-origin\" allowfullscreen><\/iframe>\n<\/div><\/figure>\n","protected":false},"excerpt":{"rendered":"<p>O mercado da F\u00f3rmula 1 pegou fogo durante os meses sem corrida. Agora com uma vaga na Renault deixada por Daniel Ricciardo, resta saber quem vai ser companheiro de Esteban Ocon em 2021. No Paddock GP, os jornalistas apontaram Valtteri Bottas como pe\u00e7a importante do quebra-cabe\u00e7a<\/p>\n","protected":false},"author":0,"featured_media":0,"comment_status":"closed","ping_status":"closed","sticky":false,"template":"","format":"standard","meta":{"42wp_featured_image_caption":"","42wp_featured_image_credits":"","42wp_featured_video":"","42wp_featured_image_hidden":false,"42wp_authors_list":[],"footnotes":""},"categories":[2],"tags":[147,118,24837,24860,800,24836,82,1537,229,210,343,612],"42wp_author":[47109],"class_list":["post-129876","post","type-post","status-publish","format-standard","hentry","category-f1","tag-f1","tag-f1-2020","tag-formula-1-2","tag-formula-1-2020-2","tag-george-russell","tag-grande-premio-2","tag-mercedes","tag-paddock-gp","tag-renault","tag-sebastian-vettel","tag-temporada-2020-f1","tag-valtteri-bottas","42wp_author-redacao-gp"],"_links":{"self":[{"href":"https:\/\/grandepremio.com\/br\/wp-json\/wp\/v2\/posts\/129876","targetHints":{"allow":["GET"]}}],"collection":[{"href":"https:\/\/grandepremio.com\/br\/wp-json\/wp\/v2\/posts"}],"about":[{"href":"https:\/\/grandepremio.com\/br\/wp-json\/wp\/v2\/types\/post"}],"replies":[{"embeddable":true,"href":"https:\/\/grandepremio.com\/br\/wp-json\/wp\/v2\/comments?post=129876"}],"version-history":[{"count":0,"href":"https:\/\/grandepremio.com\/br\/wp-json\/wp\/v2\/posts\/129876\/revisions"}],"wp:attachment":[{"href":"https:\/\/grandepremio.com\/br\/wp-json\/wp\/v2\/media?parent=129876"}],"wp:term":[{"taxonomy":"category","embeddable":true,"href":"https:\/\/grandepremio.com\/br\/wp-json\/wp\/v2\/categories?post=129876"},{"taxonomy":"post_tag","embeddable":true,"href":"https:\/\/grandepremio.com\/br\/wp-json\/wp\/v2\/tags?post=129876"},{"taxonomy":"42wp_author","embeddable":true,"href":"https:\/\/grandepremio.com\/br\/wp-json\/wp\/v2\/42wp_author?post=129876"}],"curies":[{"name":"wp","href":"https:\/\/api.w.org\/{rel}","templated":true}]}}