{"id":129891,"date":"2020-06-13T10:46:20","date_gmt":"2020-06-13T13:46:20","guid":{"rendered":"https:\/\/grandepremio.com\/br\/noticias\/webber-ve-ex-colega-vettel-desmotivado-e-sem-gas-e-aposta-vai-tirar-um-ano-sabatico\/"},"modified":"2020-06-13T13:13:14","modified_gmt":"2020-06-13T16:13:14","slug":"webber-ve-ex-colega-vettel-desmotivado-e-sem-gas-e-aposta-vai-tirar-um-ano-sabatico","status":"publish","type":"post","link":"https:\/\/grandepremio.com\/br\/f1\/webber-ve-ex-colega-vettel-desmotivado-e-sem-gas-e-aposta-vai-tirar-um-ano-sabatico\/","title":{"rendered":"Webber v\u00ea ex-colega Vettel desmotivado e aposta: &#8220;Vai tirar um ano sab\u00e1tico&#8221;"},"content":{"rendered":"\n<figure class=\"wp-block-embed-youtube wp-block-embed is-type-video is-provider-youtube wp-embed-aspect-16-9 wp-has-aspect-ratio\"><div class=\"wp-block-embed__wrapper\">\n<iframe loading=\"lazy\" title=\"As 5 EQUIPES que DEVERIAM ESTAR na F1 | GP \u00e0s 10\" width=\"500\" height=\"281\" src=\"https:\/\/www.youtube.com\/embed\/n2bcj7Q_ilY?feature=oembed\" frameborder=\"0\" allow=\"accelerometer; autoplay; clipboard-write; encrypted-media; gyroscope; picture-in-picture; web-share\" referrerpolicy=\"strict-origin-when-cross-origin\" allowfullscreen><\/iframe>\n<\/div><\/figure>\n\n\n\n<p class=\"wp-block-paragraph\">Mark Webber foi companheiro de equipe de Sebastian Vettel por cinco temporadas na Red Bull, entre 2009 e 2013. Para o australiano, o tetracampe\u00e3o mundial vai tirar um ano sab\u00e1tico da <a href=\"https:\/\/www.grandepremio.com\/br\/f1\"><strong><span class=\"has-inline-color has-vivid-red-color\">F\u00f3rmula 1<\/span><\/strong><\/a> ap\u00f3s o t\u00e9rmino de seu contrato com a Ferrari, no fim da temporada 2020.<\/p>\n\n\n\n<p class=\"wp-block-paragraph\">O futuro de Vettel continua incerto. Por <a href=\"https:\/\/grandepremio.com\/br\/f1\/noticias\/sem-acordo-para-renovacao-vettel-encerra-conversas-e-deixa-ferrari-no-fim-de-2020\"><strong><span class=\"has-inline-color has-vivid-red-color\">n\u00e3o renovar seu contrato com a Ferrari para 2021<\/span><\/strong><\/a>, o piloto ficou livre no mercado. Enquanto isso, <a href=\"https:\/\/www.grandepremio.com\/br\/f1\/noticias\/ferrari-age-rapido-e-anuncia-sainz-como-substituto-de-vettel-em-2021\"><strong><span class=\"has-inline-color has-vivid-red-color\">a equipe italiana contratou Carlos Sainz<\/span><\/strong><\/a> para a vaga do alem\u00e3o e a <a href=\"https:\/\/www.grandepremio.com\/br\/f1\/noticias\/mclaren-anuncia-ricciardo-mantem-norris-e-fecha-portas-para-vettel\/\"><strong><span class=\"has-inline-color has-vivid-red-color\">McLaren colocou Daniel Ricciardo ao lado de Lando Norris<\/span><\/strong><\/a>. Sobra, ent\u00e3o, a vaga na Renault como melhor op\u00e7\u00e3o.<\/p>\n\n\n\n<p class=\"wp-block-paragraph\">&#8220;Eu acho que ele vai tirar um ano sab\u00e1tico. No fim dos seus 30 anos, aquele d\u00e9cimo fica dif\u00edcil de alcan\u00e7ar&#8221;, afirmou Webber.<\/p>\n\n\n\n<figure class=\"wp-block-image size-large\"><img decoding=\"async\" src=\"https:\/\/www.grandepremio.com\/br\/wp-content\/uploads\/2019\/10\/201910251827500_beto0150_DMa.jpg\" alt=\"\" class=\"wp-image-376012\"\/><figcaption>Sebastian Vettel est\u00e1 na Ferrari desde 2015 (Foto: Reprodu\u00e7\u00e3o)<\/figcaption><\/figure>\n\n\n\n<p class=\"wp-block-paragraph\">Por ter andado um bom per\u00edodo ao lado do alem\u00e3o, Webber conhece seu estilo de trabalho e acredita que a Ferrari vai sentir falta do profissionalismo e do esfor\u00e7o do tetracampe\u00e3o.<\/p>\n\n\n\n<p class=\"wp-block-paragraph\">&#8220;Sebastian esteve ali construindo, fazendo as coisas andarem. Ele teve muitos desafios na Ferrari, sem d\u00favida. Acho que v\u00e3o sentir falta dele e de sua experi\u00eancia. Leclerc \u00e9 um dos melhores, mas eles v\u00e3o sentir falta do conhecimento de Vettel&#8221;, afirmou.<\/p>\n\n\n\n<p class=\"wp-block-paragraph\">Para Webber, h\u00e1 uma clara desmotiva\u00e7\u00e3o de Vettel para seguir na Ferrari e, por isso, n\u00e3o houve a renova\u00e7\u00e3o do contrato.<\/p>\n\n\n\n<p class=\"wp-block-paragraph\">&#8220;Ele n\u00e3o est\u00e1 levantando da cama motivado para dirigir aquele carro vermelho, isso \u00e9 um problema. Conhecendo como o Sebastian trabalha, que \u00e9 dando 110%, ele coloca muito tempo e esfor\u00e7o, mas espera o mesmo dos outros. Fez o que p\u00f4de e esgotou as possibilidades, mas est\u00e1 sem g\u00e1s&#8221;, finalizou o australiano.<\/p>\n\n\n\n<figure class=\"wp-block-embed-spotify wp-block-embed is-type-rich is-provider-spotify wp-embed-aspect-21-9 wp-has-aspect-ratio\"><div class=\"wp-block-embed__wrapper\">\nhttps:\/\/open.spotify.com\/episode\/77tLwulwh5RQPCICbdHSPk?t=0\n<\/div><figcaption><strong>Paddockast #65 | As ideias esdr\u00faxulas de retorno\/As boas ideias de Lewis Hamilton<\/strong><br>Ou\u00e7a tamb\u00e9m:&nbsp;<a href=\"http:\/\/podcasts.apple.com\/br\/podcast\/paddockast\/id1371540198\">PODCASTS APPLE<\/a>&nbsp;|&nbsp;<a href=\"https:\/\/www.subscribeonandroid.com\/www.central3.com.br\/category\/podcasts\/paddockast\/feed\/podcast\/\">ANDROID<\/a>&nbsp;|&nbsp;<a href=\"https:\/\/player.fm\/series\/paddockast\">PLAYERFM<\/a><\/figcaption><\/figure>\n","protected":false},"excerpt":{"rendered":"<p>Mark Webber analisou a sa\u00edda de Sebastian Vettel da Ferrari e fez suas apostas sobre o futuro do tetracampe\u00e3o<\/p>\n","protected":false},"author":0,"featured_media":0,"comment_status":"closed","ping_status":"closed","sticky":false,"template":"","format":"standard","meta":{"42wp_featured_image_caption":"","42wp_featured_image_credits":"","42wp_featured_video":"","42wp_featured_image_hidden":false,"42wp_authors_list":[],"footnotes":""},"categories":[2],"tags":[147,118,207,180,2913,210],"42wp_author":[47109],"class_list":["post-129891","post","type-post","status-publish","format-standard","hentry","category-f1","tag-f1","tag-f1-2020","tag-ferrari","tag-formula-1","tag-mark-webber","tag-sebastian-vettel","42wp_author-redacao-gp"],"_links":{"self":[{"href":"https:\/\/grandepremio.com\/br\/wp-json\/wp\/v2\/posts\/129891","targetHints":{"allow":["GET"]}}],"collection":[{"href":"https:\/\/grandepremio.com\/br\/wp-json\/wp\/v2\/posts"}],"about":[{"href":"https:\/\/grandepremio.com\/br\/wp-json\/wp\/v2\/types\/post"}],"replies":[{"embeddable":true,"href":"https:\/\/grandepremio.com\/br\/wp-json\/wp\/v2\/comments?post=129891"}],"version-history":[{"count":0,"href":"https:\/\/grandepremio.com\/br\/wp-json\/wp\/v2\/posts\/129891\/revisions"}],"wp:attachment":[{"href":"https:\/\/grandepremio.com\/br\/wp-json\/wp\/v2\/media?parent=129891"}],"wp:term":[{"taxonomy":"category","embeddable":true,"href":"https:\/\/grandepremio.com\/br\/wp-json\/wp\/v2\/categories?post=129891"},{"taxonomy":"post_tag","embeddable":true,"href":"https:\/\/grandepremio.com\/br\/wp-json\/wp\/v2\/tags?post=129891"},{"taxonomy":"42wp_author","embeddable":true,"href":"https:\/\/grandepremio.com\/br\/wp-json\/wp\/v2\/42wp_author?post=129891"}],"curies":[{"name":"wp","href":"https:\/\/api.w.org\/{rel}","templated":true}]}}