{"id":129898,"date":"2020-06-12T15:03:34","date_gmt":"2020-06-12T18:03:34","guid":{"rendered":"https:\/\/grandepremio.com\/br\/noticias\/formula-e-admite-usar-pandemia-para-convencer-equipes-a-diminuir-gastos\/"},"modified":"2020-06-12T15:03:41","modified_gmt":"2020-06-12T18:03:41","slug":"formula-e-admite-usar-pandemia-para-convencer-equipes-a-diminuir-gastos","status":"publish","type":"post","link":"https:\/\/grandepremio.com\/br\/formula-e\/formula-e-admite-usar-pandemia-para-convencer-equipes-a-diminuir-gastos\/","title":{"rendered":"F\u00f3rmula E admite &#8220;usar&#8221; pandemia para convencer equipes a diminuir gastos"},"content":{"rendered":"\n<figure class=\"wp-block-embed-youtube wp-block-embed is-type-video is-provider-youtube wp-embed-aspect-16-9 wp-has-aspect-ratio\"><div class=\"wp-block-embed__wrapper\">\n<iframe loading=\"lazy\" title=\"O DESASTRE DE LE MANS: os 65 anos do acidente que mudou a hist\u00f3ria\" width=\"500\" height=\"281\" src=\"https:\/\/www.youtube.com\/embed\/7hTyg55AJB0?feature=oembed\" frameborder=\"0\" allow=\"accelerometer; autoplay; clipboard-write; encrypted-media; gyroscope; picture-in-picture; web-share\" referrerpolicy=\"strict-origin-when-cross-origin\" allowfullscreen><\/iframe>\n<\/div><\/figure>\n\n\n\n<p class=\"wp-block-paragraph\">Uma das primeiras categorias do esporte a motor internacional a agir e anunciar <a href=\"https:\/\/www.grandepremio.com\/br\/formula-e\/noticias\/formula-e-adia-novo-carro-e-altera-regulamento-para-cortar-custos-das-equipes\/\"><strong>medidas concretas de corte de custos<\/strong><\/a> ap\u00f3s o come\u00e7o da pandemia do novo coronav\u00edrus foi a <a href=\"https:\/\/www.grandepremio.com\/br\/formula-e\/\"><strong>F\u00f3rmula E<\/strong><\/a>. De acordo com o presidente <a href=\"https:\/\/www.grandepremio.com\/br\/?s=alejandro+agag\">Alejandro Agag<\/a>, a crise econ\u00f4mica decorrente do desastre sanit\u00e1rio foi, sim, uma oportunidade para a F\u00f3rmula E for\u00e7ar sua vis\u00e3o do que o campeonato deve ser.<\/p>\n\n\n\n<p class=\"wp-block-paragraph\">A categoria admite que n\u00e3o sabe se o Gen2 Evo, atualiza\u00e7\u00e3o da gera\u00e7\u00e3o atual de carros e que deveria estrear no fim do ano, <a href=\"https:\/\/www.grandepremio.com\/br\/formula-e\/noticias\/apos-adiamento-formula-e-admite-chance-de-gen2-evo-nunca-ver-a-luz-do-dia\/\"><strong>ser\u00e1 produzido em algum momento<\/strong><\/a> &#8211; mesmo que seja, n\u00e3o ser\u00e1 em 2020. A conten\u00e7\u00e3o de gastos, que se mostrava assunto complexo para a F\u00f3rmula E, passou a encontrar concord\u00e2ncia entre as equipes.<\/p>\n\n\n\n<p class=\"wp-block-paragraph\">&#8220;Na F\u00f3rmula E, estamos tentando fazer as equipes entenderem que deveriam gastar menos. Agora, entendem. Ent\u00e3o, estamos cortando custos e colocando as coisas onde gostar\u00edamos que estivessem. Agora, \u00e0s vezes, conseguimos colocar as coisas onde queremos usando essa situa\u00e7\u00e3o&#8221;, admitiu em participa\u00e7\u00e3o no podcast \u2018Extraordinary Tales in Extraordinary Times\u2019.<\/p>\n\n\n\n<p class=\"wp-block-paragraph\">&#8220;Claro que \u00e9 terr\u00edvel, mas nem tudo tem que ser ruim. \u00c9 poss\u00edvel tirar boas li\u00e7\u00f5es de tudo isso. Parece clich\u00ea e tudo mais, mas eu realmente acredito nisso e \u00e9 o que estamos fazendo&#8221;, seguiu.<\/p>\n\n\n\n<p class=\"wp-block-paragraph\">Al\u00e9m da FE, Agag \u00e9 algu\u00e9m que milita na luta contra o aquecimento global. Com uma nova categoria, a Extreme E, <a href=\"https:\/\/www.grandepremio.com\/br\/formula-e\/noticias\/extreme-e-divulga-formato-de-etapas-com-classificacao-semifinal-e-final\/\"><strong>marcada para estreia em 2021<\/strong><\/a>, alerta que a situa\u00e7\u00e3o ser\u00e1 bastante diferente ap\u00f3s a passagem da pandemia. O que n\u00e3o quer dizer, por\u00e9m, que deva haver pessimismo.<\/p>\n\n\n\n<p class=\"wp-block-paragraph\">&#8220;Temos que seguir otimistas. Ser\u00e1 dif\u00edcil, algumas ind\u00fastrias se transformar\u00e3o completamente, as pessoas precisam se abrir para grandes mudan\u00e7as. Temos de usar essa oportunidade para reduzir os gastos&#8221;, confirmou.<\/p>\n\n\n\n<figure class=\"wp-block-embed-youtube wp-block-embed is-type-video is-provider-youtube wp-embed-aspect-16-9 wp-has-aspect-ratio\"><div class=\"wp-block-embed__wrapper\">\n<iframe loading=\"lazy\" title=\"F1 longe do MAINSTREAM: a cobertura fora do EIXO RIO-SP | Cadeira Cativa #10\" width=\"500\" height=\"281\" src=\"https:\/\/www.youtube.com\/embed\/XCqMC0dWdHU?feature=oembed\" frameborder=\"0\" allow=\"accelerometer; autoplay; clipboard-write; encrypted-media; gyroscope; picture-in-picture; web-share\" referrerpolicy=\"strict-origin-when-cross-origin\" allowfullscreen><\/iframe>\n<\/div><\/figure>\n\n\n\n<p class=\"wp-block-paragraph\">Ainda falando sobre as mudan\u00e7as clim\u00e1ticas, Agag afirmou que o aquecimento global, diferente do coronav\u00edrus, \u00e9 uma situa\u00e7\u00e3o bastante discutida e esperada e, portanto, \u00e9 um dever estar bem preparado. A pandemia, segundo ele, \u00e9 uma demonstra\u00e7\u00e3o e um exemplo.<\/p>\n\n\n\n<p class=\"wp-block-paragraph\">&#8220;A grande li\u00e7\u00e3o \u00e9 que h\u00e1 algo chegando, n\u00f3s estamos que est\u00e1 chegando, que \u00e9 o aquecimento global. Ent\u00e3o vamos aprender a li\u00e7\u00e3o e nos preparar, porque a Covid-19 \u00e9 uma crian\u00e7a comparada aos efeitos que o aquecimento global pode causar na sociedade. A Covid passar\u00e1, as mudan\u00e7as clim\u00e1ticas, n\u00e3o. Quando chegar, ser\u00e1 irrevers\u00edvel. Precisamos evitar o aumento das temperaturas em mais de 2\u00b0C at\u00e9 o fim do s\u00e9culo, ou ent\u00e3o ser\u00e1 tarde&#8221;, disse.<\/p>\n\n\n\n<p class=\"wp-block-paragraph\">&#8220;Estamos vendo agora os efeitos do despreparo, o efeito de n\u00e3o fazer o dever de casa para um evento inesperado, mas h\u00e1 um que \u00e9 esperado, ent\u00e3o vamos fazer o dever de casa&#8221;, falou.<\/p>\n\n\n\n<p class=\"wp-block-paragraph\">&#8220;Para mim, h\u00e1 uma li\u00e7\u00e3o ao mesmo tempo simples e muito importante. \u00c9 \u00f3bvio, mas n\u00e3o estamos prontos. N\u00f3s n\u00e3o estamos preparados. Se olharmos um pouco para tr\u00e1s, veremos que muita gente alertou sobre [a possibilidade de] uma pandemia&#8221;, lembrou.<\/p>\n\n\n\n<p class=\"wp-block-paragraph\">&#8220;Uma pandemia era um risco que existia, mas n\u00e3o est\u00e1vamos prontos. Se estiv\u00e9ssemos preparados, haveria muito menos morte e caos econ\u00f4mico e muito menos dano. Estar\u00edamos nos saindo muito melhor&#8221;, comentou.<\/p>\n\n\n\n<p class=\"wp-block-paragraph\">A FE <a href=\"https:\/\/www.grandepremio.com\/br\/formula-e\/noticias\/formula-e-planeja-retorno-com-rodada-sextupla-e-corridas-em-dias-de-semana\/\"><strong>estuda retomar a temporada em agosto<\/strong><\/a>, na Alemanha.<\/p>\n\n\n\n<figure class=\"wp-block-embed-spotify wp-block-embed is-type-rich is-provider-spotify wp-embed-aspect-21-9 wp-has-aspect-ratio\"><div class=\"wp-block-embed__wrapper\">\n<iframe title=\"Spotify Embed: As ideias esdr\u00faxulas de retorno\/As boas ideias de Lewis Hamilton | Paddockast #65\" style=\"border-radius: 12px\" width=\"100%\" height=\"152\" frameborder=\"0\" allowfullscreen allow=\"autoplay; clipboard-write; encrypted-media; fullscreen; picture-in-picture\" loading=\"lazy\" src=\"https:\/\/open.spotify.com\/embed\/episode\/77tLwulwh5RQPCICbdHSPk?utm_source=oembed\"><\/iframe>\n<\/div><\/figure>\n","protected":false},"excerpt":{"rendered":"<p>Alejandro Agag, presidente da F\u00f3rmula E, deixou claro que a categoria aproveitou a crise causada pelo novo coronav\u00edrus e imp\u00f4s sua vis\u00e3o de controle de custos<\/p>\n","protected":false},"author":0,"featured_media":0,"comment_status":"closed","ping_status":"closed","sticky":false,"template":"","format":"standard","meta":{"42wp_featured_image_caption":"","42wp_featured_image_credits":"","42wp_featured_video":"","42wp_featured_image_hidden":false,"42wp_authors_list":[],"footnotes":""},"categories":[19],"tags":[195,196,25048],"42wp_author":[47109],"class_list":["post-129898","post","type-post","status-publish","format-standard","hentry","category-formula-e","tag-fe-2020","tag-horarios-da-fe","tag-horarios-da-formula-e-2","42wp_author-redacao-gp"],"_links":{"self":[{"href":"https:\/\/grandepremio.com\/br\/wp-json\/wp\/v2\/posts\/129898","targetHints":{"allow":["GET"]}}],"collection":[{"href":"https:\/\/grandepremio.com\/br\/wp-json\/wp\/v2\/posts"}],"about":[{"href":"https:\/\/grandepremio.com\/br\/wp-json\/wp\/v2\/types\/post"}],"replies":[{"embeddable":true,"href":"https:\/\/grandepremio.com\/br\/wp-json\/wp\/v2\/comments?post=129898"}],"version-history":[{"count":0,"href":"https:\/\/grandepremio.com\/br\/wp-json\/wp\/v2\/posts\/129898\/revisions"}],"wp:attachment":[{"href":"https:\/\/grandepremio.com\/br\/wp-json\/wp\/v2\/media?parent=129898"}],"wp:term":[{"taxonomy":"category","embeddable":true,"href":"https:\/\/grandepremio.com\/br\/wp-json\/wp\/v2\/categories?post=129898"},{"taxonomy":"post_tag","embeddable":true,"href":"https:\/\/grandepremio.com\/br\/wp-json\/wp\/v2\/tags?post=129898"},{"taxonomy":"42wp_author","embeddable":true,"href":"https:\/\/grandepremio.com\/br\/wp-json\/wp\/v2\/42wp_author?post=129898"}],"curies":[{"name":"wp","href":"https:\/\/api.w.org\/{rel}","templated":true}]}}