{"id":129926,"date":"2020-06-11T09:41:19","date_gmt":"2020-06-11T12:41:19","guid":{"rendered":"https:\/\/grandepremio.com\/br\/noticias\/com-sete-etapas-em-apenas-tres-circuitos-motoe-divulga-calendario-de-2020\/"},"modified":"2020-06-11T10:51:06","modified_gmt":"2020-06-11T13:51:06","slug":"com-sete-etapas-em-apenas-tres-circuitos-motoe-divulga-calendario-de-2020","status":"publish","type":"post","link":"https:\/\/grandepremio.com\/br\/motociclismo\/com-sete-etapas-em-apenas-tres-circuitos-motoe-divulga-calendario-de-2020\/","title":{"rendered":"Com sete corridas em apenas tr\u00eas circuitos, MotoE divulga calend\u00e1rio de 2020"},"content":{"rendered":"\n<p class=\"wp-block-paragraph\">A Copa do Mundo de MotoE tamb\u00e9m j\u00e1 tem um calend\u00e1rio para a temporada 2020. Igualmente afetada pela pandemia do novo coronav\u00edrus, a s\u00e9rie das motos el\u00e9tricas vai contar com sete corridas, que ser\u00e3o disputadas apenas em tr\u00eas circuitos.<\/p>\n\n\n\n<p class=\"wp-block-paragraph\">Uma das s\u00e9ries de apoio da <strong><a href=\"https:\/\/www.grandepremio.com\/br\/motogp\">MotoGP<\/a><\/strong>, <strong><a href=\"https:\/\/www.grandepremio.com\/br\/motogp\/noticias\/com-13-provas-cinco-paises-motogp-divulga-calendario-2020\/\">que divulgou um novo calend\u00e1rio nesta quita-feira (11)<\/a><\/strong>, a MotoE abre a temporada em Jerez em 19 de julho, voltando ao tra\u00e7ado na semana seguinte para a etapa andaluz. Depois, a Copa volta \u00e0 a\u00e7\u00e3o apenas em setembro, correndo em Misano nos dias 13, 19 e 20.<\/p>\n\n\n\n<figure class=\"wp-block-image size-large\"><img decoding=\"async\" src=\"https:\/\/www.grandepremio.com\/br\/wp-content\/uploads\/2020\/02\/201911151545488_ClickE1_DMa-1.jpg\" alt=\"\" class=\"wp-image-352578\"\/><figcaption>Eric Granado fechou a temporada 2019 com o terceiro lugar na Copa do Mundo de MotoE (Foto: Divulga\u00e7\u00e3o\/MotoGP)<\/figcaption><\/figure>\n\n\n\n<figure class=\"wp-block-embed-spotify wp-block-embed is-type-rich is-provider-spotify wp-embed-aspect-21-9 wp-has-aspect-ratio\"><div class=\"wp-block-embed__wrapper\">\n<iframe title=\"Spotify Embed: Os pilotos mais subestimados da hist\u00f3ria da F1 | Paddockast #64\" style=\"border-radius: 12px\" width=\"100%\" height=\"152\" frameborder=\"0\" allowfullscreen allow=\"autoplay; clipboard-write; encrypted-media; fullscreen; picture-in-picture\" loading=\"lazy\" src=\"https:\/\/open.spotify.com\/embed\/episode\/0Qu3PNOvRwuPiQC4hoq4eW?utm_source=oembed\"><\/iframe>\n<\/div><figcaption><strong>Paddockast #64 | OS PILOTOS MAIS SUBESTIMADOS DA HIST\u00d3RIA<\/strong><br>Ou\u00e7a tamb\u00e9m:&nbsp;<a href=\"http:\/\/podcasts.apple.com\/br\/podcast\/paddockast\/id1371540198\">PODCASTS APPLE<\/a>&nbsp;|&nbsp;<a href=\"https:\/\/www.subscribeonandroid.com\/www.central3.com.br\/category\/podcasts\/paddockast\/feed\/podcast\/\">ANDROID<\/a>&nbsp;|&nbsp;<a href=\"https:\/\/player.fm\/series\/paddockast\">PLAYERFM<\/a><\/figcaption><\/figure>\n\n\n\n<p class=\"wp-block-paragraph\">A Fran\u00e7a, ent\u00e3o, \u00e9 a \u00faltima parada da temporada, com o tra\u00e7ado de Le Mans recebendo corridas em 10 e 11 de outubro.<\/p>\n\n\n\n<p class=\"wp-block-paragraph\">2020 marca a segunda temporada da Copa do Mundo de MotoE. Campe\u00e3o do ano passado, Matteo Ferrari volta para defender o t\u00edtulo. Eric Granado segue como \u00fanico representante do Brasil no Mundial de Motovelocidade.<\/p>\n\n\n\n<figure class=\"wp-block-table\"><table><tbody><tr><td>CALEND\u00c1RIO 2020<\/td><\/tr><tr><td>19\/jul<\/td><td>ESPANHA<\/td><td>JEREZ<\/td><\/tr><tr><td>26\/jul<\/td><td>ANDALUZIA<\/td><td>JEREZ<\/td><\/tr><tr><td>13\/set<\/td><td>SAN MARINO E RIVIERA DE RIMINI<\/td><td>MISANO<\/td><\/tr><tr><td>19\/set<\/td><td>EMILIA ROMANA E RIVIERA DE RIMINI<\/td><td>MISANO<\/td><\/tr><tr><td>20\/set<\/td><td>EMILIA ROMANA E RIVIERA DE RIMINI<\/td><td>MISANO<\/td><\/tr><tr><td>10\/out<\/td><td>FRAN\u00c7A<\/td><td>LE MANS<\/td><\/tr><tr><td>11\/out<\/td><td>FRAN\u00c7A<\/td><td>LE MANS<\/td><\/tr><\/tbody><\/table><\/figure>\n\n\n\n<figure class=\"wp-block-embed-youtube wp-block-embed is-type-video is-provider-youtube wp-embed-aspect-16-9 wp-has-aspect-ratio\"><div class=\"wp-block-embed__wrapper\">\n<iframe loading=\"lazy\" title=\"SCHUMACHER x HILL: a &amp;apos;Batalha de Adelaide&amp;apos; e o raio-x da rivalidade na F1\" width=\"500\" height=\"281\" src=\"https:\/\/www.youtube.com\/embed\/uBPrdqBejVw?feature=oembed\" frameborder=\"0\" allow=\"accelerometer; autoplay; clipboard-write; encrypted-media; gyroscope; picture-in-picture; web-share\" referrerpolicy=\"strict-origin-when-cross-origin\" allowfullscreen><\/iframe>\n<\/div><\/figure>\n\n\n","protected":false},"excerpt":{"rendered":"<p>A Copa do Mundo de MotoE vai passar apenas pelos circuitos de Jerez, Misano e Le Mans na temporada 2020<\/p>\n","protected":false},"author":0,"featured_media":0,"comment_status":"closed","ping_status":"closed","sticky":false,"template":"","format":"standard","meta":{"42wp_featured_image_caption":"","42wp_featured_image_credits":"","42wp_featured_video":"","42wp_featured_image_hidden":false,"42wp_authors_list":[],"footnotes":""},"categories":[28],"tags":[2329,79,280,78],"42wp_author":[47113],"class_list":["post-129926","post","type-post","status-publish","format-standard","hentry","category-motociclismo","tag-moto-e","tag-moto-gp","tag-motoe","tag-motogp","42wp_author-juliana-tesser"],"_links":{"self":[{"href":"https:\/\/grandepremio.com\/br\/wp-json\/wp\/v2\/posts\/129926","targetHints":{"allow":["GET"]}}],"collection":[{"href":"https:\/\/grandepremio.com\/br\/wp-json\/wp\/v2\/posts"}],"about":[{"href":"https:\/\/grandepremio.com\/br\/wp-json\/wp\/v2\/types\/post"}],"replies":[{"embeddable":true,"href":"https:\/\/grandepremio.com\/br\/wp-json\/wp\/v2\/comments?post=129926"}],"version-history":[{"count":0,"href":"https:\/\/grandepremio.com\/br\/wp-json\/wp\/v2\/posts\/129926\/revisions"}],"wp:attachment":[{"href":"https:\/\/grandepremio.com\/br\/wp-json\/wp\/v2\/media?parent=129926"}],"wp:term":[{"taxonomy":"category","embeddable":true,"href":"https:\/\/grandepremio.com\/br\/wp-json\/wp\/v2\/categories?post=129926"},{"taxonomy":"post_tag","embeddable":true,"href":"https:\/\/grandepremio.com\/br\/wp-json\/wp\/v2\/tags?post=129926"},{"taxonomy":"42wp_author","embeddable":true,"href":"https:\/\/grandepremio.com\/br\/wp-json\/wp\/v2\/42wp_author?post=129926"}],"curies":[{"name":"wp","href":"https:\/\/api.w.org\/{rel}","templated":true}]}}