{"id":129935,"date":"2020-06-10T19:57:21","date_gmt":"2020-06-10T22:57:21","guid":{"rendered":"https:\/\/grandepremio.com\/br\/noticias\/formula-e-planeja-retorno-com-rodada-sextupla-e-corridas-em-dias-de-semana\/"},"modified":"2020-06-12T15:23:56","modified_gmt":"2020-06-12T18:23:56","slug":"formula-e-planeja-retorno-com-rodada-sextupla-e-corridas-em-dias-de-semana","status":"publish","type":"post","link":"https:\/\/grandepremio.com\/br\/formula-e\/formula-e-planeja-retorno-com-rodada-sextupla-e-corridas-em-dias-de-semana\/","title":{"rendered":"F\u00f3rmula E planeja retorno com rodada s\u00eaxtupla e corridas em dias de semana"},"content":{"rendered":"\n<figure class=\"wp-block-embed-youtube wp-block-embed is-type-video is-provider-youtube wp-embed-aspect-16-9 wp-has-aspect-ratio\"><div class=\"wp-block-embed__wrapper\">\n<iframe loading=\"lazy\" title=\"A F1 a menos de UM M\u00caS para recome\u00e7ar e o GP do Texas da Indy | PADDOCK GP #200\" width=\"500\" height=\"281\" src=\"https:\/\/www.youtube.com\/embed\/v75G1O70Da0?feature=oembed\" frameborder=\"0\" allow=\"accelerometer; autoplay; clipboard-write; encrypted-media; gyroscope; picture-in-picture; web-share\" referrerpolicy=\"strict-origin-when-cross-origin\" allowfullscreen><\/iframe>\n<\/div><\/figure>\n\n\n\n<p class=\"wp-block-paragraph\">A <strong><a href=\"https:\/\/www.grandepremio.com\/br\/formula-e\">F\u00f3rmula E<\/a><\/strong> planeja retornar \u00e0s pistas na primeira quinzena de agosto ap\u00f3s uma paralisa\u00e7\u00e3o que dura desde mar\u00e7o por conta da pandemia do novo coronav\u00edrus. Mas a maior not\u00edcia relacionada \u00e0 categoria dos b\u00f3lidos el\u00e9tricos \u00e9 que existe a inten\u00e7\u00e3o de realizar essas corridas em dias de semana no Aeroporto de Tempelhof, em Berlim.<\/p>\n\n\n\n<p class=\"wp-block-paragraph\">Na verdade, o plano da F\u00f3rmula E contempla realizar a incr\u00edvel quantidade de seis corridas em oito dias, espalhadas por tr\u00eas configura\u00e7\u00f5es diferentes estabelecidas na antiga pista de pouso do Tempelhof. As informa\u00e7\u00f5es s\u00e3o do site ingl\u00eas &#8216;The Race&#8217;.<\/p>\n\n\n\n<p class=\"wp-block-paragraph\">O campeonato 2019\/20 contou com cinco corridas espalhadas por quatro eventos e, para que seja poss\u00edvel chancelar a temporada na FIA, a F\u00f3rmula E precisa de ao menos mais seis corridas espalhadas por quatro eventos. Se correr em tr\u00eas configura\u00e7\u00f5es diferentes do circuito de Berlim, chegar\u00e1 ao n\u00famero necess\u00e1rio de corridas e ficar\u00e1 devendo somente um evento.<\/p>\n\n\n\n<p class=\"wp-block-paragraph\">Onde seria o evento faltante? A F\u00f3rmula E conversa atualmente dom a empresa JSM, promotora do eP de Seul, sobre encerrar a temporada na capital da Coreia do Sul.<\/p>\n\n\n\n<p class=\"wp-block-paragraph\">De volta ao Tempelhof, o desejo da F\u00f3rmula E \u00e9 realizar apenas um shakedown na ter\u00e7a-feira, 4 de agosto, antes de montar uma rodada dupla nos dias 5 e 6, portanto quarta e quinta-feira. Na sequ\u00eancia, descanso na sexta-feira para uma corrida no s\u00e1bado e outra no domingo, dias 8 e 9. Dois dias de descanso para, na quarta e quinta-feira seguintes, dias 12 e 13, as duas \u00faltimas corridas.<\/p>\n\n\n\n<p class=\"wp-block-paragraph\">Os trabalhos para transformar o Tempelhof na pista multifacetada pronta para receber corridas diversas tendem a levar um m\u00eas, com a FE recebendo a estrutura em julho com algum tempo para preparar. Normalmente, duraria menos, mas as medidas de distanciamento social tornam a situa\u00e7\u00e3o um pouco mais demorada.<\/p>\n\n\n\n<p class=\"wp-block-paragraph\">As datas n\u00e3o est\u00e3o confirmadas, mas ser\u00e3o discutidas na pr\u00f3xima sexta-feira, dia 12 de junho, durante reuni\u00e3o do Conselho Mundial de Automobilismo, da FIA. Com a F1 ocupando quase todos os fins de semana de julho e agosto &#8211; e a expectativa \u00e9 que a MotoGP fa\u00e7a algo semelhante -, al\u00e9m de outras categorias, a semana de correria da F\u00f3rmula E \u00e9 tamb\u00e9m uma medida para minimizar os muitos conflitos de data pelo caminho.<\/p>\n\n\n\n<p class=\"wp-block-paragraph\">De acordo com legisla\u00e7\u00e3o estabelecida pelo governo alem\u00e3o, o evento poder\u00e1 contar com somente 1.000 pessoas envolvidas no circuito. \u00c9 a lei para todos os eventos esportivos na Alemanha ao menos at\u00e9 o fim de agosto.<\/p>\n\n\n\n<p class=\"wp-block-paragraph\">Com rela\u00e7\u00e3o \u00e0 presen\u00e7a da imprensa, apenas a transmiss\u00e3o oficial de TV estar\u00e1 no local.<\/p>\n\n\n\n<figure class=\"wp-block-embed-spotify wp-block-embed is-type-rich is-provider-spotify wp-embed-aspect-21-9 wp-has-aspect-ratio\"><div class=\"wp-block-embed__wrapper\">\n<iframe title=\"Spotify Embed: Os pilotos mais subestimados da hist\u00f3ria da F1 | Paddockast #64\" style=\"border-radius: 12px\" width=\"100%\" height=\"152\" frameborder=\"0\" allowfullscreen allow=\"autoplay; clipboard-write; encrypted-media; fullscreen; picture-in-picture\" loading=\"lazy\" src=\"https:\/\/open.spotify.com\/embed\/episode\/0Qu3PNOvRwuPiQC4hoq4eW?t=0&amp;utm_source=oembed\"><\/iframe>\n<\/div><\/figure>\n\n\n\n<figure class=\"wp-block-embed-wordpress wp-block-embed is-type-wp-embed is-provider-grande-premio\"><div class=\"wp-block-embed__wrapper\">\nhttps:\/\/www.grandepremio.com\/br\/galeria\/as-imagens-do-teste-da-mercedes-com-hamilton-e-bottas-em-silverstone\/\n<\/div><\/figure>\n","protected":false},"excerpt":{"rendered":"<p>Com seis corridas ao longo de oito dias no Aeroporto de Tempelhof, em Berlim, F\u00f3rmula E quer retomar temporada em agosto ap\u00f3s parada de 5 meses<\/p>\n","protected":false},"author":0,"featured_media":0,"comment_status":"closed","ping_status":"closed","sticky":false,"template":"","format":"standard","meta":{"42wp_featured_image_caption":"","42wp_featured_image_credits":"","42wp_featured_video":"","42wp_featured_image_hidden":false,"42wp_authors_list":[],"footnotes":""},"categories":[19],"tags":[5050,194,25048],"42wp_author":[47109],"class_list":["post-129935","post","type-post","status-publish","format-standard","hentry","category-formula-e","tag-berlim","tag-formula-e-2020","tag-horarios-da-formula-e-2","42wp_author-redacao-gp"],"_links":{"self":[{"href":"https:\/\/grandepremio.com\/br\/wp-json\/wp\/v2\/posts\/129935","targetHints":{"allow":["GET"]}}],"collection":[{"href":"https:\/\/grandepremio.com\/br\/wp-json\/wp\/v2\/posts"}],"about":[{"href":"https:\/\/grandepremio.com\/br\/wp-json\/wp\/v2\/types\/post"}],"replies":[{"embeddable":true,"href":"https:\/\/grandepremio.com\/br\/wp-json\/wp\/v2\/comments?post=129935"}],"version-history":[{"count":0,"href":"https:\/\/grandepremio.com\/br\/wp-json\/wp\/v2\/posts\/129935\/revisions"}],"wp:attachment":[{"href":"https:\/\/grandepremio.com\/br\/wp-json\/wp\/v2\/media?parent=129935"}],"wp:term":[{"taxonomy":"category","embeddable":true,"href":"https:\/\/grandepremio.com\/br\/wp-json\/wp\/v2\/categories?post=129935"},{"taxonomy":"post_tag","embeddable":true,"href":"https:\/\/grandepremio.com\/br\/wp-json\/wp\/v2\/tags?post=129935"},{"taxonomy":"42wp_author","embeddable":true,"href":"https:\/\/grandepremio.com\/br\/wp-json\/wp\/v2\/42wp_author?post=129935"}],"curies":[{"name":"wp","href":"https:\/\/api.w.org\/{rel}","templated":true}]}}