{"id":129939,"date":"2020-06-10T15:31:47","date_gmt":"2020-06-10T18:31:47","guid":{"rendered":"https:\/\/grandepremio.com\/br\/noticias\/petecof-volta-da-quarentena-e-lidera-testes-da-f3-regional-europeia-em-mugello\/"},"modified":"2020-06-10T15:45:23","modified_gmt":"2020-06-10T18:45:23","slug":"petecof-volta-da-quarentena-e-lidera-testes-da-f3-regional-europeia-em-mugello","status":"publish","type":"post","link":"https:\/\/grandepremio.com\/br\/f3\/petecof-volta-da-quarentena-e-lidera-testes-da-f3-regional-europeia-em-mugello\/","title":{"rendered":"Petecof volta da quarentena e lidera testes da F3 Regional Europeia em Mugello"},"content":{"rendered":"\n<figure class=\"wp-block-embed-youtube wp-block-embed is-type-video is-provider-youtube wp-embed-aspect-16-9 wp-has-aspect-ratio\"><div class=\"wp-block-embed__wrapper\">\n<iframe loading=\"lazy\" title=\"F1 longe do MAINSTREAM: a cobertura fora do EIXO RIO-SP | Cadeira Cativa #10\" width=\"500\" height=\"281\" src=\"https:\/\/www.youtube.com\/embed\/XCqMC0dWdHU?feature=oembed\" frameborder=\"0\" allow=\"accelerometer; autoplay; clipboard-write; encrypted-media; gyroscope; picture-in-picture; web-share\" referrerpolicy=\"strict-origin-when-cross-origin\" allowfullscreen><\/iframe>\n<\/div><\/figure>\n\n\n\n<p class=\"wp-block-paragraph\">Aos poucos, v\u00e1rias categorias do esporte a motor v\u00e3o retomando os preparativos para finalmente abrir a temporada 2020. Assim como o DTM, que promoveu tr\u00eas dias de testes coletivos nesta semana no circuito de N\u00fcrburgring, a F3 Regional Europeia retomou os trabalhos de pr\u00e9-temporada com um intervalo de tr\u00eas meses em rela\u00e7\u00e3o \u00e0 primeira sess\u00e3o, realizada em Paul Ricard. Ap\u00f3s todo o hiato provocado pela pandemia do novo coronav\u00edrus, a categoria voltou a se reunir nesta quarta-feira (10) para uma bateria de testes em Mugello, na It\u00e1lia. E Gianluca Petecof, piloto da equipe Prema Powerteam, encerrou a quarentena em \u00f3tima forma, dominou os trabalhos e foi o mais r\u00e1pido nas sess\u00f5es da manh\u00e3 e da tarde na Toscana.<\/p>\n\n\n\n<p class=\"wp-block-paragraph\">Depois dos dois primeiros anos de atua\u00e7\u00e3o nos monopostos correndo nas F4 Alem\u00e3 e Italiana, com direito ao vice-campeonato desta \u00faltima no ano passado, Petecof subiu de categoria e vai estrear na F3 Regional Europeia. O paulista de 17 anos continua em mais um ano de parceria com a Academia Shell Racing, programa do qual faz parte desde sua cria\u00e7\u00e3o, em 2015, e tamb\u00e9m da Academia de Pilotos da Ferrari.<\/p>\n\n\n\n<figure class=\"wp-block-image size-large\"><img decoding=\"async\" src=\"https:\/\/www.grandepremio.com\/br\/wp-content\/uploads\/2020\/06\/image2-1024x768.jpg\" alt=\"Gianluca Petecof nos boxes de Mugello para testes com a Prema na F3 Regional Europeia (Foto: Ferrari Promo)\" class=\"wp-image-388228\"\/><figcaption>Gianluca Petecof nos boxes de Mugello para testes com a Prema na F3 Regional Europeia (Foto: Ferrari Promo)<\/figcaption><\/figure>\n\n\n\n<p class=\"wp-block-paragraph\">Tr\u00eas meses depois do teste em Paul Ricard, Gianluca mostrou que n\u00e3o perdeu o ritmo e se mostrou r\u00e1pido desde o come\u00e7o. Na primeira sess\u00e3o, o dono do carro #10 completou 36 voltas pela manh\u00e3. \u00c0 tarde, foram mais 43. O piloto comandou os dois per\u00edodos em Mugello, onde venceu pela primeira vez uma corrida de monopostos, no fim de 2018.<\/p>\n\n\n\n<p class=\"wp-block-paragraph\">Pela manh\u00e3, os trabalhos foram realizados com pista seca. Petecof cravou 1min42s599, tendo como seu companheiro de equipe mais pr\u00f3ximo o dinamarqu\u00eas Oliver Rasmussen. Ap\u00f3s o almo\u00e7o, Gianluca concluiu novamente os trabalhos na frente, superando, dentre outros competidores, o monegasco Arthur Leclerc, outro colega do brasileiro na Prema.<\/p>\n\n\n\n<p class=\"wp-block-paragraph\">Ao avaliar os trabalhos ao longo do dia, Petecof n\u00e3o escondeu a satisfa\u00e7\u00e3o. \u201cHavia feito s\u00f3 um treino em Paul Ricard, em mar\u00e7o, e voltamos hoje. Estava com saudade e felizmente tive um dia muito bom. N\u00e3o poderia ter sido melhor voltar a acelerar depois de tanto tempo. Foi um dia muito produtivo, com boa quilometragem e aprendizado. Usamos pneus novos e tamb\u00e9m fizemos simula\u00e7\u00e3o de corrida. Com pneu zero foi muito, muito bom, realmente: todos os trechos da pista roxos, com praticamente 1s de vantagem\u201d, descreveu.<\/p>\n\n\n\n<p class=\"wp-block-paragraph\">\u201cA simula\u00e7\u00e3o de corrida tamb\u00e9m foi excelente, sustentando mais ou menos a mesma margem no ritmo de corrida. No fim, choveu um pouco e encerramos, mas foi aquele dia perfeito, que todo piloto deseja. Hoje trabalhei com um engenheiro da F3 e fiquei bem contente, pois conta bastante ter a estrutura toda da Prema e da Academia de Pilotos da Ferrari acompanhando de perto. Amanh\u00e3 eu n\u00e3o ando, mas venho para a pista acompanhar os testes dos companheiros\u201d, complementou.<\/p>\n\n\n\n<p class=\"wp-block-paragraph\">Segundo a organiza\u00e7\u00e3o do campeonato, a F3 Regional Europeia vai come\u00e7ar nos dias 11 e 12 de julho com a etapa de Budapeste, na Hungria. Nos dias 22 e 23 de agosto, a categoria volta a Paul Ricard para a segunda etapa da temporada, enquanto o Red Bull Ring, na \u00c1ustria, vai ser o palco da terceira rodada. A F3 Regional Europeia regressa \u00e0 It\u00e1lia para etapas nos dias 5 e 6 de outubro, em Mugello, e 17 e 18 do mesmo m\u00eas, em Monza. Entre 30 de outubro e 1\u00ba de novembro, Barcelona recebe a sexta etapa do ano. E a It\u00e1lia vai ser palco da reta final do calend\u00e1rio todo condensado para o segundo semestre: 21 e 22 de novembro, em \u00cdmola, e 5 e 6 de dezembro, em Vallelunga.<\/p>\n\n\n\n<figure class=\"wp-block-embed is-type-video is-provider-dailymotion\"><div class=\"wp-block-embed__wrapper\">\n<iframe loading=\"lazy\" title=\"Quais os CANDIDATOS \u00e0 vaga de RICCIARDO na RENAULT em 2021 | GP \u00e0s 10\" frameborder=\"0\" width=\"500\" height=\"281\" src=\"https:\/\/geo.dailymotion.com\/player.html?video=x7ucvhs&#038;\" allowfullscreen allow=\"autoplay; fullscreen; picture-in-picture; web-share\"><\/iframe>\n<\/div><\/figure>\n","protected":false},"excerpt":{"rendered":"<p>A F3 Regional Europeia voltou \u00e0 pista nesta quarta-feira, tr\u00eas meses depois do primeiro teste feito para a temporada 2020, em Paul Ricard, na Fran\u00e7a. Em Mugello, na It\u00e1lia, Gianluca Petecof foi o mais r\u00e1pido de manh\u00e3 e \u00e0 tarde. O brasileiro de 17 anos, piloto da Academia Shell Racing e da Academia da Ferrari, ressaltou o grande trabalho no seco e no molhado<\/p>\n","protected":false},"author":0,"featured_media":1000388227,"comment_status":"closed","ping_status":"closed","sticky":false,"template":"","format":"standard","meta":{"42wp_featured_image_caption":"","42wp_featured_image_credits":"","42wp_featured_video":"","42wp_featured_image_hidden":false,"42wp_authors_list":[],"footnotes":""},"categories":[10],"tags":[207,925,3211,349],"42wp_author":[47109],"class_list":["post-129939","post","type-post","status-publish","format-standard","has-post-thumbnail","hentry","category-f3","tag-ferrari","tag-gianluca-petecof","tag-mugello","tag-prema","42wp_author-redacao-gp"],"_links":{"self":[{"href":"https:\/\/grandepremio.com\/br\/wp-json\/wp\/v2\/posts\/129939","targetHints":{"allow":["GET"]}}],"collection":[{"href":"https:\/\/grandepremio.com\/br\/wp-json\/wp\/v2\/posts"}],"about":[{"href":"https:\/\/grandepremio.com\/br\/wp-json\/wp\/v2\/types\/post"}],"replies":[{"embeddable":true,"href":"https:\/\/grandepremio.com\/br\/wp-json\/wp\/v2\/comments?post=129939"}],"version-history":[{"count":0,"href":"https:\/\/grandepremio.com\/br\/wp-json\/wp\/v2\/posts\/129939\/revisions"}],"wp:featuredmedia":[{"embeddable":true,"href":"https:\/\/grandepremio.com\/br\/wp-json\/wp\/v2\/media\/1000388227"}],"wp:attachment":[{"href":"https:\/\/grandepremio.com\/br\/wp-json\/wp\/v2\/media?parent=129939"}],"wp:term":[{"taxonomy":"category","embeddable":true,"href":"https:\/\/grandepremio.com\/br\/wp-json\/wp\/v2\/categories?post=129939"},{"taxonomy":"post_tag","embeddable":true,"href":"https:\/\/grandepremio.com\/br\/wp-json\/wp\/v2\/tags?post=129939"},{"taxonomy":"42wp_author","embeddable":true,"href":"https:\/\/grandepremio.com\/br\/wp-json\/wp\/v2\/42wp_author?post=129939"}],"curies":[{"name":"wp","href":"https:\/\/api.w.org\/{rel}","templated":true}]}}