{"id":129943,"date":"2020-06-10T14:19:42","date_gmt":"2020-06-10T17:19:42","guid":{"rendered":"https:\/\/grandepremio.com\/br\/noticias\/racing-point-confirma-teste-em-silverstone-com-carro-de-2020\/"},"modified":"2020-06-10T14:25:38","modified_gmt":"2020-06-10T17:25:38","slug":"racing-point-confirma-teste-em-silverstone-com-carro-de-2020","status":"publish","type":"post","link":"https:\/\/grandepremio.com\/br\/f1\/racing-point-confirma-teste-em-silverstone-com-carro-de-2020\/","title":{"rendered":"Racing Point confirma teste em Silverstone com carro de 2020"},"content":{"rendered":"\n<figure class=\"wp-block-embed-dailymotion wp-block-embed is-type-video is-provider-dailymotion wp-embed-aspect-16-9 wp-has-aspect-ratio\"><div class=\"wp-block-embed__wrapper\">\n<iframe loading=\"lazy\" title=\"Europa D\u00c1 EXEMPLO na pandemia e permite volta da F1. J\u00e1 o Brasil... |GP \u00e0s 10\" frameborder=\"0\" width=\"500\" height=\"281\" src=\"https:\/\/geo.dailymotion.com\/player.html?video=x7ue9ps&#038;\" allowfullscreen allow=\"autoplay; fullscreen; picture-in-picture; web-share\"><\/iframe>\n<\/div><\/figure>\n\n\n\n<p class=\"wp-block-paragraph\">A Racing Point \u00e9 mais uma equipe a confirmar teste antes do in\u00edcio da temporada 2020 da F\u00f3rmula 1. No pr\u00f3ximo dia 17, a equipe levar\u00e1 o RP20 ao circuito de Silverstone com Lance Stroll.<\/p>\n\n\n\n<p class=\"wp-block-paragraph\">Ao contr\u00e1rio de Mercedes e Ferrari, a Racing Point levar\u00e1 o carro de 2020 para a pista por ser um dia promocional, utilizado para filmagens.<\/p>\n\n\n\n<p class=\"wp-block-paragraph\">O teste est\u00e1 limitado a 100 km percorridos e com pneus de demonstra\u00e7\u00e3o da Pirelli. A Mercedes usou o b\u00f3lido de 2018 em suas sess\u00f5es privadas pelo fator da quilometragem ilimitada. A Ferrari ainda n\u00e3o marcou o dia da atividade, que acontecer\u00e1 em Fiorano, It\u00e1lia.<\/p>\n\n\n\n<figure class=\"wp-block-image size-large\"><img decoding=\"async\" src=\"https:\/\/www.grandepremio.com\/br\/wp-content\/uploads\/2020\/05\/20202201522304_racingpoint-perez-09_DMa.jpg\" alt=\"\" class=\"wp-image-375110\"\/><figcaption>Racing Point foi um dos destaques da pr\u00e9-temporada (Foto: \/Racing Point)<\/figcaption><\/figure>\n\n\n\n<p class=\"wp-block-paragraph\">&#8220;Estamos ansiosos para ver o quanto somos competitivos. Acho que os primeiros circuitos ser\u00e3o bons para n\u00f3s, inclusive Hungria e Silverstone. Depois voltaremos para Barcelona, onde fomos muito bem durante o inverno&#8221;, declarou Otmar Szafnauer, chefe de equipe, ao site da revista \u2018Autosport\u2019.<\/p>\n\n\n\n<p class=\"wp-block-paragraph\"><a href=\"https:\/\/www.grandepremio.com\/br\/f1\/noticias\/red-bull-mclaren-e-renault-desistem-de-testes-com-carro-antigo-por-falta-de-motor\/\">Red Bull, Renault e McLaren confirmaram que n\u00e3o v\u00e3o promover sess\u00f5es por problemas log\u00edsticos<\/a>. A temporada da F1 est\u00e1 marcada para come\u00e7ar no dia 5 de julho, na \u00c1ustria.<\/p>\n\n\n\n<figure class=\"wp-block-embed-youtube wp-block-embed is-type-video is-provider-youtube wp-embed-aspect-16-9 wp-has-aspect-ratio\"><div class=\"wp-block-embed__wrapper\">\n<iframe loading=\"lazy\" title=\"F1 longe do MAINSTREAM: a cobertura fora do EIXO RIO-SP | Cadeira Cativa #10\" width=\"500\" height=\"281\" src=\"https:\/\/www.youtube.com\/embed\/XCqMC0dWdHU?feature=oembed\" frameborder=\"0\" allow=\"accelerometer; autoplay; clipboard-write; encrypted-media; gyroscope; picture-in-picture; web-share\" referrerpolicy=\"strict-origin-when-cross-origin\" allowfullscreen><\/iframe>\n<\/div><\/figure>\n","protected":false},"excerpt":{"rendered":"<p>Racing Point utilizar\u00e1 um dos dias de filmagem para dar quilometragem ao RP20. Sess\u00e3o acontecer\u00e1 no dia 17 de junho<\/p>\n","protected":false},"author":0,"featured_media":0,"comment_status":"closed","ping_status":"closed","sticky":false,"template":"","format":"standard","meta":{"42wp_featured_image_caption":"","42wp_featured_image_credits":"","42wp_featured_video":"","42wp_featured_image_hidden":false,"42wp_authors_list":[],"footnotes":""},"categories":[2],"tags":[147,118,24837,485,310,3632,305],"42wp_author":[47109],"class_list":["post-129943","post","type-post","status-publish","format-standard","hentry","category-f1","tag-f1","tag-f1-2020","tag-formula-1-2","tag-lance-stroll","tag-racing-point","tag-silverstone","tag-testes","42wp_author-redacao-gp"],"_links":{"self":[{"href":"https:\/\/grandepremio.com\/br\/wp-json\/wp\/v2\/posts\/129943","targetHints":{"allow":["GET"]}}],"collection":[{"href":"https:\/\/grandepremio.com\/br\/wp-json\/wp\/v2\/posts"}],"about":[{"href":"https:\/\/grandepremio.com\/br\/wp-json\/wp\/v2\/types\/post"}],"replies":[{"embeddable":true,"href":"https:\/\/grandepremio.com\/br\/wp-json\/wp\/v2\/comments?post=129943"}],"version-history":[{"count":0,"href":"https:\/\/grandepremio.com\/br\/wp-json\/wp\/v2\/posts\/129943\/revisions"}],"wp:attachment":[{"href":"https:\/\/grandepremio.com\/br\/wp-json\/wp\/v2\/media?parent=129943"}],"wp:term":[{"taxonomy":"category","embeddable":true,"href":"https:\/\/grandepremio.com\/br\/wp-json\/wp\/v2\/categories?post=129943"},{"taxonomy":"post_tag","embeddable":true,"href":"https:\/\/grandepremio.com\/br\/wp-json\/wp\/v2\/tags?post=129943"},{"taxonomy":"42wp_author","embeddable":true,"href":"https:\/\/grandepremio.com\/br\/wp-json\/wp\/v2\/42wp_author?post=129943"}],"curies":[{"name":"wp","href":"https:\/\/api.w.org\/{rel}","templated":true}]}}