{"id":129991,"date":"2020-06-08T12:07:55","date_gmt":"2020-06-08T15:07:55","guid":{"rendered":"https:\/\/grandepremio.com\/br\/noticias\/cotado-na-porsche-wehrlein-confirma-saida-da-mahindra-no-meio-da-temporada\/"},"modified":"2020-06-08T17:49:58","modified_gmt":"2020-06-08T20:49:58","slug":"cotado-na-porsche-wehrlein-confirma-saida-da-mahindra-no-meio-da-temporada","status":"publish","type":"post","link":"https:\/\/grandepremio.com\/br\/formula-e\/cotado-na-porsche-wehrlein-confirma-saida-da-mahindra-no-meio-da-temporada\/","title":{"rendered":"Cotado na Porsche, Wehrlein confirma sa\u00edda da Mahindra no meio da temporada"},"content":{"rendered":"\n<figure class=\"wp-block-embed-youtube wp-block-embed is-type-video is-provider-youtube wp-embed-aspect-16-9 wp-has-aspect-ratio\"><div class=\"wp-block-embed__wrapper\">\n<iframe loading=\"lazy\" title=\"SCHUMACHER x HILL: a &amp;apos;Batalha de Adelaide&amp;apos; e o raio-x da rivalidade na F1\" width=\"500\" height=\"281\" src=\"https:\/\/www.youtube.com\/embed\/uBPrdqBejVw?feature=oembed\" frameborder=\"0\" allow=\"accelerometer; autoplay; clipboard-write; encrypted-media; gyroscope; picture-in-picture; web-share\" referrerpolicy=\"strict-origin-when-cross-origin\" allowfullscreen><\/iframe>\n<\/div><\/figure>\n\n\n\n<p class=\"wp-block-paragraph\">O grid da F\u00f3rmula E voltou a chacoalhar nesta segunda-feira (8). Pascal Wehrlein confirmou atrav\u00e9s de redes sociais que est\u00e1 deixando a Mahindra com efeito imediato. A not\u00edcia surpreende: o campeonato da <strong><a href=\"https:\/\/www.grandepremio.com\/br\/formula-e\/\">F\u00f3rmula E<\/a><\/strong>, ainda paralisado, vai recome\u00e7ar j\u00e1 com o alem\u00e3o fora da equipe indiana.<\/p>\n\n\n\n<p class=\"wp-block-paragraph\">&#8220;De hoje em diante eu n\u00e3o fa\u00e7o mais parte da Mahindra\u201d, comentou Wehrlein, via Instagram. \u201cEu tinha o interesse de terminar a temporada, mas a situa\u00e7\u00e3o atual n\u00e3o permitiu. N\u00e3o posso dizer muito sobre meu futuro, mas deixarei voc\u00eas informados. Obrigado pelo apoio&#8221;, seguiu.<\/p>\n\n\n\n<figure class=\"wp-block-image size-large\"><img decoding=\"async\" src=\"https:\/\/www.grandepremio.com\/br\/wp-content\/uploads\/2014\/01\/201810162036747__BG_9569_DMa.jpg\" alt=\"\" class=\"wp-image-336065\"\/><figcaption>Pascal Wehrlein na Mahindra j\u00e1 \u00e9 coisa do passado (Foto: Mahindra)<\/figcaption><\/figure>\n\n\n\n<p class=\"wp-block-paragraph\">A not\u00edcia fortalece rumores de que Wehrlein est\u00e1 destinado a assinar com a Porsche para a pr\u00f3xima temporada. A informa\u00e7\u00e3o foi dada inicialmente pelo site \u2018The Race\u2019, que apontou insatisfa\u00e7\u00e3o do ex-F1 com a Mahindra. As duas partes tinham acordo at\u00e9 o fim da pr\u00f3xima temporada, 2020\/21, mas o competidor de 25 anos come\u00e7ou a agir para romper antecipadamente. A intriga culminou no div\u00f3rcio imediato.<\/p>\n\n\n\n<p class=\"wp-block-paragraph\">Ainda de acordo com o \u2018The Race\u2019, Wehrlein parte para a Porsche como substituto de Neel Jani. O su\u00ed\u00e7o teve um come\u00e7o de temporada fraco, ficando sem pontos nas cinco primeiras provas, enquanto o companheiro Andr\u00e9 Lotterer j\u00e1 conseguiu at\u00e9 p\u00f3dio. A boa not\u00edcia para Jani \u00e9 que a troca por Wehrlein provavelmente apenas ao t\u00e9rmino do campeonato.<\/p>\n\n\n\n<p class=\"wp-block-paragraph\">Wehrlein, por sua vez, tamb\u00e9m precisa mostrar a que veio na FE. O alem\u00e3o conseguiu apenas um p\u00f3dio em 2018\/19, ficando atr\u00e1s do companheiro J\u00e9r\u00f4me d\u2019Ambrosio. Em 2019\/20, apesar de agora na frente do belga, aparece apenas em 14\u00b0 no Campeonato de Pilotos.<\/p>\n\n\n\n<p class=\"wp-block-paragraph\">A F\u00f3rmula E planeja realizar uma s\u00e9rie de corridas em Berlim, no tra\u00e7ado de Tempelhof, para concluir 2019\/20. O plano, entretanto, ainda n\u00e3o tem datas para virar realidade, nem foi confirmado oficialmente. O certame retornar\u00e1 sem Wehrlein e <strong><a href=\"https:\/\/www.grandepremio.com\/br\/formula-e\/noticias\/audi-confirma-saida-de-abt-por-decisao-consciente-de-ir-contra-as-regras\/\">sem Daniel Abt<\/a><\/strong>.<\/p>\n","protected":false},"excerpt":{"rendered":"<p>Pascal Wehrlein, interessado em transfer\u00eancia para a Porsche, j\u00e1 \u00e9 ex-funcion\u00e1rio da Mahindra. O alem\u00e3o, assim, fica sem carro para concluir a temporada 2019\/20 da F\u00f3rmula E<\/p>\n","protected":false},"author":0,"featured_media":0,"comment_status":"closed","ping_status":"closed","sticky":false,"template":"","format":"standard","meta":{"42wp_featured_image_caption":"","42wp_featured_image_credits":"","42wp_featured_video":"","42wp_featured_image_hidden":false,"42wp_authors_list":[],"footnotes":""},"categories":[19],"tags":[24985,1194,736],"42wp_author":[47118],"class_list":["post-129991","post","type-post","status-publish","format-standard","hentry","category-formula-e","tag-formula-e-2020-2","tag-pascal-wehrlein","tag-porsche","42wp_author-vitor-fazio"],"_links":{"self":[{"href":"https:\/\/grandepremio.com\/br\/wp-json\/wp\/v2\/posts\/129991","targetHints":{"allow":["GET"]}}],"collection":[{"href":"https:\/\/grandepremio.com\/br\/wp-json\/wp\/v2\/posts"}],"about":[{"href":"https:\/\/grandepremio.com\/br\/wp-json\/wp\/v2\/types\/post"}],"replies":[{"embeddable":true,"href":"https:\/\/grandepremio.com\/br\/wp-json\/wp\/v2\/comments?post=129991"}],"version-history":[{"count":0,"href":"https:\/\/grandepremio.com\/br\/wp-json\/wp\/v2\/posts\/129991\/revisions"}],"wp:attachment":[{"href":"https:\/\/grandepremio.com\/br\/wp-json\/wp\/v2\/media?parent=129991"}],"wp:term":[{"taxonomy":"category","embeddable":true,"href":"https:\/\/grandepremio.com\/br\/wp-json\/wp\/v2\/categories?post=129991"},{"taxonomy":"post_tag","embeddable":true,"href":"https:\/\/grandepremio.com\/br\/wp-json\/wp\/v2\/tags?post=129991"},{"taxonomy":"42wp_author","embeddable":true,"href":"https:\/\/grandepremio.com\/br\/wp-json\/wp\/v2\/42wp_author?post=129991"}],"curies":[{"name":"wp","href":"https:\/\/api.w.org\/{rel}","templated":true}]}}