{"id":129996,"date":"2020-06-08T09:23:38","date_gmt":"2020-06-08T12:23:38","guid":{"rendered":"https:\/\/grandepremio.com\/br\/noticias\/stoner-admite-vontade-de-estar-um-pouco-mais-envolvido-com-motogp\/"},"modified":"2020-06-08T10:00:50","modified_gmt":"2020-06-08T13:00:50","slug":"stoner-admite-vontade-de-estar-um-pouco-mais-envolvido-com-motogp","status":"publish","type":"post","link":"https:\/\/grandepremio.com\/br\/motogp\/stoner-admite-vontade-de-estar-um-pouco-mais-envolvido-com-motogp\/","title":{"rendered":"Stoner admite vontade de \u201cestar um pouco mais envolvido\u201d com MotoGP"},"content":{"rendered":"\n<p class=\"wp-block-paragraph\">Outrora critico dos rumos da <strong><a href=\"https:\/\/www.grandepremio.com\/br\/motogp\">MotoGP<\/a><\/strong>, Casey Stoner reconheceu que sente vontade de contribuir com o esporte. O australiano considerou que pode contribuir com o futuro do esporte.<\/p>\n\n\n\n<p class=\"wp-block-paragraph\">Em maio de 2012, Stoner anunciou que aquela era sua \u00faltima temporada na classe rainha do Mundial de Motovelocidade. Na \u00e9poca, o #27 se mostrou bastante incomodado com o ambiente do esporte e contou que sua paix\u00e3o se afastou lentamente.<\/p>\n\n\n\n<figure class=\"wp-block-image size-large\"><img decoding=\"async\" src=\"https:\/\/www.grandepremio.com\/br\/wp-content\/uploads\/2014\/03\/2017130741262_Ducati_DMa.jpg\" alt=\"\" class=\"wp-image-331624\"\/><figcaption>Casey Stoner trabalhou com Jorge Lorenzo enquanto foi piloto de testes da Ducati (Foto: Ducati)<\/figcaption><\/figure>\n\n\n\n<figure class=\"wp-block-embed-spotify wp-block-embed is-type-rich is-provider-spotify wp-embed-aspect-21-9 wp-has-aspect-ratio\"><div class=\"wp-block-embed__wrapper\">\n<iframe title=\"Spotify Embed: Os pilotos mais subestimados da hist\u00f3ria da F1 | Paddockast #64\" style=\"border-radius: 12px\" width=\"100%\" height=\"152\" frameborder=\"0\" allowfullscreen allow=\"autoplay; clipboard-write; encrypted-media; fullscreen; picture-in-picture\" loading=\"lazy\" src=\"https:\/\/open.spotify.com\/embed\/episode\/0Qu3PNOvRwuPiQC4hoq4eW?utm_source=oembed\"><\/iframe>\n<\/div><figcaption><strong>Paddockast #64 | OS PILOTOS MAIS SUBESTIMADOS DA HIST\u00d3RIA<\/strong><br>Ou\u00e7a tamb\u00e9m:\u00a0<a href=\"http:\/\/podcasts.apple.com\/br\/podcast\/paddockast\/id1371540198\">PODCASTS APPLE<\/a>\u00a0|\u00a0<a href=\"https:\/\/www.subscribeonandroid.com\/www.central3.com.br\/category\/podcasts\/paddockast\/feed\/podcast\/\">ANDROID<\/a>\u00a0|\u00a0<a href=\"https:\/\/player.fm\/series\/paddockast\">PLAYERFM<\/a><\/figcaption><\/figure>\n\n\n\n<p class=\"wp-block-paragraph\">\u201cAcho que sou um dos poucos pilotos que podem dizer que se aposentaram quando pararam de curtir. A minha paix\u00e3o lentamente se afastou deste campeonato\u201d, disse na \u00e9poca, tamb\u00e9m disparando criticas a imprensa e ao regulamento.<\/p>\n\n\n\n<p class=\"wp-block-paragraph\">Desde ent\u00e3o, Stoner atuou como piloto de testes da Honda por tr\u00eas temporadas e, em 2016, assumiu o posto na Ducati, <strong><a href=\"https:\/\/www.grandepremio.com\/br\/motogp\/noticias\/ducati-anuncia-fim-da-colaboracao-com-stoner-ele-esta-e-sempre-estara-nos-nossos-coracoes\/\">onde ficou at\u00e9 2018<\/a><\/strong>.<\/p>\n\n\n\n<p class=\"wp-block-paragraph\">Bicampe\u00e3o da MotoGP, Stoner foi questionado se estaria disposto a atuar como chefe de equipe ou mentor na MotoGP, justificou o afastamento da fun\u00e7\u00e3o de piloto de testes e revelou o desejo de se envolver mais com o esporte.<\/p>\n\n\n\n<p class=\"wp-block-paragraph\">\u201cComo voc\u00eas sabem, n\u00f3s tivemos um certo papel com a Ducati. Tentei com a Honda no in\u00edcio, mas meio que fui um pouco espremido para fora pelo jovem que estava chegando. N\u00e3o me queria por perto\u201d, contou Stoner rindo, uma refer\u00eancia a Marc M\u00e1rquez. \u201cEnt\u00e3o tentamos isso com a Ducati tamb\u00e9m, mas n\u00e3o conseguimos chegar a um acordo sobre os termos, coisas assim, ent\u00e3o tivemos de deixar esse cargo. Eu n\u00e3o senti que realmente poderia dar ao time o que eu queria\u201d, seguiu.<\/p>\n\n\n\n<p class=\"wp-block-paragraph\">\u201cEu sabia o que os pilotos queriam, n\u00f3s trabalh\u00e1vamos muito bem juntos, mas, infelizmente, os pilotos nem sempre s\u00e3o ouvidos. Como voc\u00ea sabe, algumas f\u00e1bricas veem os dados e o que eles acreditam ser a dire\u00e7\u00e3o correta, e isso nem sempre cai bem com os pilotos. Ent\u00e3o era s\u00f3 uma tarefa \u00e1rdua, uma luta constante, tentando conseguir mudan\u00e7as nas coisas certas na moto para avan\u00e7ar. E era um trabalho duro. Estando na Austr\u00e1lia e sem poder estar l\u00e1 tamb\u00e9m, ter mais reuni\u00f5es e discuss\u00f5es e pression\u00e1-los mais foi um pouco dif\u00edcil\u201d, explicou. \u201cEnt\u00e3o eu meio que me afastei do cargo, mas ainda acho que tenho muito a dar ao esporte. Ainda acho que t\u00eam certos aspectos onde talvez eu pense fora da caixa e tenha uma vis\u00e3o diferente das coisas que pode ajudar de alguma forma. Eu certamente n\u00e3o vou chegar e criar solu\u00e7\u00f5es e etc., mas eu sei o que precisa ser feito para vencer corridas e tenho algo para contribuir no futuro\u201d, avaliou.<\/p>\n\n\n\n<p class=\"wp-block-paragraph\">\u201cEu mesmo tempo, tenho de esperar essa fadiga cr\u00f4nica passar para que eu possa de fato dar um pouco mais do que posso no momento. No momento, estou colocando todo meu esfor\u00e7o nisso e na minha fam\u00edlia. Mas, para ser honesto, sim, eu gostaria de estar um pouco mais envolvido e ver o que o futuro reserva para a MotoGP\u201d, completou.<\/p>\n\n\n\n<figure class=\"wp-block-embed-youtube wp-block-embed is-type-video is-provider-youtube wp-embed-aspect-16-9 wp-has-aspect-ratio\"><div class=\"wp-block-embed__wrapper\">\n<iframe loading=\"lazy\" title=\"SCHUMACHER x HILL: a &amp;apos;Batalha de Adelaide&amp;apos; e o raio-x da rivalidade na F1\" width=\"500\" height=\"281\" src=\"https:\/\/www.youtube.com\/embed\/uBPrdqBejVw?feature=oembed\" frameborder=\"0\" allow=\"accelerometer; autoplay; clipboard-write; encrypted-media; gyroscope; picture-in-picture; web-share\" referrerpolicy=\"strict-origin-when-cross-origin\" allowfullscreen><\/iframe>\n<\/div><\/figure>\n\n\n","protected":false},"excerpt":{"rendered":"<p>Bicampe\u00e3o da MotoGP, Casey Stoner atuou como piloto de testes de Honda e Ducati desde que se aposentou, no fim de 2012. O australiano ainda se recupera de uma fadiga cr\u00f4nica<\/p>\n","protected":false},"author":0,"featured_media":0,"comment_status":"closed","ping_status":"closed","sticky":false,"template":"","format":"standard","meta":{"42wp_featured_image_caption":"","42wp_featured_image_credits":"","42wp_featured_video":"","42wp_featured_image_hidden":false,"42wp_authors_list":[],"footnotes":""},"categories":[8],"tags":[922,131,130,79,78,173,24850,24852,553],"42wp_author":[47109],"class_list":["post-129996","post","type-post","status-publish","format-standard","hentry","category-motogp","tag-casey-stoner","tag-ducati","tag-honda","tag-moto-gp","tag-motogp","tag-motogp-2020","tag-motogp-fox-sports","tag-motogp-noticias","tag-mundial-motogp-2020","42wp_author-redacao-gp"],"_links":{"self":[{"href":"https:\/\/grandepremio.com\/br\/wp-json\/wp\/v2\/posts\/129996","targetHints":{"allow":["GET"]}}],"collection":[{"href":"https:\/\/grandepremio.com\/br\/wp-json\/wp\/v2\/posts"}],"about":[{"href":"https:\/\/grandepremio.com\/br\/wp-json\/wp\/v2\/types\/post"}],"replies":[{"embeddable":true,"href":"https:\/\/grandepremio.com\/br\/wp-json\/wp\/v2\/comments?post=129996"}],"version-history":[{"count":0,"href":"https:\/\/grandepremio.com\/br\/wp-json\/wp\/v2\/posts\/129996\/revisions"}],"wp:attachment":[{"href":"https:\/\/grandepremio.com\/br\/wp-json\/wp\/v2\/media?parent=129996"}],"wp:term":[{"taxonomy":"category","embeddable":true,"href":"https:\/\/grandepremio.com\/br\/wp-json\/wp\/v2\/categories?post=129996"},{"taxonomy":"post_tag","embeddable":true,"href":"https:\/\/grandepremio.com\/br\/wp-json\/wp\/v2\/tags?post=129996"},{"taxonomy":"42wp_author","embeddable":true,"href":"https:\/\/grandepremio.com\/br\/wp-json\/wp\/v2\/42wp_author?post=129996"}],"curies":[{"name":"wp","href":"https:\/\/api.w.org\/{rel}","templated":true}]}}