{"id":130040,"date":"2020-06-05T13:30:00","date_gmt":"2020-06-05T16:30:00","guid":{"rendered":"https:\/\/grandepremio.com\/br\/noticias\/bottas-e-solucao-mais-razoavel-que-alonso-para-plano-de-longo-prazo\/"},"modified":"2020-06-04T16:30:05","modified_gmt":"2020-06-04T19:30:05","slug":"bottas-e-solucao-mais-razoavel-que-alonso-para-plano-de-longo-prazo","status":"publish","type":"post","link":"https:\/\/grandepremio.com\/br\/f1\/bottas-e-solucao-mais-razoavel-que-alonso-para-plano-de-longo-prazo\/","title":{"rendered":"Bottas \u00e9 solu\u00e7\u00e3o mais razo\u00e1vel que Alonso para plano de longo prazo"},"content":{"rendered":"\n<p class=\"wp-block-paragraph\">Fernando Alonso ou Valtteri Bottas? Com o campe\u00e3o fora da F1 desde o fim de 2018 e caro demais num momento em que a marca francesa est\u00e1 em situa\u00e7\u00e3o financeira dram\u00e1tica, faria mais sentido apostar no finland\u00eas atualmente na Mercedes. A discuss\u00e3o esteve em pauta no Paddock GP #199<\/p>\n\n\n\n<figure class=\"wp-block-embed-youtube wp-block-embed is-type-video is-provider-youtube wp-embed-aspect-16-9 wp-has-aspect-ratio\"><div class=\"wp-block-embed__wrapper\">\n<iframe loading=\"lazy\" title=\"A VOLTA da INDY e o novo CALEND\u00c1RIO da F1 2020 | #Paddock GP 199\" width=\"500\" height=\"281\" src=\"https:\/\/www.youtube.com\/embed\/xIycwFWPnMA?start=3185&amp;feature=oembed\" frameborder=\"0\" allow=\"accelerometer; autoplay; clipboard-write; encrypted-media; gyroscope; picture-in-picture; web-share\" referrerpolicy=\"strict-origin-when-cross-origin\" allowfullscreen><\/iframe>\n<\/div><\/figure>\n","protected":false},"excerpt":{"rendered":"<p>Numa realidade complicada, a Renault deveria olhar mais para Valtteri Bottas que Fernando Alonso. Foi a opini\u00e3o de Fernando Silva no Paddock GP #199<\/p>\n","protected":false},"author":0,"featured_media":0,"comment_status":"closed","ping_status":"closed","sticky":false,"template":"","format":"standard","meta":{"42wp_featured_image_caption":"","42wp_featured_image_credits":"","42wp_featured_video":"","42wp_featured_image_hidden":false,"42wp_authors_list":[],"footnotes":""},"categories":[2],"tags":[118,176,159,158,229,612],"42wp_author":[47109],"class_list":["post-130040","post","type-post","status-publish","format-standard","hentry","category-f1","tag-f1-2020","tag-fernando-alonso","tag-horarios-da-f1","tag-horarios-da-formula-1","tag-renault","tag-valtteri-bottas","42wp_author-redacao-gp"],"_links":{"self":[{"href":"https:\/\/grandepremio.com\/br\/wp-json\/wp\/v2\/posts\/130040","targetHints":{"allow":["GET"]}}],"collection":[{"href":"https:\/\/grandepremio.com\/br\/wp-json\/wp\/v2\/posts"}],"about":[{"href":"https:\/\/grandepremio.com\/br\/wp-json\/wp\/v2\/types\/post"}],"replies":[{"embeddable":true,"href":"https:\/\/grandepremio.com\/br\/wp-json\/wp\/v2\/comments?post=130040"}],"version-history":[{"count":0,"href":"https:\/\/grandepremio.com\/br\/wp-json\/wp\/v2\/posts\/130040\/revisions"}],"wp:attachment":[{"href":"https:\/\/grandepremio.com\/br\/wp-json\/wp\/v2\/media?parent=130040"}],"wp:term":[{"taxonomy":"category","embeddable":true,"href":"https:\/\/grandepremio.com\/br\/wp-json\/wp\/v2\/categories?post=130040"},{"taxonomy":"post_tag","embeddable":true,"href":"https:\/\/grandepremio.com\/br\/wp-json\/wp\/v2\/tags?post=130040"},{"taxonomy":"42wp_author","embeddable":true,"href":"https:\/\/grandepremio.com\/br\/wp-json\/wp\/v2\/42wp_author?post=130040"}],"curies":[{"name":"wp","href":"https:\/\/api.w.org\/{rel}","templated":true}]}}