{"id":130098,"date":"2020-06-03T11:04:40","date_gmt":"2020-06-03T14:04:40","guid":{"rendered":"https:\/\/grandepremio.com\/br\/noticias\/drugovich-mostra-otimismo-para-estreia-na-formula-2-estou-muito-confiante\/"},"modified":"2020-06-03T12:13:40","modified_gmt":"2020-06-03T15:13:40","slug":"drugovich-mostra-otimismo-para-estreia-na-formula-2-estou-muito-confiante","status":"publish","type":"post","link":"https:\/\/grandepremio.com\/br\/f2\/drugovich-mostra-otimismo-para-estreia-na-formula-2-estou-muito-confiante\/","title":{"rendered":"Em F\u00f3rmula 2 bastante alterada, Drugovich se diz &#8220;muito ansioso&#8221; ap\u00f3s paralisa\u00e7\u00e3o"},"content":{"rendered":"\n<figure class=\"wp-block-embed-youtube wp-block-embed is-type-video is-provider-youtube wp-embed-aspect-16-9 wp-has-aspect-ratio\"><div class=\"wp-block-embed__wrapper\">\n<iframe loading=\"lazy\" title=\"Roberto PUPO MORENO volta para falar de LOTUS e t\u00edtulo da F-3000 | Cadeira Cativa #9\" width=\"500\" height=\"281\" src=\"https:\/\/www.youtube.com\/embed\/bw_cvGn7ZD4?feature=oembed\" frameborder=\"0\" allow=\"accelerometer; autoplay; clipboard-write; encrypted-media; gyroscope; picture-in-picture; web-share\" referrerpolicy=\"strict-origin-when-cross-origin\" allowfullscreen><\/iframe>\n<\/div><\/figure>\n\n\n\n<p class=\"wp-block-paragraph\">O cen\u00e1rio do esporte a motor mundial come\u00e7a a dar seus primeiros passos para a retomada em 2020. <a href=\"https:\/\/www.grandepremio.com\/br\/f1\/noticias\/com-duas-rodadas-duplas-formula-1-confirma-primeiros-oito-gps-de-2020\/\">A F\u00f3rmula 1 divulgou o seu calend\u00e1rio para este ano<\/a>, assim como a F\u00f3rmula 2, e Felipe Drugovich mostrou anima\u00e7\u00e3o e otimismo para enfim fazer sua estreia na categoria de base, que acontece na \u00c1ustria, no in\u00edcio de julho.<\/p>\n\n\n\n<p class=\"wp-block-paragraph\">Na ter\u00e7a-feira, a principal categoria do automobilismo anunciou oito etapas para o campeonato. As duas primeiras corridas acontecem na \u00c1ustria, em dois finais de semana consecutivos. O certame ainda confirmou disputas na Hungria, Inglaterra, tamb\u00e9m em rodada dupla, Espanha, B\u00e9lgica e It\u00e1lia. As datas est\u00e3o entre os meses de julho e setembro.<\/p>\n\n\n\n<p class=\"wp-block-paragraph\">O jovem brasileiro vai fazer seu debute na F2 pela MP Motorsport, equipe holandesa que terminou a temporada 2019 com a s\u00e9tima coloca\u00e7\u00e3o da tabela e um p\u00f3dio. \u201cJ\u00e1 estava bastante ansioso pela abertura da temporada em mar\u00e7o, imaginem agora depois desta parada for\u00e7ada, que nos far\u00e1 estrear apenas em julho&#8221;, apontou o paranaense.<\/p>\n\n\n\n<p class=\"wp-block-paragraph\">&#8220;Voltar \u00e0s competi\u00e7\u00f5es \u00e9 muito bom, especialmente por sabermos que na Europa a situa\u00e7\u00e3o de sa\u00fade come\u00e7a a se normalizar. Agora vamos torcer para que o Brasil e o resto do mundo tamb\u00e9m cheguem a uma situa\u00e7\u00e3o mais tranquila&#8221;,&nbsp;completou.<\/p>\n\n\n\n<figure class=\"wp-block-image size-large\"><img decoding=\"async\" src=\"https:\/\/www.grandepremio.com\/br\/wp-content\/uploads\/2020\/06\/Drugovich2.jpg\" alt=\"Felipe Drugovich\" class=\"wp-image-386980\"\/><figcaption>Drugovich aposta na for\u00e7a da MP Motorsport na F2 (Foto: Dutch Photo Agency)<\/figcaption><\/figure>\n\n\n\n<figure class=\"wp-block-embed-spotify wp-block-embed is-type-rich is-provider-spotify wp-embed-aspect-21-9 wp-has-aspect-ratio\"><div class=\"wp-block-embed__wrapper\">\n<iframe title=\"Spotify Embed: Paddockast #63\" style=\"border-radius: 12px\" width=\"100%\" height=\"152\" frameborder=\"0\" allowfullscreen allow=\"autoplay; clipboard-write; encrypted-media; fullscreen; picture-in-picture\" loading=\"lazy\" src=\"https:\/\/open.spotify.com\/embed\/episode\/3cBN8lszJglSW0RMihTZnf?si=vITSdW2LQxm4Zpt7hZGTSA&amp;utm_source=oembed\"><\/iframe>\n<\/div><figcaption><strong>Paddockast #63 | COMO JORDAN, QUEM MERECE DOCUMENT\u00c1RIO SOBRE O ADEUS?<br><\/strong>Ou\u00e7a:&nbsp;<a href=\"https:\/\/open.spotify.com\/show\/5OBbp8MzxQymoyneX4IviF?si=gYqPr53GSaa-AcxFpOzJHg\">Spotify<\/a>&nbsp;|&nbsp;<a href=\"http:\/\/podcasts.apple.com\/br\/podcast\/paddockast\/id1371540198\">iTunes<\/a>&nbsp;|&nbsp;<a href=\"https:\/\/www.subscribeonandroid.com\/www.central3.com.br\/category\/podcasts\/paddockast\/feed\/podcast\/\">Android<\/a>&nbsp;|&nbsp;<a href=\"https:\/\/player.fm\/series\/paddockast\">playerFM<\/a><\/figcaption><\/figure>\n\n\n\n<p class=\"wp-block-paragraph\">Entretanto, mesmo sem estar nas pistas por conta da pandemia do coronav\u00edrus, Drugovich n\u00e3o parou a rotina de treinos f\u00edsicos e mental para poder chegar preparado na temporada. \u201cTrabalhei bastante estes dois pontos muito importantes para um piloto, obedecendo ao programa de exerc\u00edcios determinado pelo meu preparador f\u00edsico\u201d, disse o piloto de 20 anos.<\/p>\n\n\n\n<p class=\"wp-block-paragraph\">&#8220;[O automobilismo virtual] Foi uma forma de manter meus reflexos em dia e, mesmo n\u00e3o sendo corridas reais, estas atividades ajudaram muito a me manter &#8216;perto&#8217; dos aut\u00f3dromos e das competi\u00e7\u00f5es&#8221;, emendou o competidor da F2.<\/p>\n\n\n\n<p class=\"wp-block-paragraph\">Por fim, Felipe mostrou anima\u00e7\u00e3o e otimismo para 2020. \u201cO time \u00e9 bom, fomos bem nos testes, mas \u00e9 uma nova categoria. Temos novidades pela frente, como corridas mais longas, pit-stops e um carro mais potente, por exemplo\u201d, sublinhou o campe\u00e3o de 2018 da F3 Espanhola.<\/p>\n\n\n\n<p class=\"wp-block-paragraph\">\u201cMas estamos todos muito confiantes, tanto eu quanto a MP Motorsport, ent\u00e3o agora aguardamos muito ansiosos pela abertura da temporada no in\u00edcio de julho\u201d, encerrou.<\/p>\n\n\n\n<figure class=\"wp-block-embed-youtube wp-block-embed is-type-video is-provider-youtube wp-embed-aspect-16-9 wp-has-aspect-ratio\"><div class=\"wp-block-embed__wrapper\">\n<iframe loading=\"lazy\" title=\"TYRRELL P34: como o CARRO DE SEIS RODAS venceu na F1\" width=\"500\" height=\"281\" src=\"https:\/\/www.youtube.com\/embed\/On0S2jCvm0U?feature=oembed\" frameborder=\"0\" allow=\"accelerometer; autoplay; clipboard-write; encrypted-media; gyroscope; picture-in-picture; web-share\" referrerpolicy=\"strict-origin-when-cross-origin\" allowfullscreen><\/iframe>\n<\/div><\/figure>\n","protected":false},"excerpt":{"rendered":"<p>Felipe Drugovich mostrou anima\u00e7\u00e3o para sua estreia na F\u00f3rmula 2. Destacando a rotina de treinos durante a quarentena, disse crer na for\u00e7a da MP Motorsport no in\u00edcio da temporada<\/p>\n","protected":false},"author":0,"featured_media":1000386981,"comment_status":"closed","ping_status":"closed","sticky":false,"template":"","format":"standard","meta":{"42wp_featured_image_caption":"","42wp_featured_image_credits":"","42wp_featured_video":"","42wp_featured_image_hidden":false,"42wp_authors_list":[],"footnotes":""},"categories":[9],"tags":[111,1024,24951,1306],"42wp_author":[47109],"class_list":["post-130098","post","type-post","status-publish","format-standard","has-post-thumbnail","hentry","category-f2","tag-f2","tag-felipe-drugovich","tag-formula-2-2","tag-mp-motorsport","42wp_author-redacao-gp"],"_links":{"self":[{"href":"https:\/\/grandepremio.com\/br\/wp-json\/wp\/v2\/posts\/130098","targetHints":{"allow":["GET"]}}],"collection":[{"href":"https:\/\/grandepremio.com\/br\/wp-json\/wp\/v2\/posts"}],"about":[{"href":"https:\/\/grandepremio.com\/br\/wp-json\/wp\/v2\/types\/post"}],"replies":[{"embeddable":true,"href":"https:\/\/grandepremio.com\/br\/wp-json\/wp\/v2\/comments?post=130098"}],"version-history":[{"count":0,"href":"https:\/\/grandepremio.com\/br\/wp-json\/wp\/v2\/posts\/130098\/revisions"}],"wp:featuredmedia":[{"embeddable":true,"href":"https:\/\/grandepremio.com\/br\/wp-json\/wp\/v2\/media\/1000386981"}],"wp:attachment":[{"href":"https:\/\/grandepremio.com\/br\/wp-json\/wp\/v2\/media?parent=130098"}],"wp:term":[{"taxonomy":"category","embeddable":true,"href":"https:\/\/grandepremio.com\/br\/wp-json\/wp\/v2\/categories?post=130098"},{"taxonomy":"post_tag","embeddable":true,"href":"https:\/\/grandepremio.com\/br\/wp-json\/wp\/v2\/tags?post=130098"},{"taxonomy":"42wp_author","embeddable":true,"href":"https:\/\/grandepremio.com\/br\/wp-json\/wp\/v2\/42wp_author?post=130098"}],"curies":[{"name":"wp","href":"https:\/\/api.w.org\/{rel}","templated":true}]}}