{"id":130112,"date":"2020-06-02T19:06:50","date_gmt":"2020-06-02T22:06:50","guid":{"rendered":"https:\/\/grandepremio.com\/br\/noticias\/f-inter-cita-questoes-de-saude-e-oficializa-adiamento-da-temporada-2020\/"},"modified":"2020-06-02T19:06:54","modified_gmt":"2020-06-02T22:06:54","slug":"f-inter-cita-questoes-de-saude-e-oficializa-adiamento-da-temporada-2020","status":"publish","type":"post","link":"https:\/\/grandepremio.com\/br\/noticias\/f-inter-cita-questoes-de-saude-e-oficializa-adiamento-da-temporada-2020\/","title":{"rendered":"F-Inter cita quest\u00f5es de sa\u00fade e oficializa adiamento da temporada 2020"},"content":{"rendered":"\n<figure class=\"wp-block-embed-youtube wp-block-embed is-type-video is-provider-youtube wp-embed-aspect-4-3 wp-has-aspect-ratio\"><div class=\"wp-block-embed__wrapper\">\n<iframe loading=\"lazy\" title=\"A VOLTA da INDY e o novo CALEND\u00c1RIO da F1 2020 | #Paddock GP 199\" width=\"500\" height=\"281\" src=\"https:\/\/www.youtube.com\/embed\/xIycwFWPnMA?feature=oembed\" frameborder=\"0\" allow=\"accelerometer; autoplay; clipboard-write; encrypted-media; gyroscope; picture-in-picture; web-share\" referrerpolicy=\"strict-origin-when-cross-origin\" allowfullscreen><\/iframe>\n<\/div><\/figure>\n\n\n\n<p class=\"wp-block-paragraph\">A <strong><a href=\"https:\/\/www.grandepremio.com\/br\/f-inter\/\">F-Inter<\/a><\/strong> se tornou mais uma categoria a anunciar adiamento da programa\u00e7\u00e3o da temporada 2020 por conta da pandemia do novo coronav\u00edrus. O campeonato deveria ter iniciado no fim de mar\u00e7o, mas agora confirmou que as disputas ser\u00e3o realizadas apenas quando for poss\u00edvel garantir a seguran\u00e7a geral.<\/p>\n\n\n\n<p class=\"wp-block-paragraph\">O comunicado da categoria que confirmou o adiamento da temporada n\u00e3o deu mais informa\u00e7\u00f5es sobre datas futuras, falou apenas sobre a import\u00e2ncia priorit\u00e1ria da seguran\u00e7a em tempos de crise sanit\u00e1ria.<\/p>\n\n\n\n<p class=\"wp-block-paragraph\">\u201cEssa pandemia chegou de forma avassaladora, dominando todos os cen\u00e1rios em todo o planeta, relegando-nos a meros espectadores de seu poder, praticamente subjugando uma enorme parcela da popula\u00e7\u00e3o mundial at\u00e9 que haja uma vacina que previna seu cont\u00e1gio ou rem\u00e9dios que curem seus efeitos&#8221;, afirmou o fundador da F-Inter, Marcos Galassi.<\/p>\n\n\n\n<p class=\"wp-block-paragraph\">&#8220;Diante dessa perspectiva, procuramos praticar a \u00fanica preven\u00e7\u00e3o poss\u00edvel, que \u00e9 o distanciamento social, estendendo a recomenda\u00e7\u00e3o a nossos pilotos e colaboradores nas diversas \u00e1reas de atua\u00e7\u00e3o necess\u00e1rias para a realiza\u00e7\u00e3o de nosso campeonato. Ressaltamos que nossos pilotos est\u00e3o sujeitos aos riscos e que, em caso de acidentes, teriam incerto seu atendimento pelo sistema de sa\u00fade saturado pela pandemia&#8221;, destacou.<\/p>\n\n\n\n<p class=\"wp-block-paragraph\">&#8220;N\u00e3o d\u00e1 pra facilitar, temos que considerar a situa\u00e7\u00e3o de forma s\u00e9ria, pois estamos falando de vidas humanas, algo t\u00e3o valioso quanto insubstitu\u00edvel. Essa \u00e9 &#8211; e tem que ser &#8211; a maior preocupa\u00e7\u00e3o nesse momento\u201d, finalizou.<\/p>\n\n\n\n<p class=\"wp-block-paragraph\">Originalmente, a temporada j\u00e1 teria passado por uma etapa em Londrina e duas em Interlagos.<\/p>\n\n\n\n<figure class=\"wp-block-embed-spotify wp-block-embed is-type-rich is-provider-spotify wp-embed-aspect-21-9 wp-has-aspect-ratio\"><div class=\"wp-block-embed__wrapper\">\n<iframe title=\"Spotify Embed: Paddockast #63\" style=\"border-radius: 12px\" width=\"100%\" height=\"152\" frameborder=\"0\" allowfullscreen allow=\"autoplay; clipboard-write; encrypted-media; fullscreen; picture-in-picture\" loading=\"lazy\" src=\"https:\/\/open.spotify.com\/embed\/episode\/3cBN8lszJglSW0RMihTZnf?si=Bp_j5quORnGTz7aKpW3Piw&amp;utm_source=oembed\"><\/iframe>\n<\/div><\/figure>\n","protected":false},"excerpt":{"rendered":"<p>Categoria lembrou a dificuldade de garantir a seguran\u00e7a de todos os envolvidos em tempos de satura\u00e7\u00e3o do sistema de sa\u00fade<\/p>\n","protected":false},"author":0,"featured_media":1000386905,"comment_status":"closed","ping_status":"closed","sticky":false,"template":"","format":"standard","meta":{"42wp_featured_image_caption":"","42wp_featured_image_credits":"","42wp_featured_video":"","42wp_featured_image_hidden":false,"42wp_authors_list":[],"footnotes":""},"categories":[1],"tags":[24830],"42wp_author":[47109],"class_list":["post-130112","post","type-post","status-publish","format-standard","has-post-thumbnail","hentry","category-noticias","tag-pandemia","42wp_author-redacao-gp"],"_links":{"self":[{"href":"https:\/\/grandepremio.com\/br\/wp-json\/wp\/v2\/posts\/130112","targetHints":{"allow":["GET"]}}],"collection":[{"href":"https:\/\/grandepremio.com\/br\/wp-json\/wp\/v2\/posts"}],"about":[{"href":"https:\/\/grandepremio.com\/br\/wp-json\/wp\/v2\/types\/post"}],"replies":[{"embeddable":true,"href":"https:\/\/grandepremio.com\/br\/wp-json\/wp\/v2\/comments?post=130112"}],"version-history":[{"count":0,"href":"https:\/\/grandepremio.com\/br\/wp-json\/wp\/v2\/posts\/130112\/revisions"}],"wp:featuredmedia":[{"embeddable":true,"href":"https:\/\/grandepremio.com\/br\/wp-json\/wp\/v2\/media\/1000386905"}],"wp:attachment":[{"href":"https:\/\/grandepremio.com\/br\/wp-json\/wp\/v2\/media?parent=130112"}],"wp:term":[{"taxonomy":"category","embeddable":true,"href":"https:\/\/grandepremio.com\/br\/wp-json\/wp\/v2\/categories?post=130112"},{"taxonomy":"post_tag","embeddable":true,"href":"https:\/\/grandepremio.com\/br\/wp-json\/wp\/v2\/tags?post=130112"},{"taxonomy":"42wp_author","embeddable":true,"href":"https:\/\/grandepremio.com\/br\/wp-json\/wp\/v2\/42wp_author?post=130112"}],"curies":[{"name":"wp","href":"https:\/\/api.w.org\/{rel}","templated":true}]}}