{"id":130117,"date":"2020-06-02T16:02:14","date_gmt":"2020-06-02T19:02:14","guid":{"rendered":"https:\/\/grandepremio.com\/br\/noticias\/formula-1-vai-manter-gps-mesmo-se-equipe-abandonar-etapa-por-caso-de-coronavirus\/"},"modified":"2020-06-02T16:02:55","modified_gmt":"2020-06-02T19:02:55","slug":"formula-1-vai-manter-gps-mesmo-se-equipe-abandonar-etapa-por-caso-de-coronavirus","status":"publish","type":"post","link":"https:\/\/grandepremio.com\/br\/f1\/formula-1-vai-manter-gps-mesmo-se-equipe-abandonar-etapa-por-caso-de-coronavirus\/","title":{"rendered":"F\u00f3rmula 1 vai manter GPs mesmo se equipe abandonar etapa por caso de coronav\u00edrus"},"content":{"rendered":"\n<p class=\"wp-block-paragraph\">No come\u00e7o de mar\u00e7o, <strong><a href=\"https:\/\/www.grandepremio.com\/br\/f1\/noticias\/apos-desistencia-de-mercedes-e-mclaren-formula-1-resolve-cancelar-gp-da-australia\/\"><span style=\"text-decoration: underline;\">o GP da Austr\u00e1lia foi cancelado logo ap\u00f3s McLaren, Sebastian Vettel e Kimi R\u00e4ikk\u00f6nen abandonarem o Albert Park<\/span><\/a><\/strong> &#8211; depois de um funcion\u00e1rio da equipe inglesa ter o coronav\u00edrus detectado. A F\u00f3rmula 1, em seguida, optou por n\u00e3o realizar a prova.<\/p>\n\n\n\n<p class=\"wp-block-paragraph\">Mas, agora, a situa\u00e7\u00e3o ser\u00e1 diferente: de acordo com Chase Carey, o chefe da categoria, casos novos da doen\u00e7a no paddock n\u00e3o impedir\u00e3o <strong><a href=\"https:\/\/www.grandepremio.com\/br\/f1\/noticias\/com-duas-rodadas-duplas-formula-1-confirma-primeiros-oito-gps-de-2020\/\"><span style=\"text-decoration: underline;\">a realiza\u00e7\u00e3o das oito etapas que foram confirmadas nesta ter\u00e7a-feira (2)<\/span><\/a><\/strong>.<\/p>\n\n\n\n<figure class=\"wp-block-image size-large\"><img decoding=\"async\" src=\"https:\/\/www.grandepremio.com\/br\/wp-content\/uploads\/2019\/03\/2018526850785_carey-brawn1-lg-1_DMa.jpg\" alt=\"\" class=\"wp-image-369907\"\/><figcaption>Chase Carey e Ross Brown (Foto: F1)<\/figcaption><\/figure>\n\n\n\n<figure class=\"wp-block-embed-spotify wp-block-embed is-type-rich is-provider-spotify wp-embed-aspect-21-9 wp-has-aspect-ratio\"><div class=\"wp-block-embed__wrapper\">\n<iframe title=\"Spotify Embed: Paddockast #63\" style=\"border-radius: 12px\" width=\"100%\" height=\"152\" frameborder=\"0\" allowfullscreen allow=\"autoplay; clipboard-write; encrypted-media; fullscreen; picture-in-picture\" loading=\"lazy\" src=\"https:\/\/open.spotify.com\/embed\/episode\/3cBN8lszJglSW0RMihTZnf?utm_source=oembed\"><\/iframe>\n<\/div><figcaption><strong>Paddockast #63 | COMO JORDAN, QUEM MERECE DOCUMENT\u00c1RIO SOBRE O ADEUS?<\/strong><br>Ou\u00e7a tamb\u00e9m:\u00a0<a href=\"http:\/\/podcasts.apple.com\/br\/podcast\/paddockast\/id1371540198\">PODCASTS APPLE<\/a>\u00a0|\u00a0<a href=\"https:\/\/www.subscribeonandroid.com\/www.central3.com.br\/category\/podcasts\/paddockast\/feed\/podcast\/\">ANDROID<\/a>\u00a0|\u00a0<a href=\"https:\/\/player.fm\/series\/paddockast\">PLAYERFM<\/a><\/figcaption><\/figure>\n\n\n\n<p class=\"wp-block-paragraph\">Em entrevista ao site da categoria, o dirigente afirmou que consta na documenta\u00e7\u00e3o oficializada nesta ter\u00e7a que n\u00e3o haver\u00e1 paralisa\u00e7\u00e3o ou cancelamento por tal motivo: &#8220;Se uma pessoa tiver o v\u00edrus detectado, incentivamos as equipes a colocar tal membro em quarentena, por exemplo em um hotel, e substitu\u00ed-lo.&#8221;<\/p>\n\n\n\n<p class=\"wp-block-paragraph\">&#8220;S\u00e3o muitos &#8216;e se?&#8217; para analisar, n\u00e3o posso responder todos. Mas se uma equipe n\u00e3o quiser correr, n\u00e3o vamos cancelar o GP. N\u00e3o posso aguentar as consequ\u00eancias que isso traria. Vamos trabalhar para que, se houver algu\u00e9m infectado, isso n\u00e3o impe\u00e7a a continuidade da prova. Se um piloto tiver coronav\u00edrus, h\u00e1 pilotos reservas.&#8221;<\/p>\n\n\n\n<p class=\"wp-block-paragraph\">&#8220;N\u00e3o estar\u00edamos dando esse passo se n\u00e3o estiv\u00e9ssemos confiantes que temos todos os procedimentos necess\u00e1rios e habilidade para prover um ambiente seguro e controlar qualquer problema que existir&#8221;, completou Carey. <\/p>\n\n\n\n<p class=\"wp-block-paragraph\">A temporada come\u00e7ar\u00e1 com duas etapas seguidas na \u00c1ustria,&nbsp;<a href=\"https:\/\/www.grandepremio.com\/br\/f1\/noticias\/formula-1-oficializa-gp-da-estiria-e-cria-gp-do-aniversario-de-70-anos\/\"><strong>com a segunda sendo chamada de GP da Est\u00edria<\/strong><\/a>, o Estado onde fica o Red Bull Ring. Em seguida, a categoria visita a Hungria e, depois, tamb\u00e9m duas rodadas em Silverstone.<\/p>\n\n\n\n<p class=\"wp-block-paragraph\">Espanha, B\u00e9lgica e It\u00e1lia completam os oito palcos oficializados, at\u00e9 o momento, pela F1.<\/p>\n\n\n\n<figure class=\"wp-block-embed-youtube wp-block-embed is-type-video is-provider-youtube wp-embed-aspect-16-9 wp-has-aspect-ratio\"><div class=\"wp-block-embed__wrapper\">\n<iframe loading=\"lazy\" title=\"TYRRELL P34: como o CARRO DE SEIS RODAS venceu na F1\" width=\"500\" height=\"281\" src=\"https:\/\/www.youtube.com\/embed\/On0S2jCvm0U?feature=oembed\" frameborder=\"0\" allow=\"accelerometer; autoplay; clipboard-write; encrypted-media; gyroscope; picture-in-picture; web-share\" referrerpolicy=\"strict-origin-when-cross-origin\" allowfullscreen><\/iframe>\n<\/div><\/figure>\n\n\n","protected":false},"excerpt":{"rendered":"<p>Se no GP da Austr\u00e1lia que abriria a temporada o fato de que a McLaren desistiu de correr ap\u00f3s caso de coronav\u00edrus em sua equipe ser detectado foi fundamental para o cancelamento, agora ser\u00e1 diferente: Chase Carey afirmou que a F\u00f3rmula 1 realizar\u00e1 suas etapas em 2020 mesmo se algum time abandonar o aut\u00f3dromo <\/p>\n","protected":false},"author":0,"featured_media":0,"comment_status":"closed","ping_status":"closed","sticky":false,"template":"","format":"standard","meta":{"42wp_featured_image_caption":"","42wp_featured_image_credits":"","42wp_featured_video":"","42wp_featured_image_hidden":false,"42wp_authors_list":[],"footnotes":""},"categories":[2],"tags":[771,147,24837],"42wp_author":[47109],"class_list":["post-130117","post","type-post","status-publish","format-standard","hentry","category-f1","tag-chase-carey","tag-f1","tag-formula-1-2","42wp_author-redacao-gp"],"_links":{"self":[{"href":"https:\/\/grandepremio.com\/br\/wp-json\/wp\/v2\/posts\/130117","targetHints":{"allow":["GET"]}}],"collection":[{"href":"https:\/\/grandepremio.com\/br\/wp-json\/wp\/v2\/posts"}],"about":[{"href":"https:\/\/grandepremio.com\/br\/wp-json\/wp\/v2\/types\/post"}],"replies":[{"embeddable":true,"href":"https:\/\/grandepremio.com\/br\/wp-json\/wp\/v2\/comments?post=130117"}],"version-history":[{"count":0,"href":"https:\/\/grandepremio.com\/br\/wp-json\/wp\/v2\/posts\/130117\/revisions"}],"wp:attachment":[{"href":"https:\/\/grandepremio.com\/br\/wp-json\/wp\/v2\/media?parent=130117"}],"wp:term":[{"taxonomy":"category","embeddable":true,"href":"https:\/\/grandepremio.com\/br\/wp-json\/wp\/v2\/categories?post=130117"},{"taxonomy":"post_tag","embeddable":true,"href":"https:\/\/grandepremio.com\/br\/wp-json\/wp\/v2\/tags?post=130117"},{"taxonomy":"42wp_author","embeddable":true,"href":"https:\/\/grandepremio.com\/br\/wp-json\/wp\/v2\/42wp_author?post=130117"}],"curies":[{"name":"wp","href":"https:\/\/api.w.org\/{rel}","templated":true}]}}