{"id":130125,"date":"2020-06-02T13:25:52","date_gmt":"2020-06-02T16:25:52","guid":{"rendered":"https:\/\/grandepremio.com\/br\/noticias\/organizacao-do-gp-do-mexico-confirma-corrida-em-data-original-do-calendario-da-f1\/"},"modified":"2020-06-02T15:48:21","modified_gmt":"2020-06-02T18:48:21","slug":"organizacao-do-gp-do-mexico-confirma-corrida-em-data-original-do-calendario-da-f1","status":"publish","type":"post","link":"https:\/\/grandepremio.com\/br\/f1\/organizacao-do-gp-do-mexico-confirma-corrida-em-data-original-do-calendario-da-f1\/","title":{"rendered":"Organiza\u00e7\u00e3o do GP do M\u00e9xico confirma corrida em data original do calend\u00e1rio da F1"},"content":{"rendered":"\n<figure class=\"wp-block-embed-youtube wp-block-embed is-type-video is-provider-youtube wp-embed-aspect-16-9 wp-has-aspect-ratio\"><div class=\"wp-block-embed__wrapper\">\n<iframe loading=\"lazy\" title=\"A VOLTA da INDY e o novo CALEND\u00c1RIO da F1 2020 | #Paddock GP 199\" width=\"500\" height=\"281\" src=\"https:\/\/www.youtube.com\/embed\/xIycwFWPnMA?start=3465&amp;feature=oembed\" frameborder=\"0\" allow=\"accelerometer; autoplay; clipboard-write; encrypted-media; gyroscope; picture-in-picture; web-share\" referrerpolicy=\"strict-origin-when-cross-origin\" allowfullscreen><\/iframe>\n<\/div><\/figure>\n\n\n\n<p class=\"wp-block-paragraph\">Se depender da empresa respons\u00e1vel pela promo\u00e7\u00e3o e organiza\u00e7\u00e3o do GP do M\u00e9xico de F\u00f3rmula 1, a corrida vai acontecer na data prevista pelo calend\u00e1rio original da FIA (Federa\u00e7\u00e3o Internacional de Automobilismo), entre 30 de outubro e 1\u00ba de novembro. Em comunicado emitido nesta ter\u00e7a-feira (2), a Corporaci\u00f3n Interamericana de Entretenimiento ressaltou que o planejamento \u201csegue firme\u201d.<\/p>\n\n\n\n<p class=\"wp-block-paragraph\">Entretanto, a pr\u00f3pria CIE faz uma ressalva na sua nota ao dedicar um par\u00e1grafo inteiro sobre a possibilidade de corrida com port\u00f5es fechados ou mesmo cancelamento da prova. Tudo por conta das consequ\u00eancias ainda imprevis\u00edveis da pandemia do novo coronav\u00edrus no pa\u00eds.<\/p>\n\n\n\n<figure class=\"wp-block-image size-large\"><img decoding=\"async\" src=\"https:\/\/www.grandepremio.com\/br\/wp-content\/uploads\/2019\/05\/201810281958315_jm1828oc160_DMa.jpg\" alt=\"\" class=\"wp-image-367126\"\/><figcaption>A organiza\u00e7\u00e3o do GP do M\u00e9xico mant\u00e9m a data original do evento para 2020 (Foto: Racing Point)<\/figcaption><\/figure>\n\n\n\n<p class=\"wp-block-paragraph\">Segundo a companhia, \u201ca prioridade m\u00e1xima dos organizadores do GP do M\u00e9xico \u00e9 garantir o bem estar e a sa\u00fade de todos, portanto j\u00e1 est\u00e3o sendo tomadas medidas mais estritas de sanitiza\u00e7\u00e3o e seguran\u00e7a para garantir a experi\u00eancia mais segura para os espectadores no Aut\u00f3dromo Hermanos Rodr\u00edguez\u201d.<\/p>\n\n\n\n<p class=\"wp-block-paragraph\">\u201cPor isso, em conjunto com a F1, a FIA e o Governo da Cidade do M\u00e9xico, estaremos monitorando de forma muito pr\u00f3xima a situa\u00e7\u00e3o mundial\u201d, disse a empresa.<\/p>\n\n\n\n<p class=\"wp-block-paragraph\">A CIE ressalta que se \u201cpor motivos de for\u00e7a maior o evento na Cidade do M\u00e9xico for celebrado sem p\u00fablico ou se for cancelado, a decis\u00e3o vai ser comunicada por meio dos canais oficiais\u201d, indicando tamb\u00e9m os meios de devolu\u00e7\u00e3o dos ingressos, que j\u00e1 est\u00e3o \u00e0 venda.<\/p>\n\n\n\n<p class=\"wp-block-paragraph\">O GP do M\u00e9xico venceu, nos \u00faltimos cinco anos, o pr\u00eamio de \u2018Melhor Evento do Ano\u2019 pela FIA. O fim de semana no Aut\u00f3dromo Hermanos Rodr\u00edguez costuma reunir o maior p\u00fablico da F\u00f3rmula 1 na temporada, com mais de 330 mil pessoas nas arquibancadas e nos camarotes.<\/p>\n\n\n\n<p class=\"wp-block-paragraph\">O pa\u00eds latino-americano registra, segundo a \u00faltima atualiza\u00e7\u00e3o da Universidade Johns Hopkins nesta ter\u00e7a-feira, 93.435 casos positivos de coronav\u00edrus. Deste total, 10.167 pessoas perderam a vida desde o in\u00edcio da pandemia.<\/p>\n\n\n\n<figure class=\"wp-block-embed-dailymotion wp-block-embed is-type-video is-provider-dailymotion wp-embed-aspect-16-9 wp-has-aspect-ratio\"><div class=\"wp-block-embed__wrapper\">\n<iframe loading=\"lazy\" title=\"Os raros casos de pilotos brasileiros que se posicionam | GP \u00e0s 10\" frameborder=\"0\" width=\"500\" height=\"281\" src=\"https:\/\/geo.dailymotion.com\/player.html?video=x7u96c8&#038;\" allowfullscreen allow=\"autoplay; fullscreen; picture-in-picture; web-share\"><\/iframe>\n<\/div><\/figure>\n","protected":false},"excerpt":{"rendered":"<p>Premiada nos cinco \u00faltimos anos como o \u2018Melhor Evento do Ano\u2019 pela FIA, a organiza\u00e7\u00e3o do GP do M\u00e9xico de F\u00f3rmula 1 anunciou que a prova segue marcada para o per\u00edodo previsto pela entidade: entre 30 de outubro e 1\u00ba de novembro. Contudo, o comunicado fala sobre a possibilidade de corrida com port\u00f5es fechados e tamb\u00e9m sobre a chance de n\u00e3o ser realizada<\/p>\n","protected":false},"author":0,"featured_media":0,"comment_status":"closed","ping_status":"closed","sticky":false,"template":"","format":"standard","meta":{"42wp_featured_image_caption":"","42wp_featured_image_credits":"","42wp_featured_video":"","42wp_featured_image_hidden":false,"42wp_authors_list":[],"footnotes":""},"categories":[2],"tags":[224,24831,147,103,24837,24918,24836,24919,24830],"42wp_author":[47109],"class_list":["post-130125","post","type-post","status-publish","format-standard","hentry","category-f1","tag-cancelamento","tag-coronavirus-2","tag-f1","tag-fia","tag-formula-1-2","tag-gp-do-mexico-2","tag-grande-premio-2","tag-hermanos-rodriguez-2","tag-pandemia","42wp_author-redacao-gp"],"_links":{"self":[{"href":"https:\/\/grandepremio.com\/br\/wp-json\/wp\/v2\/posts\/130125","targetHints":{"allow":["GET"]}}],"collection":[{"href":"https:\/\/grandepremio.com\/br\/wp-json\/wp\/v2\/posts"}],"about":[{"href":"https:\/\/grandepremio.com\/br\/wp-json\/wp\/v2\/types\/post"}],"replies":[{"embeddable":true,"href":"https:\/\/grandepremio.com\/br\/wp-json\/wp\/v2\/comments?post=130125"}],"version-history":[{"count":0,"href":"https:\/\/grandepremio.com\/br\/wp-json\/wp\/v2\/posts\/130125\/revisions"}],"wp:attachment":[{"href":"https:\/\/grandepremio.com\/br\/wp-json\/wp\/v2\/media?parent=130125"}],"wp:term":[{"taxonomy":"category","embeddable":true,"href":"https:\/\/grandepremio.com\/br\/wp-json\/wp\/v2\/categories?post=130125"},{"taxonomy":"post_tag","embeddable":true,"href":"https:\/\/grandepremio.com\/br\/wp-json\/wp\/v2\/tags?post=130125"},{"taxonomy":"42wp_author","embeddable":true,"href":"https:\/\/grandepremio.com\/br\/wp-json\/wp\/v2\/42wp_author?post=130125"}],"curies":[{"name":"wp","href":"https:\/\/api.w.org\/{rel}","templated":true}]}}