{"id":130132,"date":"2020-06-02T09:17:26","date_gmt":"2020-06-02T12:17:26","guid":{"rendered":"https:\/\/grandepremio.com\/br\/noticias\/rossi-diz-que-quarentena-o-fez-imaginar-vida-pos-motogp-posso-curtir\/"},"modified":"2020-06-02T09:59:18","modified_gmt":"2020-06-02T12:59:18","slug":"rossi-diz-que-quarentena-o-fez-imaginar-vida-pos-motogp-posso-curtir","status":"publish","type":"post","link":"https:\/\/grandepremio.com\/br\/motogp\/rossi-diz-que-quarentena-o-fez-imaginar-vida-pos-motogp-posso-curtir\/","title":{"rendered":"Rossi diz que quarentena o fez imaginar vida p\u00f3s-MotoGP: \u201cPosso curtir\u201d"},"content":{"rendered":"\n<p class=\"wp-block-paragraph\">A quarentena provocada pela pandemia do novo coronav\u00edrus deu a Valentino Rossi a chance de imaginar a vida p\u00f3s-<strong><a href=\"https:\/\/www.grandepremio.com\/br\/motogp\">MotoGP<\/a><\/strong>. E o #46 n\u00e3o ficou incomodado com o que viu.<\/p>\n\n\n\n<p class=\"wp-block-paragraph\">Um dos pa\u00edses mais severamente atingidos pela pandemia \u2015 com 233.019 casos at\u00e9 o dia 1 de junho e 33.415 mortes \u2015, a It\u00e1lia passou dois meses e meio com os cidad\u00e3os confinados.<\/p>\n\n\n\n<figure class=\"wp-block-image size-large\"><img decoding=\"async\" src=\"https:\/\/www.grandepremio.com\/br\/wp-content\/uploads\/2019\/04\/201937132186_2019-01-GP-Qatar-00006_DMa-1.jpg\" alt=\"\" class=\"wp-image-368456\"\/><figcaption>Valentino Rossi est\u00e1 no Mundial de Motovelocidade desde 1996 (Foto: Yamaha)<\/figcaption><\/figure>\n\n\n\n<figure class=\"wp-block-embed-spotify wp-block-embed is-type-rich is-provider-spotify wp-embed-aspect-21-9 wp-has-aspect-ratio\"><div class=\"wp-block-embed__wrapper\">\n<iframe title=\"Spotify Embed: Paddockast #63\" style=\"border-radius: 12px\" width=\"100%\" height=\"152\" frameborder=\"0\" allowfullscreen allow=\"autoplay; clipboard-write; encrypted-media; fullscreen; picture-in-picture\" loading=\"lazy\" src=\"https:\/\/open.spotify.com\/embed\/episode\/3cBN8lszJglSW0RMihTZnf?utm_source=oembed\"><\/iframe>\n<\/div><figcaption><strong>Paddockast #63 | COMO JORDAN, QUEM MERECE DOCUMENT\u00c1RIO SOBRE O ADEUS?<br><\/strong>Ou\u00e7a:\u00a0<a href=\"https:\/\/open.spotify.com\/show\/5OBbp8MzxQymoyneX4IviF?si=gYqPr53GSaa-AcxFpOzJHg\">Spotify<\/a>\u00a0|\u00a0<a href=\"http:\/\/podcasts.apple.com\/br\/podcast\/paddockast\/id1371540198\">iTunes<\/a>\u00a0|\u00a0<a href=\"https:\/\/www.subscribeonandroid.com\/www.central3.com.br\/category\/podcasts\/paddockast\/feed\/podcast\/\">Android<\/a>\u00a0|\u00a0<a href=\"https:\/\/player.fm\/series\/paddockast\">playerFM<\/a><\/figcaption><\/figure>\n\n\n\n<p class=\"wp-block-paragraph\">Apesar das dificuldades do per\u00edodo, Rossi n\u00e3o saiu com uma impress\u00e3o ruim do isolamento, j\u00e1 que passou a quarentena acompanhado da m\u00e3e, Stefania Palma, e da namorada, Francesca Sofia Novello.<\/p>\n\n\n\n<p class=\"wp-block-paragraph\">\u201cTenho que ser sincero. Tive uma boa quarentena. Passei bem, porque fiquei na mina casa e relaxei com a minha m\u00e3e, a minha namorada, com os meus animais, e foi muito bom\u201d, contou Rossi em entrevista \u00e0 emissora brit\u00e2nica BT Sports. \u201cPara mim, era muito estranho, porque desde 1995 a minha vida \u00e9 rodar pelo mundo, sempre nos circuitos. No come\u00e7o, foi uma sensa\u00e7\u00e3o estranha, mas vi que gosto muito de ficar na minha casa e, especialmente, de viver sem a press\u00e3o constante dos resultados\u201d, contou.<\/p>\n\n\n\n<p class=\"wp-block-paragraph\">\u201cFoi uma boa sensa\u00e7\u00e3o. Posso imaginar um pouco a minha vida futura quando deixar de correr de moto. Ent\u00e3o acho que tamb\u00e9m posso desfrutar a vida quando me aposentar. Isso \u00e9 bom e me permite tomar a minha decis\u00e3o mais facilmente\u201d, ponderou.<\/p>\n\n\n\n<p class=\"wp-block-paragraph\">Ainda assim, Valentino reconheceu que foi dif\u00edcil passar tanto tempo longe das motos.<\/p>\n\n\n\n<p class=\"wp-block-paragraph\">\u201cAqui na It\u00e1lia a situa\u00e7\u00e3o melhorou faz umas duas semanas e, para n\u00f3s, como d\u00e1 para imaginar, a melhor parte foi poder voltar a subir na moto. Quando fomos treinar, fizemos muitos quil\u00f4metros\u201d, contou. \u201cVoltar ao Rancho foi uma boa sensa\u00e7\u00e3o. Fizemos alguns treinos de motocross na regi\u00e3o em torno de Tavullia e, h\u00e1 dois dias, tamb\u00e9m voltamos ao asfalto em Misano. Como sempre, na cabe\u00e7a de um piloto de corridas, voc\u00ea pensa que talvez n\u00e3o seja mais capaz de ser r\u00e1pido ou que perdeu algo. Mas, felizmente, n\u00e3o \u00e9 assim, porque \u00e9 uma coisa que voc\u00ea carrega dentro, \u00e9 natural. O recome\u00e7o depois de dois meses foi uma grande emo\u00e7\u00e3o, ainda que desse a impress\u00e3o de que fazia s\u00f3 cinco dias que n\u00e3o subia na moto\u201d, completou.<\/p>\n\n\n\n<p class=\"wp-block-paragraph\">Valentino ainda n\u00e3o definiu se vai seguir na MotoGP em 2021, mas <strong><a href=\"https:\/\/www.grandepremio.com\/br\/motogp\/noticias\/rossi-mira-competitividade-e-nega-que-eventual-ida-para-sic-seja-so-para-dizer-ciao\/\">j\u00e1 admitiu que a decis\u00e3o ser\u00e1 tomada antes do in\u00edcio da temporada<\/a><\/strong>. Al\u00e9m disso, <strong><a href=\"https:\/\/www.grandepremio.com\/br\/motogp\/noticias\/rossi-sinaliza-com-permanencia-em-2021-e-admite-decisao-antes-do-inicio-da-temporada\/\">o italiano deu ind\u00edcios de que pretende ficar<\/a><\/strong>. <\/p>\n\n\n\n<figure class=\"wp-block-embed-youtube wp-block-embed is-type-video is-provider-youtube wp-embed-aspect-16-9 wp-has-aspect-ratio\"><div class=\"wp-block-embed__wrapper\">\n<iframe loading=\"lazy\" title=\"A VOLTA da INDY e o novo CALEND\u00c1RIO da F1 2020 | #Paddock GP 199\" width=\"500\" height=\"281\" src=\"https:\/\/www.youtube.com\/embed\/xIycwFWPnMA?feature=oembed\" frameborder=\"0\" allow=\"accelerometer; autoplay; clipboard-write; encrypted-media; gyroscope; picture-in-picture; web-share\" referrerpolicy=\"strict-origin-when-cross-origin\" allowfullscreen><\/iframe>\n<\/div><\/figure>\n\n\n","protected":false},"excerpt":{"rendered":"<p>Valentino Rossi contou que teve uma boa quarentena em Tavullia, acompanhado pela m\u00e3e e a namorada. O #46 considerou que o per\u00edodo de isolamento mostrou que ele pode desfrutar a vida longe das motos<\/p>\n","protected":false},"author":0,"featured_media":0,"comment_status":"closed","ping_status":"closed","sticky":false,"template":"","format":"standard","meta":{"42wp_featured_image_caption":"","42wp_featured_image_credits":"","42wp_featured_video":"","42wp_featured_image_hidden":false,"42wp_authors_list":[],"footnotes":""},"categories":[8],"tags":[78,173,80,172],"42wp_author":[47109],"class_list":["post-130132","post","type-post","status-publish","format-standard","hentry","category-motogp","tag-motogp","tag-motogp-2020","tag-valentino-rossi","tag-yamaha","42wp_author-redacao-gp"],"_links":{"self":[{"href":"https:\/\/grandepremio.com\/br\/wp-json\/wp\/v2\/posts\/130132","targetHints":{"allow":["GET"]}}],"collection":[{"href":"https:\/\/grandepremio.com\/br\/wp-json\/wp\/v2\/posts"}],"about":[{"href":"https:\/\/grandepremio.com\/br\/wp-json\/wp\/v2\/types\/post"}],"replies":[{"embeddable":true,"href":"https:\/\/grandepremio.com\/br\/wp-json\/wp\/v2\/comments?post=130132"}],"version-history":[{"count":0,"href":"https:\/\/grandepremio.com\/br\/wp-json\/wp\/v2\/posts\/130132\/revisions"}],"wp:attachment":[{"href":"https:\/\/grandepremio.com\/br\/wp-json\/wp\/v2\/media?parent=130132"}],"wp:term":[{"taxonomy":"category","embeddable":true,"href":"https:\/\/grandepremio.com\/br\/wp-json\/wp\/v2\/categories?post=130132"},{"taxonomy":"post_tag","embeddable":true,"href":"https:\/\/grandepremio.com\/br\/wp-json\/wp\/v2\/tags?post=130132"},{"taxonomy":"42wp_author","embeddable":true,"href":"https:\/\/grandepremio.com\/br\/wp-json\/wp\/v2\/42wp_author?post=130132"}],"curies":[{"name":"wp","href":"https:\/\/api.w.org\/{rel}","templated":true}]}}