{"id":130154,"date":"2020-06-01T09:35:54","date_gmt":"2020-06-01T12:35:54","guid":{"rendered":"https:\/\/grandepremio.com\/br\/noticias\/chefe-red-bull-quer-vettel-mercedes-talvez-gostem-dor-cabeca\/"},"modified":"2020-06-01T13:37:25","modified_gmt":"2020-06-01T16:37:25","slug":"chefe-red-bull-quer-vettel-mercedes-talvez-gostem-dor-cabeca","status":"publish","type":"post","link":"https:\/\/grandepremio.com\/br\/f1\/chefe-red-bull-quer-vettel-mercedes-talvez-gostem-dor-cabeca\/","title":{"rendered":"Chefe da Red Bull quer Vettel na Mercedes: &#8220;Talvez gostem da dor de cabe\u00e7a&#8221;"},"content":{"rendered":"\n<figure class=\"wp-block-embed-dailymotion wp-block-embed is-type-video is-provider-dailymotion wp-embed-aspect-16-9 wp-has-aspect-ratio\"><div class=\"wp-block-embed__wrapper\">\n<iframe loading=\"lazy\" title=\"Os 5 MELHORES PILOTOS que NUNCA CORRERAM NA F1 | GP \u00e0s 10\" frameborder=\"0\" width=\"500\" height=\"281\" src=\"https:\/\/geo.dailymotion.com\/player.html?video=x7u6n5l&#038;\" allowfullscreen allow=\"autoplay; fullscreen; picture-in-picture; web-share\"><\/iframe>\n<\/div><\/figure>\n\n\n\n<p class=\"wp-block-paragraph\">O futuro de<span class=\"has-inline-color has-vivid-red-color\"> <strong><a href=\"https:\/\/www.grandepremio.com\/br\/f1\/noticias\/hamilton-vettel-e-ricciardo-figuram-em-top-100-dos-atletas-mais-bem-pagos-do-mundo\/\">Sebastian Vettel<\/a><\/strong> <\/span>na <a href=\"https:\/\/www.grandepremio.com\/br\/f1\/\"><strong><span class=\"has-inline-color has-vivid-red-color\">F\u00f3rmula 1<\/span><\/strong><\/a> \u00e9 uma das grandes hist\u00f3rias da temporada 2020. O alem\u00e3o tetracampe\u00e3o n\u00e3o renovou o v\u00ednculo com a Ferrari e n\u00e3o sabe onde vai correr em 2021.<\/p>\n\n\n\n<p class=\"wp-block-paragraph\">Para Christian Horner, chefe da Red Bull que ajudou Sebastian a conquistar os t\u00edtulos mundiais entre 2010 e 2013, existe a chance do alem\u00e3o pilotar a Mercedes ao lado do hexacampe\u00e3o Lewis Hamilton.<\/p>\n\n\n\n<figure class=\"wp-block-image size-large\"><img decoding=\"async\" src=\"https:\/\/www.grandepremio.com\/br\/wp-content\/uploads\/2019\/10\/201910251827500_beto0150_DMa.jpg\" alt=\"\" class=\"wp-image-376012\"\/><figcaption>Sebastian Vettel correu na Red Bull entre 2009 e 2014 (Foto: Reprodu\u00e7\u00e3o)<\/figcaption><\/figure>\n\n\n\n<p class=\"wp-block-paragraph\">&#8220;Acho ele bem novo. Ainda est\u00e1 no in\u00edcio dos 30 e \u00e9 fenomenalmente r\u00e1pido. Talvez a Mercedes goste da dor de cabe\u00e7a de ter ele e Lewis juntos. Seria \u00f3timo para todos n\u00f3s presenciar isso&#8221;, declarou o mandat\u00e1rio em entrevista ao programa \u2018F1 Unscripted\u2019.<\/p>\n\n\n\n<p class=\"wp-block-paragraph\">Apesar do desejo de ver Vettel vestindo prata, Horner admitiu que existe a chance do tetracampe\u00e3o aposentar ao fim da temporada.<\/p>\n\n\n\n<p class=\"wp-block-paragraph\">&#8220;Do ponto de vista de um time, seria muito para aguentar, mas ele \u00e9 um grande piloto e como disse, j\u00e1 pensou muito sobre. Tudo o que posso fazer \u00e9 desejar o melhor para ele. Acho que a F\u00f3rmula 1 ser\u00e1 pior com ele fora, mas temos que respeitar a decis\u00e3o&#8221;, completou.<\/p>\n\n\n\n<figure class=\"wp-block-embed-youtube wp-block-embed is-type-video is-provider-youtube wp-embed-aspect-16-9 wp-has-aspect-ratio\"><div class=\"wp-block-embed__wrapper\">\n<iframe loading=\"lazy\" title=\"TYRRELL P34: como o CARRO DE SEIS RODAS venceu na F1\" width=\"500\" height=\"281\" src=\"https:\/\/www.youtube.com\/embed\/On0S2jCvm0U?feature=oembed\" frameborder=\"0\" allow=\"accelerometer; autoplay; clipboard-write; encrypted-media; gyroscope; picture-in-picture; web-share\" referrerpolicy=\"strict-origin-when-cross-origin\" allowfullscreen><\/iframe>\n<\/div><\/figure>\n\n\n\n<figure class=\"wp-block-embed-spotify wp-block-embed is-type-rich is-provider-spotify wp-embed-aspect-21-9 wp-has-aspect-ratio\"><div class=\"wp-block-embed__wrapper\">\n<iframe title=\"Spotify Embed: Paddockast #63\" style=\"border-radius: 12px\" width=\"100%\" height=\"152\" frameborder=\"0\" allowfullscreen allow=\"autoplay; clipboard-write; encrypted-media; fullscreen; picture-in-picture\" loading=\"lazy\" src=\"https:\/\/open.spotify.com\/embed\/episode\/3cBN8lszJglSW0RMihTZnf?si=vITSdW2LQxm4Zpt7hZGTSA&amp;utm_source=oembed\"><\/iframe>\n<\/div><figcaption><strong>Paddockast #63 | COMO JORDAN, QUEM MERECE DOCUMENT\u00c1RIO SOBRE O ADEUS?<\/strong><br>Ou\u00e7a tamb\u00e9m:\u00a0<a href=\"http:\/\/podcasts.apple.com\/br\/podcast\/paddockast\/id1371540198\">PODCASTS APPLE<\/a>\u00a0|\u00a0<a href=\"https:\/\/www.subscribeonandroid.com\/www.central3.com.br\/category\/podcasts\/paddockast\/feed\/podcast\/\">ANDROID<\/a>\u00a0|\u00a0<a href=\"https:\/\/player.fm\/series\/paddockast\">PLAYERFM<\/a><\/figcaption><\/figure>\n\n\n\n<p class=\"wp-block-paragraph\"><\/p>\n","protected":false},"excerpt":{"rendered":"<p>Em entrevista ao programa &#8216;F1 Unscripted&#8217;, Christian Horner deu o ponto de vista sobre o futuro de Sebastian Vettel. Juntos, conquistaram quatro t\u00edtulos na F\u00f3rmula 1<\/p>\n","protected":false},"author":0,"featured_media":0,"comment_status":"closed","ping_status":"closed","sticky":false,"template":"","format":"standard","meta":{"42wp_featured_image_caption":"","42wp_featured_image_credits":"","42wp_featured_video":"","42wp_featured_image_hidden":false,"42wp_authors_list":[],"footnotes":""},"categories":[2],"tags":[655,147,118,207,24837,24860,82,210],"42wp_author":[47109],"class_list":["post-130154","post","type-post","status-publish","format-standard","hentry","category-f1","tag-christian-horner","tag-f1","tag-f1-2020","tag-ferrari","tag-formula-1-2","tag-formula-1-2020-2","tag-mercedes","tag-sebastian-vettel","42wp_author-redacao-gp"],"_links":{"self":[{"href":"https:\/\/grandepremio.com\/br\/wp-json\/wp\/v2\/posts\/130154","targetHints":{"allow":["GET"]}}],"collection":[{"href":"https:\/\/grandepremio.com\/br\/wp-json\/wp\/v2\/posts"}],"about":[{"href":"https:\/\/grandepremio.com\/br\/wp-json\/wp\/v2\/types\/post"}],"replies":[{"embeddable":true,"href":"https:\/\/grandepremio.com\/br\/wp-json\/wp\/v2\/comments?post=130154"}],"version-history":[{"count":0,"href":"https:\/\/grandepremio.com\/br\/wp-json\/wp\/v2\/posts\/130154\/revisions"}],"wp:attachment":[{"href":"https:\/\/grandepremio.com\/br\/wp-json\/wp\/v2\/media?parent=130154"}],"wp:term":[{"taxonomy":"category","embeddable":true,"href":"https:\/\/grandepremio.com\/br\/wp-json\/wp\/v2\/categories?post=130154"},{"taxonomy":"post_tag","embeddable":true,"href":"https:\/\/grandepremio.com\/br\/wp-json\/wp\/v2\/tags?post=130154"},{"taxonomy":"42wp_author","embeddable":true,"href":"https:\/\/grandepremio.com\/br\/wp-json\/wp\/v2\/42wp_author?post=130154"}],"curies":[{"name":"wp","href":"https:\/\/api.w.org\/{rel}","templated":true}]}}