{"id":130171,"date":"2020-05-30T06:00:00","date_gmt":"2020-05-30T09:00:00","guid":{"rendered":"https:\/\/grandepremio.com\/br\/noticias\/na-garagem-webber-e-vettel-batem-na-turquia-e-acirram-rivalidade-na-red-bull\/"},"modified":"2020-05-31T20:08:13","modified_gmt":"2020-05-31T23:08:13","slug":"na-garagem-webber-e-vettel-batem-na-turquia-e-acirram-rivalidade-na-red-bull","status":"publish","type":"post","link":"https:\/\/grandepremio.com\/br\/f1\/na-garagem-webber-e-vettel-batem-na-turquia-e-acirram-rivalidade-na-red-bull\/","title":{"rendered":"Na Garagem: Webber e Vettel batem na Turquia e acirram rivalidade na Red Bull"},"content":{"rendered":"\n<div>\n\tN&atilde;o &eacute; nenhuma novidade que a rela&ccedil;&atilde;o de Sebastian Vettel e Mark Webber quando companheiros de equipe n&atilde;o era das mais amig&aacute;veis. Entretanto, no dia 30 de maio de 2010, h&aacute; dez anos, a dupla da Red Bull deixou a inimizade clara com o pol&ecirc;mico acidente no GP da Turquia.<br \/>\n\t&nbsp;<\/div>\n<div>\n\tNaquele final de semana, os colegas da equipe das bebidas energ&eacute;ticas chegaram como l&iacute;der e vice-l&iacute;der da classifica&ccedil;&atilde;o. Quem estava na ponta da tabela era o australiano, com o jovem alem&atilde;o logo em seguida empatado no n&uacute;mero de pontos &ndash; 78.<br \/>\n\t&nbsp;<\/div>\n<div>\n\tMark chegou em alta em Istambul, s&eacute;tima etapa do calend&aacute;rio daquela temporada. Nas duas &uacute;ltimas corridas, na Espanha e M&ocirc;naco, brilhou de forma dominante, conseguindo as respectivas pole-positions e vit&oacute;rias.<br \/>\n\t<br \/>\n\tNo circuito turco, a Ferrari tinha hist&oacute;rico bastante positivo, vencendo tr&ecirc;s das &uacute;ltimas cinco provas. Inclusive, Fernando Alonso chegou a admitir que se sentiria surpreso caso as Red Bull n&atilde;o ficassem atr&aacute;s dele. A etapa ainda marcou diversas mudan&ccedil;as nos carros, com Vettel apresentando chassi revisado, enquanto a McLaren testou uma vers&atilde;o de seu duto frontal.<\/div>\n<div>\n<div class=\"imagem-noticia\">\n\t\t<img decoding=\"async\" src=\"https:\/\/www.grandepremio.com\/br\/wp-content\/uploads\/2020\/05\/2020521131342_ELnsP4KXsAEOEv3_II.jpg\" title=\"Webber liderava a corrida depois de ter sa\u00eddo da pole (Foto: Reprodu\u00e7\u00e3o)\" \/><\/div>\n<div class=\"legenda-imagem\">\n\t\t#iconeimagem Webber liderava a corrida depois de ter sa&iacute;do da pole (Foto: Reprodu&ccedil;&atilde;o)<\/div>\n<div>\n<div>\n\t\t\tNa classifica&ccedil;&atilde;o, Mark garantiu sua terceira pole consecutiva ao marcar 1min26s295. Ao seu lado sa&iacute;a Hamilton, com Sebastian e Jeson logo atr&aacute;s, fazendo as duas primeiras filas apenas de Red Bull e McLaren. Entre os brasileiros, Felipe Massa era o oitavo, com Rubens Barrichello em 15&ordm;. Bruno Senna e Lucas Di Grassi eram 22&ordm; e 23&ordm;, respectivamente<\/div>\n<div>\n\t\t\t<\/p>\n<div>\n\t\t\t\tAssim que foi autorizada a largada, o australiano conseguiu manter a ponta sem grandes problemas, enquanto o companheiro alem&atilde;o deu o bote em cima do advers&aacute;rio ingl&ecirc;s e pulou para o segundo posto. Entretanto, aguentou por apenas duas curvas antes de tomar o troco e cair para a terceira posi&ccedil;&atilde;o.<br \/>\n\t\t\t\t&nbsp;<\/div>\n<div>\n\t\t\t\tButton tamb&eacute;m perdeu a posi&ccedil;&atilde;o para Michael Schumacher. Mas o brit&acirc;nico retomou a coloca&ccedil;&atilde;o do alem&atilde;o pouco depois, ainda na primeira volta, fazendo ultrapassagem por dentro, na freada da curva 13.<br \/>\n\t\t\t\t&nbsp;<\/div>\n<div>\n\t\t\t\tNa disputa pela ponta do pelot&atilde;o, o titular da Red Bull era constantemente pressionado pelo rival da McLaren nas retas, mas conseguia certo respiro nas curvas. Entretanto, na primeira parada nos boxes o cen&aacute;rio da corrida mudou, com Hamilton perdendo o segundo posto para Vettel, j&aacute; que a equipe inglesa se enrolou com um dos pneus do agora cinco vezes campe&atilde;o.<\/div>\n<div>\n\t\t\t\t&nbsp;<\/div><\/p><\/div>\n<div>\n<div class=\"imagem-noticia\">\n\t\t\t\t<img decoding=\"async\" src=\"https:\/\/www.grandepremio.com\/br\/wp-content\/uploads\/2020\/05\/2020521131795_EVL0wPVXgAADehu_II.jpg\" title=\"O acidente entre Vettel e Webber (Foto: Reprodu\u00e7\u00e3o)\" \/><\/div>\n<div class=\"legenda-imagem\">\n\t\t\t\t#iconeimagem O acidente entre Vettel e Webber deixou caminho livre para as McLarens (Foto: Reprodu&ccedil;&atilde;o)<\/div><\/p><\/div>\n<div>\n\t\t\tA partir de ent&atilde;o, a equipe taurina vinha com 1-2, enquanto as duas McLarens vinham na sequ&ecirc;ncia. A chuva come&ccedil;ava a amea&ccedil;ar a prova e ent&atilde;o, na volta 38, Sebastian decidiu atacar o companheiro Mark. Foi quando as coisas mudariam definitivamente.<br \/>\n\t\t\t&nbsp;<\/div>\n<div>\n\t\t\tAp&oacute;s pressionar por duas voltas, Vettel tentou a ultrapassagem no fim do 40&ordm; giro, na reta antes da curva 12. Webber defendeu e fechou a porta, mas o alem&atilde;o acabou virando para dentro, causando a colis&atilde;o. Quem se deu bem com a confus&atilde;o foram Hamilton e Button, que herdaram a dobradinha da ponta.<br \/>\n\t\t\t&nbsp;<\/div>\n<div>\n\t\t\tComo consequ&ecirc;ncia do acidente, o agora tetracampe&atilde;o precisou abandonar, enquanto o australiano teve sua asa dianteira danificada. Com isso, fez parada extra nos boxes, mas conseguiu voltar com boa velocidade para a pista. Pouco depois, na volta 49, Lewis e Jenson chegaram a disputar e Button tentou uma ultrapassagem no mesmo ponto da colis&atilde;o, mas Hamilton seguiu com a ponta.<br \/>\n\t\t\t&nbsp;<\/div>\n<div>\n\t\t\tCom bandeira quadriculada, Lewis garantiu a vit&oacute;ria, com Button completando a dobradinha da McLaren. Webber ainda conseguiu beliscar o degrau mais baixo do p&oacute;dio, cruzando a linha de chegada 24s atr&aacute;s do vencedor. Schumacher e Nico Rosberg completaram o top-5 daquele dia.<\/div>\n<div>\n<div class=\"imagem-noticia\">\n\t\t\t\t<img decoding=\"async\" src=\"https:\/\/www.grandepremio.com\/br\/wp-content\/uploads\/2020\/05\/2020521131201_ELnsR27W4AEcxDr_II.jpg\" title=\"O p\u00f3dio daquela prova (Foto: Reprodu\u00e7\u00e3o)\" \/><\/div>\n<div class=\"legenda-imagem\">\n\t\t\t\t#iconeimagem O p&oacute;dio daquela prova (Foto: Reprodu&ccedil;&atilde;o)<\/div><\/p><\/div>\n<p>\t\tDepois da corrida, os &acirc;nimos estaval exaltados. &ldquo;Seb tinha uma vantagem em velocidade m&aacute;xima e foi por dentro. Est&aacute;vamos lado a lado, ent&atilde;o parece que virou rapidamente para a direita e fizemos contato. Definitivamente aconteceu rapidamente. &Eacute; uma pena para a equipe, n&atilde;o foi um dia ideal&rdquo;, disse Webber.<br \/>\n\t\t&nbsp;<\/div>\n<div>\n\t\t&ldquo;As McLaren estavam bastante s&oacute;lidas hoje. Foi uma boa corrida entre os quatro da ponta at&eacute; aquele momento&rdquo;, completou.<br \/>\n\t\t&nbsp;<\/div>\n<div>\n\t\tVettel tamb&eacute;m chegou a expressar seus sentimentos. &ldquo;N&atilde;o estou no melhor dos humores. Se olhar a imagem, estava claro que estava por dentro. Estava na frente e apenas me focando no ponto de freada e, honestamente, pode ver que tocamos e ele tocou minha roda traseira direita e escapei.&rdquo;<br \/>\n\t\t&nbsp;<\/div>\n<div>\n\t\t&ldquo;N&atilde;o houve briga. &Eacute; algo que acontece. N&atilde;o precisamos disso, mas n&atilde;o h&aacute; algo que podemos fazer agora. Estava um pouco mais veloz do que Mark por duas voltas. Estava o alcan&ccedil;ando e pensei que poderia peg&aacute;-lo na reta oposta. N&atilde;o foi o melhor cen&aacute;rio&rdquo;, emendou.<\/div>\n<\/div>\n<div class=\"embed-responsive embed-responsive-16by9\">\n\t<\/p>\n<table bgcolor=\"#E6E6E6\" border=\"0\" cellpadding=\"1\" cellspacing=\"1\" style=\"width: 100%\">\n<tbody>\n<tr>\n<td>\n<div>\n\t\t\t\t\t\t<b><span style=\"color:#FF0040\">Apoie o <strong> GRANDE PR&Ecirc;MIO<\/strong><\/span><\/b><span style=\"color:#FF0040\">: garanta o futuro do nosso jornalismo <\/span><br \/>\n\t\t\t\t\t\t<br \/>\n\t\t\t\t\t\tO<strong> GRANDE PR&Ecirc;MIO <\/strong>&eacute; a maior m&iacute;dia digital de esporte a motor do Brasil, na Am&eacute;rica Latina e em L&iacute;ngua Portuguesa, editorialmente independente. Nossa grande equipe produz conte&uacute;do di&aacute;rio e pensa em inova&ccedil;&otilde;es constantemente, e n&atilde;o s&oacute; na internet: uma das nossas atua&ccedil;&otilde;es est&aacute; na realiza&ccedil;&atilde;o de eventos, como a Copa GP de Kart. Assim, seu apoio &eacute; sempre importante.<br \/>\n\t\t\t\t\t\t<br \/>\n\t\t\t\t\t\t<a href=\"https:\/\/grandepremium.grandepremio.com\/br\/assine\" target=\"_blank\" rel=\"noopener noreferrer\">Assine o GRANDE PREMIUM<\/a>: veja os planos e o que oferecem, tenha &agrave; disposi&ccedil;&atilde;o uma s&eacute;rie de benef&iacute;cios e experi&ecirc;ncias exclusivas, e fa&ccedil;a parte de um grupo especial, a Scuderia GP, com debate em alto n&iacute;vel.<\/div>\n<\/td>\n<\/tr>\n<\/tbody>\n<\/table>\n<\/div>\n<p><\/p>\n","protected":false},"excerpt":{"rendered":"<p>A corrida de 2010 em Istambul foi bastante marcante para a Red Bull. Ali, quando disputavam a vit&oacute;ria, a dupla da equipe energ&eacute;tica acabou se batendo e perdendo o degrau mais alto do p&oacute;dio<\/p>\n","protected":false},"author":0,"featured_media":0,"comment_status":"closed","ping_status":"closed","sticky":false,"template":"","format":"standard","meta":{"42wp_featured_image_caption":"","42wp_featured_image_credits":"","42wp_featured_video":"","42wp_featured_image_hidden":false,"42wp_authors_list":[],"footnotes":""},"categories":[2],"tags":[85,147,3430,24888,15288,219,15287,2913,794,210],"42wp_author":[47123],"class_list":["post-130171","post","type-post","status-publish","format-standard","hentry","category-f1","tag-frmula-1","tag-f1","tag-f1-2010","tag-gp-da-austria-2","tag-gp-da-turquia","tag-grande-prmio","tag-istambul","tag-mark-webber","tag-na-garagem","tag-sebastian-vettel","42wp_author-nathalia-de-vivo"],"_links":{"self":[{"href":"https:\/\/grandepremio.com\/br\/wp-json\/wp\/v2\/posts\/130171","targetHints":{"allow":["GET"]}}],"collection":[{"href":"https:\/\/grandepremio.com\/br\/wp-json\/wp\/v2\/posts"}],"about":[{"href":"https:\/\/grandepremio.com\/br\/wp-json\/wp\/v2\/types\/post"}],"replies":[{"embeddable":true,"href":"https:\/\/grandepremio.com\/br\/wp-json\/wp\/v2\/comments?post=130171"}],"version-history":[{"count":0,"href":"https:\/\/grandepremio.com\/br\/wp-json\/wp\/v2\/posts\/130171\/revisions"}],"wp:attachment":[{"href":"https:\/\/grandepremio.com\/br\/wp-json\/wp\/v2\/media?parent=130171"}],"wp:term":[{"taxonomy":"category","embeddable":true,"href":"https:\/\/grandepremio.com\/br\/wp-json\/wp\/v2\/categories?post=130171"},{"taxonomy":"post_tag","embeddable":true,"href":"https:\/\/grandepremio.com\/br\/wp-json\/wp\/v2\/tags?post=130171"},{"taxonomy":"42wp_author","embeddable":true,"href":"https:\/\/grandepremio.com\/br\/wp-json\/wp\/v2\/42wp_author?post=130171"}],"curies":[{"name":"wp","href":"https:\/\/api.w.org\/{rel}","templated":true}]}}