{"id":130176,"date":"2020-05-29T14:17:27","date_gmt":"2020-05-29T17:17:27","guid":{"rendered":"https:\/\/grandepremio.com\/br\/noticias\/foto-raikkonen-e-presenteado-pela-ferrari-com-carro-de-ultima-vitoria-na-f1\/"},"modified":"2020-05-29T19:45:48","modified_gmt":"2020-05-29T22:45:48","slug":"foto-raikkonen-e-presenteado-pela-ferrari-com-carro-de-ultima-vitoria-na-f1","status":"publish","type":"post","link":"https:\/\/grandepremio.com\/br\/f1\/foto-raikkonen-e-presenteado-pela-ferrari-com-carro-de-ultima-vitoria-na-f1\/","title":{"rendered":"FOTO: R\u00e4ikk\u00f6nen \u00e9 presenteado pela Ferrari com carro de \u00faltima vit\u00f3ria na F1"},"content":{"rendered":"\n<p class=\"wp-block-paragraph\">As f\u00e9rias for\u00e7adas de Kimi R\u00e4ikk\u00f6nen ganharam um cap\u00edtulo simb\u00f3lico nesta sexta-feira (29). O finland\u00eas de 40 anos recebeu de presente da Ferrari a SF71H com a qual conquistou sua \u00faltima vit\u00f3ria na F1: o GP dos Estados Unidos de 2018. O pr\u00f3prio piloto fez quest\u00e3o de publicar as imagens do recebido nos stories da sua conta no Instagram.<\/p>\n\n\n\n<p class=\"wp-block-paragraph\">A vit\u00f3ria em Austin foi marcante para R\u00e4ikk\u00f6nen por v\u00e1rios aspectos. Primeiro, porque foi no Texas que o finland\u00eas quebrou um jejum de mais de cinco anos e voltou a triunfar na F1 ap\u00f3s 2.044 dias e 11 corridas, desde o GP da Austr\u00e1lia de 2013, quando o \u2018Homem de Gelo\u2019 venceu pela Lotus \u2014 antecessora da Renault.<\/p>\n\n\n\n<figure class=\"wp-block-image size-large\"><img decoding=\"async\" src=\"https:\/\/www.grandepremio.com\/br\/wp-content\/uploads\/2020\/05\/KimiInsta1-583x1024.jpg\" alt=\"Kimi R\u00e4ikk\u00f6nen recebe Ferrari da sua \u00faltima vit\u00f3ria na F1\" class=\"wp-image-376837\"\/><figcaption>Kimi R\u00e4ikk\u00f6nen recebe o carro da sua \u00faltima vit\u00f3ria (Foto: Kimi R\u00e4ikk\u00f6nen\/Instagram)<\/figcaption><\/figure>\n\n\n\n<p class=\"wp-block-paragraph\">Tamb\u00e9m foi a primeira vit\u00f3ria em quase dez anos, desde o GP da B\u00e9lgica de 2009, que R\u00e4ikk\u00f6nen triunfou pela Ferrari. Naquela oportunidade, em Spa, o finland\u00eas estava perto de concluir seu primeiro ciclo na F1 para se aposentar meses depois. Foi s\u00f3 em 2012 que Kimi regressou ao grid do Mundial pela chamada \u2018Lotus preta\u2019.<\/p>\n\n\n\n<p class=\"wp-block-paragraph\">\u00daltimo piloto a ser campe\u00e3o do mundo pela Ferrari, em 2007, R\u00e4ikk\u00f6nen tem uma carreira de 315 GPs disputados (segundo na estat\u00edstica, s\u00f3 atr\u00e1s dos 323 GPs de Rubens Barrichello), 21 vit\u00f3rias, 18 poles e 46 voltas mais r\u00e1pidas, al\u00e9m de 103 p\u00f3dios. Aos 40 anos, o veterano est\u00e1 prestes a come\u00e7ar sua segunda temporada como piloto da Alfa Romeo.<\/p>\n\n\n\n<p class=\"wp-block-paragraph\">Enquanto aguarda a chance de voltar a acelerar seu carro de F1, algo que n\u00e3o acontece desde o fim dos testes de inverno, em Barcelona, R\u00e4ikk\u00f6nen passa seus dias com a fam\u00edlia e mant\u00e9m a forma no kart, em cliques quase sempre exibidos na rede social. Agora, Kimi tem mais um \u2018brinquedo\u2019, que se junta \u00e0 cole\u00e7\u00e3o de motos de trilha que ostenta na sua garagem.<\/p>\n\n\n\n<figure class=\"wp-block-embed-youtube wp-block-embed is-type-video is-provider-youtube wp-embed-aspect-16-9 wp-has-aspect-ratio\"><div class=\"wp-block-embed__wrapper\">\n<iframe loading=\"lazy\" title=\"Os 5 MELHORES PILOTOS que NUNCA CORRERAM NA F1 | GP \u00e0s 10\" width=\"500\" height=\"281\" src=\"https:\/\/www.youtube.com\/embed\/iW0h_xiAuG0?feature=oembed\" frameborder=\"0\" allow=\"accelerometer; autoplay; clipboard-write; encrypted-media; gyroscope; picture-in-picture; web-share\" referrerpolicy=\"strict-origin-when-cross-origin\" allowfullscreen><\/iframe>\n<\/div><\/figure>\n\n\n\n\n","protected":false},"excerpt":{"rendered":"<p>\u00daltimo piloto campe\u00e3o mundial de F1 pela Ferrari, Kimi R\u00e4ikk\u00f6nen come\u00e7ou a sexta-feira com um belo presente. O finland\u00eas recebeu como encomenda o carro com o qual conquistou a vit\u00f3ria no GP dos Estados Unidos de 2018, seu \u00faltimo triunfo pela escuderia italiana<\/p>\n","protected":false},"author":0,"featured_media":1000132099,"comment_status":"closed","ping_status":"closed","sticky":false,"template":"","format":"standard","meta":{"42wp_featured_image_caption":"","42wp_featured_image_credits":"","42wp_featured_video":"","42wp_featured_image_hidden":false,"42wp_authors_list":[],"footnotes":""},"categories":[2],"tags":[207,2318,24836,24834,24833],"42wp_author":[47109],"class_list":["post-130176","post","type-post","status-publish","format-standard","has-post-thumbnail","hentry","category-f1","tag-ferrari","tag-gp-dos-eua","tag-grande-premio-2","tag-kimi-raikkonen-2","tag-vitoria-2","42wp_author-redacao-gp"],"_links":{"self":[{"href":"https:\/\/grandepremio.com\/br\/wp-json\/wp\/v2\/posts\/130176","targetHints":{"allow":["GET"]}}],"collection":[{"href":"https:\/\/grandepremio.com\/br\/wp-json\/wp\/v2\/posts"}],"about":[{"href":"https:\/\/grandepremio.com\/br\/wp-json\/wp\/v2\/types\/post"}],"replies":[{"embeddable":true,"href":"https:\/\/grandepremio.com\/br\/wp-json\/wp\/v2\/comments?post=130176"}],"version-history":[{"count":0,"href":"https:\/\/grandepremio.com\/br\/wp-json\/wp\/v2\/posts\/130176\/revisions"}],"wp:featuredmedia":[{"embeddable":true,"href":"https:\/\/grandepremio.com\/br\/wp-json\/wp\/v2\/media\/1000132099"}],"wp:attachment":[{"href":"https:\/\/grandepremio.com\/br\/wp-json\/wp\/v2\/media?parent=130176"}],"wp:term":[{"taxonomy":"category","embeddable":true,"href":"https:\/\/grandepremio.com\/br\/wp-json\/wp\/v2\/categories?post=130176"},{"taxonomy":"post_tag","embeddable":true,"href":"https:\/\/grandepremio.com\/br\/wp-json\/wp\/v2\/tags?post=130176"},{"taxonomy":"42wp_author","embeddable":true,"href":"https:\/\/grandepremio.com\/br\/wp-json\/wp\/v2\/42wp_author?post=130176"}],"curies":[{"name":"wp","href":"https:\/\/api.w.org\/{rel}","templated":true}]}}