{"id":130232,"date":"2020-05-26T08:23:00","date_gmt":"2020-05-26T11:23:00","guid":{"rendered":"https:\/\/grandepremio.com\/br\/noticias\/audi-suspende-contrato-de-abt-apos-usar-duble-em-ep-virtual\/"},"modified":"2020-05-29T08:13:45","modified_gmt":"2020-05-29T11:13:45","slug":"audi-suspende-contrato-de-abt-apos-usar-duble-em-ep-virtual","status":"publish","type":"post","link":"https:\/\/grandepremio.com\/br\/formula-e\/audi-suspende-contrato-de-abt-apos-usar-duble-em-ep-virtual\/","title":{"rendered":"Audi suspende contrato de Abt ap\u00f3s usar &#8216;dubl\u00ea&#8217; em eP virtual"},"content":{"rendered":"\n<div>\n\tA Audi anunciou, nesta ter&ccedil;a-feira (26), a suspens&atilde;o do contrato do piloto alem&atilde;o Daniel Abt <a href=\"https:\/\/www.grandepremio.com\/br\/formula-e\/noticias\/fe-desclassifica-e-multa-abt-por-usar-impostor-em-ep-virtual\"><strong>ap&oacute;s o esc&acirc;ndalo do &uacute;ltimo s&aacute;bado durante uma corrida virtual da F&oacute;rmula E.<\/strong><\/a><\/div>\n<div>\n\t&nbsp;<\/div>\n<div>\n\tO piloto alem&atilde;o chamou um profissional de eSports para ocupar o seu lugar e utilizar o seu nome durante o Race at Home Challenge, em Berlim. A farsa foi descoberta, Abt foi desclassificado da prova e multado em R$ 60 mil. Lorenz Hoerzing, o &ldquo;impostor&rdquo;, foi banido de todas as atividades virtuais promovidas pela F&oacute;rmula E.<\/div>\n<div>\n\t&nbsp;<\/div>\n<div>\n\t&ldquo;Daniel Abt n&atilde;o pilotou seu carro na classifica&ccedil;&atilde;o e na corrida do quinto evento do Race at Home Challenge, em 23 de maio, chamando um piloto profissional de simulador para isso. Ele se desculpou no dia seguinte e aceitou a desclassifica&ccedil;&atilde;o. Ser &iacute;ntegro, transparente e consistente de acordo com as regras s&atilde;o as maiores prioridades da Audi. Isso vale para todas atividades envolvendo a marca, sem exce&ccedil;&atilde;o. Por esse motivo, a Audi Sport decidiu suspender Daniel Abt com efeito imediato&rdquo;, declarou a Audi em nota oficial.<\/div>\n<div>\n<div class=\"imagem-noticia\">\n\t\t<img decoding=\"async\" src=\"https:\/\/www.grandepremio.com\/br\/wp-content\/uploads\/2020\/05\/2020524736742_Screenshot-38_O-1.png\" title=\"Daniel Abt n\u00e3o mostrou o rosto e foi acusado de chamar outra pessoa para pilotar (Foto: Reprodu\u00e7\u00e3o)\" \/><\/div>\n<div class=\"legenda-imagem\">\n\t\t#iconeimagem Daniel Abt, no &uacute;ltimo quadro da segunda fileira, tenta esconder o rosto durante a farsa (Foto: Reprodu&ccedil;&atilde;o)<\/div>\n<\/div>\n<div>\n\tAbt &eacute; uma figura carimbada da F&oacute;rmula E desde a funda&ccedil;&atilde;o, em 2014. O piloto participou de todas as 63 corridas da categoria at&eacute; aqui, registrando duas vit&oacute;rias na temporada 2017\/18, na Cidade do M&eacute;xico e em Berlim.<\/div>\n<div>\n\t&nbsp;<\/div>\n<div>\n\tO desempenho na temporada 2019\/20 n&atilde;o era dos mais chamativos. Ele pontuou apenas uma vez, na corrida 2 em Ad Diriyah, <a href=\"https:\/\/www.grandepremio.com\/br\/formula-e\/classificacao-do-campeonato-20\">e ocupa a 17&ordf; coloca&ccedil;&atilde;o na classifica&ccedil;&atilde;o<\/a>, muito atr&aacute;s do companheiro Lucas Di Grassi.<\/div>\n<div>\n\t&nbsp;<\/div>\n<div>\n\tSegundo o site &#039;The-Race.com&#039;, o contrato do piloto expira em julho e n&atilde;o deve ser renovado ap&oacute;s o esc&acirc;ndalo.<\/div>\n<div>\n\t&nbsp;<\/div>\n<div class=\"embed-responsive embed-responsive-16by9\">\n\t<\/div>\n<p><\/p>\n<table bgcolor=\"#E6E6E6\" border=\"0\" cellpadding=\"1\" cellspacing=\"1\" style=\"width: 100%\">\n<tbody>\n<tr>\n<td>\n<div>\n\t\t\t\t\t<b><span style=\"color:#FF0040\">Apoie o <strong> GRANDE PR&Ecirc;MIO<\/strong><\/span><\/b><span style=\"color:#FF0040\">: garanta o futuro do nosso jornalismo <\/span><br \/>\n\t\t\t\t\t<br \/>\n\t\t\t\t\tO<strong> GRANDE PR&Ecirc;MIO <\/strong>&eacute; a maior m&iacute;dia digital de esporte a motor do Brasil, na Am&eacute;rica Latina e em L&iacute;ngua Portuguesa, editorialmente independente. Nossa grande equipe produz conte&uacute;do di&aacute;rio e pensa em inova&ccedil;&otilde;es constantemente, e n&atilde;o s&oacute; na internet: uma das nossas atua&ccedil;&otilde;es est&aacute; na realiza&ccedil;&atilde;o de eventos, como a Copa GP de Kart. Assim, seu apoio &eacute; sempre importante.<br \/>\n\t\t\t\t\t<br \/>\n\t\t\t\t\t<a href=\"https:\/\/grandepremium.grandepremio.com\/br\/assine\" target=\"_blank\" rel=\"noopener noreferrer\">Assine o GRANDE PREMIUM<\/a>: veja os planos e o que oferecem, tenha &agrave; disposi&ccedil;&atilde;o uma s&eacute;rie de benef&iacute;cios e experi&ecirc;ncias exclusivas, e fa&ccedil;a parte de um grupo especial, a Scuderia GP, com debate em alto n&iacute;vel.<\/div>\n<\/td>\n<\/tr>\n<\/tbody>\n<\/table>\n<p><\/p>\n","protected":false},"excerpt":{"rendered":"<p>Daniel Abt teve o v&iacute;nculo com a Audi suspenso ap&oacute;s o epis&oacute;dio do &uacute;ltimo s&aacute;bado (23), quando chamou um piloto profissional de eSports para ocupar seu lugar durante corrida virtual da F&oacute;rmula E. Contrato do alem&atilde;o expira em julho e n&atilde;o deve ser renovado<\/p>\n","protected":false},"author":0,"featured_media":0,"comment_status":"closed","ping_status":"closed","sticky":false,"template":"","format":"standard","meta":{"42wp_featured_image_caption":"","42wp_featured_image_credits":"","42wp_featured_video":"","42wp_featured_image_hidden":false,"42wp_authors_list":[],"footnotes":""},"categories":[19],"tags":[970,1862,403,377,379],"42wp_author":[47119],"class_list":["post-130232","post","type-post","status-publish","format-standard","hentry","category-formula-e","tag-audi","tag-daniel-abt","tag-esports","tag-frmula-e","tag-fe","42wp_author-gabriel-carvalho"],"_links":{"self":[{"href":"https:\/\/grandepremio.com\/br\/wp-json\/wp\/v2\/posts\/130232","targetHints":{"allow":["GET"]}}],"collection":[{"href":"https:\/\/grandepremio.com\/br\/wp-json\/wp\/v2\/posts"}],"about":[{"href":"https:\/\/grandepremio.com\/br\/wp-json\/wp\/v2\/types\/post"}],"replies":[{"embeddable":true,"href":"https:\/\/grandepremio.com\/br\/wp-json\/wp\/v2\/comments?post=130232"}],"version-history":[{"count":0,"href":"https:\/\/grandepremio.com\/br\/wp-json\/wp\/v2\/posts\/130232\/revisions"}],"wp:attachment":[{"href":"https:\/\/grandepremio.com\/br\/wp-json\/wp\/v2\/media?parent=130232"}],"wp:term":[{"taxonomy":"category","embeddable":true,"href":"https:\/\/grandepremio.com\/br\/wp-json\/wp\/v2\/categories?post=130232"},{"taxonomy":"post_tag","embeddable":true,"href":"https:\/\/grandepremio.com\/br\/wp-json\/wp\/v2\/tags?post=130232"},{"taxonomy":"42wp_author","embeddable":true,"href":"https:\/\/grandepremio.com\/br\/wp-json\/wp\/v2\/42wp_author?post=130232"}],"curies":[{"name":"wp","href":"https:\/\/api.w.org\/{rel}","templated":true}]}}