{"id":130330,"date":"2020-05-19T08:45:00","date_gmt":"2020-05-19T11:45:00","guid":{"rendered":"https:\/\/grandepremio.com\/br\/noticias\/gp-de-monaco-define-data-da-edicao-de-2021-uma-semana-antes-da-indy-500\/"},"modified":"2020-05-29T08:33:39","modified_gmt":"2020-05-29T11:33:39","slug":"gp-de-monaco-define-data-da-edicao-de-2021-uma-semana-antes-da-indy-500","status":"publish","type":"post","link":"https:\/\/grandepremio.com\/br\/f1\/gp-de-monaco-define-data-da-edicao-de-2021-uma-semana-antes-da-indy-500\/","title":{"rendered":"GP de M\u00f4naco define data da edi\u00e7\u00e3o de 2021 uma semana antes da Indy 500"},"content":{"rendered":"\n<div class=\"embed-responsive embed-responsive-16by9\">\n\t<\/div>\n<div>\n\tAinda que nem exista por enquanto uma pr&eacute;via do calend&aacute;rio da F1 para a pr&oacute;xima temporada, o Autom&oacute;vel Clube de M&ocirc;naco se antecipou e anunciou, nesta ter&ccedil;a-feira (19), a data do GP nas ruas do Principado, definindo o fim de semana entre 20 e 23 de maio para a realiza&ccedil;&atilde;o do evento.<br \/>\n\t<br \/>\n\tUma vez que as 500 Milhas de Indian&aacute;polis acontecem sempre no &uacute;ltimo domingo de maio &mdash; exceto quando cai no dia 31, como seria em 2020 &mdash;, vai ser a primeira vez desde 2010 que o GP de M&ocirc;naco &mdash; que naquele ano foi disputado em 16 de maio &mdash; e a Indy 500 v&atilde;o ser disputados em finais de semana diferentes. Entretanto, o Pole Day, a classifica&ccedil;&atilde;o para a prova em Indian&aacute;polis, costuma acontecer um fim de semana antes da corrida.<br \/>\n\t<br \/>\n\tA coincid&ecirc;ncia de datas entre GP de M&ocirc;naco e a Indy 500 nos &uacute;ltimos anos levou a um acontecimento &iacute;mpar em 2017. Bicampe&atilde;o mundial de F1, Fernando Alonso, ent&atilde;o piloto da McLaren e &agrave;s turras com a falta de competitividade com o conjunto carro-motor que tinha &agrave;s m&atilde;os, abriu m&atilde;o de competir em Monte Carlo para correr em Indian&aacute;polis pela alian&ccedil;a Andretti-McLaren-Honda. Quem disputou o GP de M&ocirc;naco no seu lugar foi Jenson Button. Em teoria, sem o conflito de datas, o calend&aacute;rio abre a possibilidade para que mais pilotos da F1 possam fazer a Indy 500 em 2021.<\/p>\n<div class=\"imagem-noticia\">\n\t\t<img decoding=\"async\" src=\"https:\/\/www.grandepremio.com\/br\/wp-content\/uploads\/2020\/05\/20195271053293_beto1456_II.jpg\" title=\"GP de M\u00f4naco de F1 (Foto: Beto Issa)\" \/><\/div>\n<div class=\"legenda-imagem\">\n\t\t#iconeimagem O GP de M&ocirc;naco de F1 j&aacute; tem data definida para a temporada 2021 (Foto: Beto Issa)<\/div>\n<\/div>\n<div>\n\tEm comunicado compartilhado nas redes sociais, o ACM anunciou a realiza&ccedil;&atilde;o de tr&ecirc;s GPs de M&ocirc;naco em 2021. &Eacute; que, al&eacute;m da F&oacute;rmula 1, o Principado vai receber tamb&eacute;m o GP hist&oacute;rico, que &eacute; disputado com carros antigos e cl&aacute;ssicos, e a etapa da F&oacute;rmula E. <strong><a href=\"https:\/\/www.grandepremio.com\/br\/f1\/noticias\/gp-de-monaco-e-cancelado-e-fica-fora-da-f1-pela-primeira-vez-em-66-anos\"><span style=\"color:#ff0000\">M&ocirc;naco teve de cancelar sua etapa do Mundial de F1 neste ano em raz&atilde;o das consequ&ecirc;ncias da pandemia do novo coronav&iacute;rus<\/span><\/a><\/strong>.<\/div>\n<div>\n\t&nbsp;<\/div>\n<div>\n\tO cronograma definido pelo Autom&oacute;vel Clube de M&ocirc;naco detalha que o GP hist&oacute;rico vai acontecer entre os dias 23 e 25 de abril. J&aacute; a etapa da F&oacute;rmula E em Monte Carlo est&aacute; prevista para duas semanas depois, 8 de maio.<\/div>\n<div>\n\t&nbsp;<\/div>\n<div>\n\tO an&uacute;ncio do GP de M&ocirc;naco de F1 para 23 de maio representa, assim, a primeira etapa da pr&oacute;xima temporada com data j&aacute; confirmada para o calend&aacute;rio do ano que vem.<\/div>\n<div>\n\t&nbsp;<\/div>\n<div>\n\tA organiza&ccedil;&atilde;o do evento revelou tamb&eacute;m que vai come&ccedil;ar a providenciar os preparativos para a instala&ccedil;&atilde;o das estruturas no entorno do circuito para o fim de fevereiro. Tamb&eacute;m como forma de se ajustar aos novos requisitos depois da pandemia.<\/div>\n<div>\n\t&nbsp;<\/div>\n<div>\n\t&ldquo;Organizar tr&ecirc;s corridas no espa&ccedil;o de um m&ecirc;s vai ser algo in&eacute;dito para todos n&oacute;s do ACM. O lado log&iacute;stico promete ser complexo, mas n&atilde;o imposs&iacute;vel de gerenciar. Por conta das novas restri&ccedil;&otilde;es, precisaremos come&ccedil;ar a configurar a pista mais cedo que o normal, no fim de fevereiro, ao inv&eacute;s de 15 de mar&ccedil;o&rdquo;, declarou Christian Tornatore, comiss&aacute;rio-geral do Autom&oacute;vel Clube de M&ocirc;naco.<\/div>\n<div>\n\t&nbsp;<\/div>\n<div>\n\t&ldquo;Em seguida, vamos cobrir os aspectos t&eacute;cnicos, dentro e fora da pista, exigidos para todas as categorias envolvidas. Para conseguir isso, contamos com a experi&ecirc;ncia e a flexibilidade de todas as pessoas envolvidas, com o prop&oacute;sito de alcan&ccedil;ar nossos objetivos&rdquo;, acrescentou.<\/div>\n<div>\n\t&nbsp;<\/div>\n<div>\n\tO comunicado tamb&eacute;m definiu a data do GP hist&oacute;rico de 2022, de 13 a 15 de maio. Considerando o espa&ccedil;o habitual de duas semanas entre um evento e outro, a perspectiva &eacute; que o GP de M&ocirc;naco de F1 deste ano vai acontecer entre 26 e 29 de maio.<\/div>\n<div class=\"embed-responsive embed-responsive-16by9\">\n\t<\/div>\n<p><\/p>\n<table bgcolor=\"#add8e6<\/p>\n<p>&#8221; border=&#8221;1&#8243; cellpadding=&#8221;1&#8243; cellspacing=&#8221;1&#8243; style=&#8221;width: 100%&#8221;><\/p>\n<tbody>\n<tr>\n<td>\n\t\t\t\t<span style=\"color:#000000\"><span style=\"font-size:18px\"><strong>Paddockast #61<br \/>\n\t\t\t\tVETTEL: ACERTOS, ERROS E&#8230; AZAR NA FERRARI<\/strong><\/span><\/span><br \/>\n\t\t\t\t<br \/>\n\t\t\t\tOu&ccedil;a: <a href=\"http:\/\/open.spotify.com\/show\/5OBbp8MzxQymoyneX4IviF?si=gYqPr53GSaa-AcxFpOzJHg\">Spotify<\/a> | <a href=\"http:\/\/podcasts.apple.com\/br\/podcast\/paddockast\/id1371540198\">iTunes<\/a> | <a href=\"http:\/\/www.subscribeonandroid.com\/www.central3.com.br\/category\/podcasts\/paddockast\/feed\/podcast\/\">Android<\/a> | <a href=\"http:\/\/player.fm\/series\/paddockast\">playerFM<\/a><\/td>\n<\/tr>\n<\/tbody>\n<\/table>\n<p><\/p>\n<table bgcolor=\"#E6E6E6\" border=\"0\" cellpadding=\"1\" cellspacing=\"1\" style=\"width: 100%\">\n<tbody>\n<tr>\n<td>\n<div>\n\t\t\t\t\t<b><span style=\"color:#FF0040\">Apoie o <strong> GRANDE PR&Ecirc;MIO<\/strong><\/span><\/b><span style=\"color:#FF0040\">: garanta o futuro do nosso jornalismo <\/span><br \/>\n\t\t\t\t\t<br \/>\n\t\t\t\t\tO<strong> GRANDE PR&Ecirc;MIO <\/strong>&eacute; a maior m&iacute;dia digital de esporte a motor do Brasil, na Am&eacute;rica Latina e em L&iacute;ngua Portuguesa, editorialmente independente. Nossa grande equipe produz conte&uacute;do di&aacute;rio e pensa em inova&ccedil;&otilde;es constantemente, e n&atilde;o s&oacute; na internet: uma das nossas atua&ccedil;&otilde;es est&aacute; na realiza&ccedil;&atilde;o de eventos, como a Copa GP de Kart. Assim, seu apoio &eacute; sempre importante.<br \/>\n\t\t\t\t\t<br \/>\n\t\t\t\t\t<a href=\"https:\/\/grandepremium.grandepremio.com\/br\/assine\" target=\"_blank\" rel=\"noopener noreferrer\">Assine o GRANDE PREMIUM<\/a>: veja os planos e o que oferecem, tenha &agrave; disposi&ccedil;&atilde;o uma s&eacute;rie de benef&iacute;cios e exper&ecirc;ncias exclusivas, e fa&ccedil;a parte de um grupo especial, a Scuderia GP, com debate em alto n&iacute;vel.<\/div>\n<\/td>\n<\/tr>\n<\/tbody>\n<\/table>\n<p><\/p>\n","protected":false},"excerpt":{"rendered":"<p>O Autom&oacute;vel Clube de M&ocirc;naco anunciou que o GP nas ruas do Principado vai ser disputado em 23 de maio de 2021, al&eacute;m de definir tamb&eacute;m os dias do GP de M&ocirc;naco hist&oacute;rico e da etapa da F&oacute;rmula E. Vai ser a primeira vez em 11 anos que a prova da F1 em Monte Carlo vai acontecer num fim de semana diferente das 500 Milhas de Indian&aacute;polis<\/p>\n","protected":false},"author":0,"featured_media":0,"comment_status":"closed","ping_status":"closed","sticky":false,"template":"","format":"standard","meta":{"42wp_featured_image_caption":"","42wp_featured_image_credits":"","42wp_featured_video":"","42wp_featured_image_hidden":false,"42wp_authors_list":[],"footnotes":""},"categories":[2],"tags":[147,118,219,1248,93,220],"42wp_author":[47109],"class_list":["post-130330","post","type-post","status-publish","format-standard","hentry","category-f1","tag-f1","tag-f1-2020","tag-grande-prmio","tag-indianpolis","tag-indy","tag-warm-up","42wp_author-redacao-gp"],"_links":{"self":[{"href":"https:\/\/grandepremio.com\/br\/wp-json\/wp\/v2\/posts\/130330","targetHints":{"allow":["GET"]}}],"collection":[{"href":"https:\/\/grandepremio.com\/br\/wp-json\/wp\/v2\/posts"}],"about":[{"href":"https:\/\/grandepremio.com\/br\/wp-json\/wp\/v2\/types\/post"}],"replies":[{"embeddable":true,"href":"https:\/\/grandepremio.com\/br\/wp-json\/wp\/v2\/comments?post=130330"}],"version-history":[{"count":0,"href":"https:\/\/grandepremio.com\/br\/wp-json\/wp\/v2\/posts\/130330\/revisions"}],"wp:attachment":[{"href":"https:\/\/grandepremio.com\/br\/wp-json\/wp\/v2\/media?parent=130330"}],"wp:term":[{"taxonomy":"category","embeddable":true,"href":"https:\/\/grandepremio.com\/br\/wp-json\/wp\/v2\/categories?post=130330"},{"taxonomy":"post_tag","embeddable":true,"href":"https:\/\/grandepremio.com\/br\/wp-json\/wp\/v2\/tags?post=130330"},{"taxonomy":"42wp_author","embeddable":true,"href":"https:\/\/grandepremio.com\/br\/wp-json\/wp\/v2\/42wp_author?post=130330"}],"curies":[{"name":"wp","href":"https:\/\/api.w.org\/{rel}","templated":true}]}}